{"id":346706,"date":"2025-05-25T13:02:44","date_gmt":"2025-05-25T12:02:44","guid":{"rendered":"https:\/\/zakrasnejsivimperk.cz\/?p=346706"},"modified":"2025-05-25T13:02:44","modified_gmt":"2025-05-25T12:02:44","slug":"aktuality-ministr-pro-mistni-rozvoj-ocenil-jedenact-inspirativnich-pamatek","status":"publish","type":"post","link":"https:\/\/zakrasnejsivimperk.cz\/?p=346706","title":{"rendered":"AKTUALITY: Ministr pro m\u00edstn\u00ed rozvoj ocenil jeden\u00e1ct inspirativn\u00edch pam\u00e1tek"},"content":{"rendered":"<p><img loading=\"lazy\" decoding=\"async\" class=\"aligncenter wp-image-303382 size-full\" src=\"https:\/\/zakrasnejsivimperk.cz\/wp-content\/uploads\/2024\/04\/08\/mmr-logo.jpg\" alt=\"\" width=\"474\" height=\"110\" srcset=\"https:\/\/zakrasnejsivimperk.cz\/wp-content\/uploads\/2024\/04\/08\/mmr-logo.jpg 474w, https:\/\/zakrasnejsivimperk.cz\/wp-content\/uploads\/2024\/04\/08\/mmr-logo-300x70.jpg 300w\" sizes=\"(max-width: 474px) 100vw, 474px\" \/><\/p>\n<p>&nbsp;<\/p>\n<div class=\"col-12 col-md-8\">\n<h6 class=\"text-bold\">Ministr pro m\u00edstn\u00ed rozvoj Petr Kulh\u00e1nek poprv\u00e9 ocenil inspirativn\u00ed \u010desk\u00e9 pam\u00e1tky, a to ve dvou kategori\u00edch. Prvn\u00ed z nich byla zam\u011b\u0159ena na atraktivn\u00ed zimn\u00ed program a rozvoj cestovn\u00edho ruchu, druh\u00e1 na ekonomickou udr\u017eitelnost a celoro\u010dn\u00ed p\u0159\u00edstupnost. Mimo\u0159\u00e1dn\u00e9 ocen\u011bn\u00ed potom z\u00edskali majitel\u00e9 Nov\u00e9ho z\u00e1mku Lib\u011bjovice. C\u00edlem je ocenit spr\u00e1vce a majitele \u010desk\u00fdch pam\u00e1tek za jejich aktivitu a p\u0159\u00ednos k rozvoji lok\u00e1ln\u00edho cestovn\u00edho ruchu.<\/h6>\n<div class=\"common-link\">Za atraktivn\u00ed zimn\u00ed program a rozvoj cestovn\u00edho ruchu byly ocen\u011bny z\u00e1mky Blatn\u00e1, Lou\u010de\u0148 a N\u00e1m\u011b\u0161\u0165 na Han\u00e9, hrad Loket a d\u00e1le hrad a z\u00e1mek Star\u00e9 Hrady. V\u0161ech p\u011bt pam\u00e1tek spojuje celoro\u010dn\u00ed doba jejich provozu, a t\u00edm p\u00e1dem i p\u0159\u00ednos pro lok\u00e1ln\u00ed ekonomiku v obdob\u00ed mimo hlavn\u00ed turistickou sezonu. Konkr\u00e9tn\u011b z\u00e1mek Blatn\u00e1 l\u00e1k\u00e1 nap\u0159\u00edklad na adventn\u00ed trhy, tematick\u00e9 prohl\u00eddky nebo koncerty. U z\u00e1mku Lou\u010de\u0148 to potom je nap\u0159\u00edklad v\u00fdstava v\u00e1no\u010dn\u00edch strome\u010dk\u016f nebo nejv\u011bt\u0161\u00ed adventn\u00ed v\u011bnec v \u010cesku. Hrad Loket zve mj. na Svatomartinsk\u00e9 slavnosti s d\u011btsk\u00fdm lampionov\u00fdm pr\u016fvodem nebo v\u00fdstavu Kru\u0161nohorsk\u00e9 V\u00e1noce doprov\u00e1zenou v\u00e1no\u010dn\u00edmi trhy. Hrad a z\u00e1mek Star\u00e9 Hrady se v zim\u011b zam\u011b\u0159uje p\u0159edev\u0161\u00edm na d\u011btsk\u00e9 n\u00e1v\u0161t\u011bvn\u00edky. Pro ty nab\u00edz\u00ed program nazvan\u00fd Zimn\u00ed dra\u010d\u00ed \u010darod\u011bjn\u00e9 poh\u00e1dkov\u00e9 prohl\u00eddky. Z\u00e1mek N\u00e1m\u011b\u0161\u0165 na Han\u00e9 pro d\u011btsk\u00e9 n\u00e1v\u0161t\u011bvn\u00edky organizuje akci Kouzlo adventu, v\u0161echny c\u00edlov\u00e9 skupiny pak mohou nav\u0161t\u00edvit mj. ud\u00e1lost Kouzlo adventu.<\/p>\n<p>Ocen\u011bn\u00ed v kategorii ekonomick\u00e9 udr\u017eitelnosti a celoro\u010dn\u00ed p\u0159\u00edstupnosti pak z\u00edskaly z\u00e1mky Litomy\u0161l a \u010cerven\u00fd Hr\u00e1dek, vila Stiassni, Doln\u00ed V\u00edtkovice a Hornick\u00e9 muzeum Landek a Tov\u00e1rna V\u00edr. St\u00e1tn\u00ed z\u00e1mek Litomy\u0161l je velmi dob\u0159e p\u0159\u00edstupn\u00fd i pro n\u00e1v\u0161t\u011bvn\u00edky se specifick\u00fdmi pot\u0159ebami. Sv\u016fj celoro\u010dn\u00ed chod pak zvl\u00e1dl zachovat i p\u0159es rozs\u00e1hlou rekonstrukci objektu. Vila Stiassni je krom\u011b sv\u00fdch prohl\u00eddkov\u00fdch okruh\u016f celoro\u010dn\u011b dostupn\u00e1 tak\u00e9 k pron\u00e1jmu pro svatby, konference nebo jin\u00e9 spole\u010densk\u00e9 ud\u00e1losti. Are\u00e1l Doln\u00ed oblasti V\u00edtkovic nab\u00edz\u00ed \u0161irokou \u0161k\u00e1lu slu\u017eeb pro n\u00e1v\u0161t\u011bvn\u00edky v\u010d. infocentra a \u0159ady kav\u00e1ren a restaurac\u00ed v\u010d. mo\u017enosti ubytov\u00e1n\u00ed. Doln\u00ed oblast V\u00edtkovic i Hornick\u00e9 muzeum Landek jsou otev\u0159eny celoro\u010dn\u011b. Rovn\u011b\u017e po cel\u00fd rok dostupn\u00fd z\u00e1mek \u010cerven\u00fd Hr\u00e1dek slou\u017e\u00ed jako restaurace, wellness i hotel. Pravideln\u011b se zde po\u0159\u00e1daj\u00ed r\u016fzn\u00e9 akce jako svatby \u010di firemn\u00ed akce. Tov\u00e1rna V\u00edr slou\u017e\u00ed jako hospoda, kant\u00fdna i z\u00e1zem\u00ed pro meetingy \u010di konference, stejn\u011b jako hotel. V jej\u00edm okol\u00ed se nach\u00e1z\u00ed uhelna s industri\u00e1ln\u00ed ferratou a farma produkuj\u00edc\u00ed potraviny pro vlastn\u00ed pot\u0159ebu.<\/p>\n<p>Mimo\u0159\u00e1dnou pozornost a ocen\u011bn\u00ed nad r\u00e1mec dvou z\u00e1kladn\u00edch kategori\u00ed si odnesl Nov\u00fd z\u00e1mek Lib\u011bjovice. Ten p\u0159ed t\u0159emi lety koupil mlad\u00fd p\u00e1r a od t\u00e9 doby ho \u201esv\u00e9pomoc\u00ed\u201d rekonstruuje. Za t\u00edmto \u00fa\u010delem m\u00e1 dlouhodob\u011b otev\u0159enou sb\u00edrku a pravideln\u011b organizuje dobrovoln\u00e9 brig\u00e1dy, kter\u00fdch se \u00fa\u010dastn\u00ed p\u0159edev\u0161\u00edm obyvatel\u00e9 Lib\u011bjovic. Loni v l\u00e9t\u011b se zde konala tak\u00e9 prvn\u00ed velk\u00e1 akce \u2013 1. Lib\u011bjovick\u00fd hudebn\u00ed festival, jeho\u017e v\u00fdt\u011b\u017eek \u0161el na opravu z\u00e1mku.\u00a0<em>\u201eV \u010cesku m\u00e1me mnoho pam\u00e1tek, kde s koncem \u0159\u00edjna zav\u0159ou a pot\u00e9 se v nich a\u017e do dubna nic ned\u011bje \u2013 to je samoz\u0159ejm\u011b velk\u00e1 \u0161koda. Proto jsme se rozhodli ocenit m\u00edsta, kter\u00e1 maj\u00ed sez\u00f3nu celoro\u010dn\u011b. Nejde o to, aby dostala diplom, ale uk\u00e1zat, \u017ee to jde. A p\u0159edev\u0161\u00edm chceme dostat na v\u0161echna tato kr\u00e1sn\u00e1 a pozoruhodn\u00e1 m\u00edsta n\u00e1v\u0161t\u011bvn\u00edky. Znamenaj\u00ed p\u0159\u00ednos pro celou m\u00edstn\u00ed ekonomiku, nejenom pro konkr\u00e9tn\u00ed pam\u00e1tky,\u201d<\/em>\u00a0\u0159ekl ministr pro m\u00edstn\u00ed rozvoj Petr Kulh\u00e1nek.<\/p>\n<p><em>\u201ePam\u00e1tky obecn\u011b pat\u0159\u00ed v \u010cesku mezi hlavn\u00ed tahouny. Cestuj\u00ed za nimi jak dom\u00e1c\u00ed n\u00e1v\u0161t\u011bvn\u00edci, tak turist\u00e9 ze zahrani\u010d\u00ed. Ocen\u011bn\u00ed projekt\u016f, kter\u00e9 dok\u00e1\u017eou p\u0159it\u00e1hnout n\u00e1v\u0161t\u011bvn\u00edky i mimo hlavn\u00ed sez\u00f3nu, je ur\u010dit\u011b skv\u011bl\u00fdm krokem. Celoro\u010dn\u00ed p\u0159\u00edstupnost, zaj\u00edmav\u00fd program a propojen\u00ed s m\u00edstn\u00ed komunitou pom\u00e1haj\u00ed nejen udr\u017eet kulturn\u00ed d\u011bdictv\u00ed \u017eiv\u00e9, ale z\u00e1rove\u0148 podporuj\u00ed rozvoj region\u016f a zvy\u0161uj\u00ed ekonomick\u00fd p\u0159\u00ednos cestovn\u00edho ruchu v dan\u00e9 lokalit\u011b po cel\u00fd rok. Ocen\u011bn\u00e9 objekty tak mohou b\u00fdt vzorem pro provozovatele dal\u0161\u00edch turistick\u00fdch c\u00edl\u016f,\u201c<\/em>\u00a0uzav\u00edr\u00e1 \u0159editel \u010cesk\u00e9 centr\u00e1ly cestovn\u00edho ruchu \u2013 CzechTourism Franti\u0161ek Reism\u00fcller.<\/div>\n<\/div>\n<p><strong>(tz-mmr)<\/strong><\/p>\n<hr \/>\n<p>&nbsp;<\/p>\n","protected":false},"excerpt":{"rendered":"<p>&nbsp; Ministr <\/p>\n","protected":false},"author":2,"featured_media":346707,"comment_status":"open","ping_status":"open","sticky":false,"template":"","format":"gallery","meta":{"footnotes":""},"categories":[79],"tags":[],"jetpack_featured_media_url":"https:\/\/zakrasnejsivimperk.cz\/wp-content\/uploads\/2025\/05\/25\/nove-mmr.jpg","_links":{"self":[{"href":"https:\/\/zakrasnejsivimperk.cz\/index.php?rest_route=\/wp\/v2\/posts\/346706"}],"collection":[{"href":"https:\/\/zakrasnejsivimperk.cz\/index.php?rest_route=\/wp\/v2\/posts"}],"about":[{"href":"https:\/\/zakrasnejsivimperk.cz\/index.php?rest_route=\/wp\/v2\/types\/post"}],"author":[{"embeddable":true,"href":"https:\/\/zakrasnejsivimperk.cz\/index.php?rest_route=\/wp\/v2\/users\/2"}],"replies":[{"embeddable":true,"href":"https:\/\/zakrasnejsivimperk.cz\/index.php?rest_route=%2Fwp%2Fv2%2Fcomments&post=346706"}],"version-history":[{"count":1,"href":"https:\/\/zakrasnejsivimperk.cz\/index.php?rest_route=\/wp\/v2\/posts\/346706\/revisions"}],"predecessor-version":[{"id":346708,"href":"https:\/\/zakrasnejsivimperk.cz\/index.php?rest_route=\/wp\/v2\/posts\/346706\/revisions\/346708"}],"wp:featuredmedia":[{"embeddable":true,"href":"https:\/\/zakrasnejsivimperk.cz\/index.php?rest_route=\/wp\/v2\/media\/346707"}],"wp:attachment":[{"href":"https:\/\/zakrasnejsivimperk.cz\/index.php?rest_route=%2Fwp%2Fv2%2Fmedia&parent=346706"}],"wp:term":[{"taxonomy":"category","embeddable":true,"href":"https:\/\/zakrasnejsivimperk.cz\/index.php?rest_route=%2Fwp%2Fv2%2Fcategories&post=346706"},{"taxonomy":"post_tag","embeddable":true,"href":"https:\/\/zakrasnejsivimperk.cz\/index.php?rest_route=%2Fwp%2Fv2%2Ftags&post=346706"}],"curies":[{"name":"wp","href":"https:\/\/api.w.org\/{rel}","templated":true}]}}