{"id":345750,"date":"2025-05-14T21:43:41","date_gmt":"2025-05-14T20:43:41","guid":{"rendered":"https:\/\/zakrasnejsivimperk.cz\/?p=345750"},"modified":"2025-05-14T21:44:11","modified_gmt":"2025-05-14T20:44:11","slug":"jizni-cechy-v-sobotu-17-kvetna-vyjedou-cyklobusy-v-provozu-budou-az-do-12-rijna","status":"publish","type":"post","link":"https:\/\/zakrasnejsivimperk.cz\/?p=345750","title":{"rendered":"JI\u017dN\u00cd \u010cECHY: V sobotu 17. kv\u011btna vyjedou cyklobusy, v provozu budou do 12. \u0159\u00edjna"},"content":{"rendered":"<p><img loading=\"lazy\" decoding=\"async\" class=\"aligncenter wp-image-345752 size-full\" src=\"https:\/\/zakrasnejsivimperk.cz\/wp-content\/uploads\/2025\/05\/14\/cyklobusy-2.jpg\" alt=\"\" width=\"1276\" height=\"601\" srcset=\"https:\/\/zakrasnejsivimperk.cz\/wp-content\/uploads\/2025\/05\/14\/cyklobusy-2.jpg 1276w, https:\/\/zakrasnejsivimperk.cz\/wp-content\/uploads\/2025\/05\/14\/cyklobusy-2-300x141.jpg 300w, https:\/\/zakrasnejsivimperk.cz\/wp-content\/uploads\/2025\/05\/14\/cyklobusy-2-1024x482.jpg 1024w, https:\/\/zakrasnejsivimperk.cz\/wp-content\/uploads\/2025\/05\/14\/cyklobusy-2-768x362.jpg 768w, https:\/\/zakrasnejsivimperk.cz\/wp-content\/uploads\/2025\/05\/14\/cyklobusy-2-758x357.jpg 758w, https:\/\/zakrasnejsivimperk.cz\/wp-content\/uploads\/2025\/05\/14\/cyklobusy-2-1025x483.jpg 1025w\" sizes=\"(max-width: 1276px) 100vw, 1276px\" \/><\/p>\n<p>&nbsp;<\/p>\n<h6>Milovn\u00edci cykloturistiky se mohou i letos t\u011b\u0161it na obl\u00edben\u00e9 Jiho\u010desk\u00e9 cyklobusy, kter\u00e9 vyjedou do ter\u00e9nu ji\u017e v sobotu 17. kv\u011btna. V provozu budou a\u017e do 12. \u0159\u00edjna a nab\u00eddnou spojen\u00ed na 11 link\u00e1ch nap\u0159\u00ed\u010d regionem i do okoln\u00edch kraj\u016f a p\u0159eshrani\u010dn\u00edch oblast\u00ed.<\/h6>\n<p><img loading=\"lazy\" decoding=\"async\" class=\"size-medium wp-image-335946 alignright\" src=\"https:\/\/zakrasnejsivimperk.cz\/wp-content\/uploads\/2025\/01\/31\/jihocesky-kraj-logo-300x86.jpg\" alt=\"\" width=\"300\" height=\"86\" srcset=\"https:\/\/zakrasnejsivimperk.cz\/wp-content\/uploads\/2025\/01\/31\/jihocesky-kraj-logo-300x86.jpg 300w, https:\/\/zakrasnejsivimperk.cz\/wp-content\/uploads\/2025\/01\/31\/jihocesky-kraj-logo-1024x295.jpg 1024w, https:\/\/zakrasnejsivimperk.cz\/wp-content\/uploads\/2025\/01\/31\/jihocesky-kraj-logo-768x221.jpg 768w, https:\/\/zakrasnejsivimperk.cz\/wp-content\/uploads\/2025\/01\/31\/jihocesky-kraj-logo.jpg 1100w\" sizes=\"(max-width: 300px) 100vw, 300px\" \/>S\u00ed\u0165 cyklobus\u016f umo\u017e\u0148uje pohodlnou p\u0159epravu cyklist\u016f i s koly do atraktivn\u00edch lokalit, odkud se lze vydat na v\u00fdlety po zna\u010den\u00fdch cyklostezk\u00e1ch. Trasy jsou navr\u017eeny tak, aby pokr\u00fdvaly nejen turisticky obl\u00edben\u00e9 oblasti, jako je \u0160umava, Novohradsk\u00e9 hory, Lipensko nebo T\u0159ebo\u0148sko, ale tak\u00e9 m\u00e9n\u011b zn\u00e1m\u00e1 m\u00edsta vhodn\u00e1 pro cyklisty v\u0161ech \u00farovn\u00ed.<\/p>\n<p><em>\u201eJiho\u010desk\u00e9 cyklobusy se staly neodmyslitelnou sou\u010d\u00e1st\u00ed letn\u00ed turistick\u00e9 sezony v kraji. Letos pokra\u010dujeme v roz\u0161\u00ed\u0159en\u00e9m provozu 11 linek, kter\u00e9 nab\u00eddnou lep\u0161\u00ed dostupnost i v\u00edce kombinac\u00ed pro cyklistick\u00e9 v\u00fdlety,<\/em>\u201c uv\u00e1d\u00ed Ji\u0159\u00ed Kafka, jednatel Jiho\u010desk\u00e9ho koordin\u00e1tora dopravy.<\/p>\n<p><strong>D\u016fle\u017eit\u00e9 informace:<\/strong><\/p>\n<ul>\n<li>Term\u00edn provozu: 17. kv\u011btna \u2013 12. \u0159\u00edjna 2025<\/li>\n<li>Po\u010det linek: 11<\/li>\n<li>P\u0159eprava kol: Zaji\u0161t\u011bna vleky nebo speci\u00e1ln\u00edmi dr\u017e\u00e1ky na z\u00e1dech autobus\u016f \u2013 kapacita se li\u0161\u00ed dle linky<\/li>\n<li>Spoje: V\u011bt\u0161ina linek vyj\u00ed\u017ed\u00ed o v\u00edkendech, v\u00a0obdob\u00ed letn\u00edch pr\u00e1zdnin n\u011bkter\u00e9 i ve v\u0161edn\u00ed dny<\/li>\n<\/ul>\n<p>Podrobn\u00e9 j\u00edzdn\u00ed \u0159\u00e1dy, trasy a informace o p\u0159eprav\u011b j\u00edzdn\u00edch kol jsou k dispozici na webov\u00fdch str\u00e1nk\u00e1ch\u00a0<strong><a href=\"http:\/\/www.jihoceskajizdenka.cz\/cyklobusy\" target=\"_blank\" rel=\"noopener\">www.jihoceskajizdenka.cz\/cyklobusy<\/a><\/strong><\/p>\n<p>P\u0159ipravte si kola a vydejte se objevovat kr\u00e1sy ji\u017en\u00edch \u010cech. Jiho\u010desk\u00e9 cyklobusy jsou tu op\u011bt pro v\u00e1s!<\/p>\n<p>&nbsp;<\/p>\n<p><strong>Text a foto: (tz-j\u010d)<\/strong><\/p>\n<p>&nbsp;<\/p>\n<p><img loading=\"lazy\" decoding=\"async\" class=\"aligncenter wp-image-345753 size-full\" src=\"https:\/\/zakrasnejsivimperk.cz\/wp-content\/uploads\/2025\/05\/14\/cyklobusy-3.jpg\" alt=\"\" width=\"1214\" height=\"911\" srcset=\"https:\/\/zakrasnejsivimperk.cz\/wp-content\/uploads\/2025\/05\/14\/cyklobusy-3.jpg 1214w, https:\/\/zakrasnejsivimperk.cz\/wp-content\/uploads\/2025\/05\/14\/cyklobusy-3-300x225.jpg 300w, https:\/\/zakrasnejsivimperk.cz\/wp-content\/uploads\/2025\/05\/14\/cyklobusy-3-1024x768.jpg 1024w, https:\/\/zakrasnejsivimperk.cz\/wp-content\/uploads\/2025\/05\/14\/cyklobusy-3-768x576.jpg 768w, https:\/\/zakrasnejsivimperk.cz\/wp-content\/uploads\/2025\/05\/14\/cyklobusy-3-476x357.jpg 476w, https:\/\/zakrasnejsivimperk.cz\/wp-content\/uploads\/2025\/05\/14\/cyklobusy-3-644x483.jpg 644w\" sizes=\"(max-width: 1214px) 100vw, 1214px\" \/><\/p>\n<p>&nbsp;<\/p>\n<p><img loading=\"lazy\" decoding=\"async\" class=\"aligncenter wp-image-345751 size-full\" src=\"https:\/\/zakrasnejsivimperk.cz\/wp-content\/uploads\/2025\/05\/14\/cyklobusy-1.jpg\" alt=\"\" width=\"1213\" height=\"911\" srcset=\"https:\/\/zakrasnejsivimperk.cz\/wp-content\/uploads\/2025\/05\/14\/cyklobusy-1.jpg 1213w, https:\/\/zakrasnejsivimperk.cz\/wp-content\/uploads\/2025\/05\/14\/cyklobusy-1-300x225.jpg 300w, https:\/\/zakrasnejsivimperk.cz\/wp-content\/uploads\/2025\/05\/14\/cyklobusy-1-1024x769.jpg 1024w, https:\/\/zakrasnejsivimperk.cz\/wp-content\/uploads\/2025\/05\/14\/cyklobusy-1-768x577.jpg 768w, https:\/\/zakrasnejsivimperk.cz\/wp-content\/uploads\/2025\/05\/14\/cyklobusy-1-475x357.jpg 475w, https:\/\/zakrasnejsivimperk.cz\/wp-content\/uploads\/2025\/05\/14\/cyklobusy-1-643x483.jpg 643w\" sizes=\"(max-width: 1213px) 100vw, 1213px\" \/><\/p>\n<hr \/>\n<p>&nbsp;<\/p>\n","protected":false},"excerpt":{"rendered":"<p>&nbsp; Milovn\u00edci <\/p>\n","protected":false},"author":2,"featured_media":345752,"comment_status":"open","ping_status":"open","sticky":false,"template":"","format":"gallery","meta":{"footnotes":""},"categories":[69],"tags":[],"jetpack_featured_media_url":"https:\/\/zakrasnejsivimperk.cz\/wp-content\/uploads\/2025\/05\/14\/cyklobusy-2.jpg","_links":{"self":[{"href":"https:\/\/zakrasnejsivimperk.cz\/index.php?rest_route=\/wp\/v2\/posts\/345750"}],"collection":[{"href":"https:\/\/zakrasnejsivimperk.cz\/index.php?rest_route=\/wp\/v2\/posts"}],"about":[{"href":"https:\/\/zakrasnejsivimperk.cz\/index.php?rest_route=\/wp\/v2\/types\/post"}],"author":[{"embeddable":true,"href":"https:\/\/zakrasnejsivimperk.cz\/index.php?rest_route=\/wp\/v2\/users\/2"}],"replies":[{"embeddable":true,"href":"https:\/\/zakrasnejsivimperk.cz\/index.php?rest_route=%2Fwp%2Fv2%2Fcomments&post=345750"}],"version-history":[{"count":2,"href":"https:\/\/zakrasnejsivimperk.cz\/index.php?rest_route=\/wp\/v2\/posts\/345750\/revisions"}],"predecessor-version":[{"id":345755,"href":"https:\/\/zakrasnejsivimperk.cz\/index.php?rest_route=\/wp\/v2\/posts\/345750\/revisions\/345755"}],"wp:featuredmedia":[{"embeddable":true,"href":"https:\/\/zakrasnejsivimperk.cz\/index.php?rest_route=\/wp\/v2\/media\/345752"}],"wp:attachment":[{"href":"https:\/\/zakrasnejsivimperk.cz\/index.php?rest_route=%2Fwp%2Fv2%2Fmedia&parent=345750"}],"wp:term":[{"taxonomy":"category","embeddable":true,"href":"https:\/\/zakrasnejsivimperk.cz\/index.php?rest_route=%2Fwp%2Fv2%2Fcategories&post=345750"},{"taxonomy":"post_tag","embeddable":true,"href":"https:\/\/zakrasnejsivimperk.cz\/index.php?rest_route=%2Fwp%2Fv2%2Ftags&post=345750"}],"curies":[{"name":"wp","href":"https:\/\/api.w.org\/{rel}","templated":true}]}}