{"id":345147,"date":"2025-06-14T18:29:58","date_gmt":"2025-06-14T17:29:58","guid":{"rendered":"https:\/\/zakrasnejsivimperk.cz\/?p=345147"},"modified":"2025-06-14T18:29:58","modified_gmt":"2025-06-14T17:29:58","slug":"stara-sumava-a-posumavi-prasilske-jezero","status":"publish","type":"post","link":"https:\/\/zakrasnejsivimperk.cz\/?p=345147","title":{"rendered":"STAR\u00c1 \u0160UMAVA A PO\u0160UMAV\u00cd: Pr\u00e1\u0161ilsk\u00e9 jezero"},"content":{"rendered":"<p><img loading=\"lazy\" decoding=\"async\" class=\"aligncenter wp-image-345149 size-full\" src=\"https:\/\/zakrasnejsivimperk.cz\/wp-content\/uploads\/2025\/05\/08\/PRASILSKE-JEZERO-xxxxx.jpg\" alt=\"\" width=\"2048\" height=\"1385\" srcset=\"https:\/\/zakrasnejsivimperk.cz\/wp-content\/uploads\/2025\/05\/08\/PRASILSKE-JEZERO-xxxxx.jpg 2048w, https:\/\/zakrasnejsivimperk.cz\/wp-content\/uploads\/2025\/05\/08\/PRASILSKE-JEZERO-xxxxx-300x203.jpg 300w, https:\/\/zakrasnejsivimperk.cz\/wp-content\/uploads\/2025\/05\/08\/PRASILSKE-JEZERO-xxxxx-1024x693.jpg 1024w, https:\/\/zakrasnejsivimperk.cz\/wp-content\/uploads\/2025\/05\/08\/PRASILSKE-JEZERO-xxxxx-768x519.jpg 768w, https:\/\/zakrasnejsivimperk.cz\/wp-content\/uploads\/2025\/05\/08\/PRASILSKE-JEZERO-xxxxx-1536x1039.jpg 1536w, https:\/\/zakrasnejsivimperk.cz\/wp-content\/uploads\/2025\/05\/08\/PRASILSKE-JEZERO-xxxxx-528x357.jpg 528w, https:\/\/zakrasnejsivimperk.cz\/wp-content\/uploads\/2025\/05\/08\/PRASILSKE-JEZERO-xxxxx-714x483.jpg 714w\" sizes=\"(max-width: 2048px) 100vw, 2048px\" \/><\/p>\n<p>&nbsp;<\/p>\n<p><em>Tak tich\u00e1 voda, hlubok\u00e1 a k smrti smutn\u00e1.<\/em><br \/>\n<em>Les kolem tich\u00fd, temn\u00fd a jak myrta rmutn\u00e1,<\/em><br \/>\n<em>b\u0159eh zad\u0159\u00edml\u00fd a po n\u011bm jen mech roste hn\u011bd\u00fd,<\/em><br \/>\n<em>a je-li v mechu kv\u011bt, je jako z vosku bled\u00fd.<\/em> <strong>(Jan Neruda)<\/strong><\/p>\n<h6>\nRomantick\u00e9 p\u0159edstavy o kr\u00e1s\u00e1ch \u0160umavy se u n\u00e1s roz\u0161\u00ed\u0159ily d\u00edky na\u0161im obrozenc\u016fm v 19. stolet\u00ed a p\u0159es v\u0161echny civiliza\u010dn\u00ed, spole\u010densk\u00e9 a technick\u00e9 zm\u011bny z\u016fst\u00e1vaj\u00ed dodnes pr\u00e1v\u011b \u0161umavsk\u00e1 jezera t\u00e9m\u011b\u0159 poutn\u00edmi m\u00edsty, kam \u010dlov\u011bk p\u0159ich\u00e1z\u00ed s respektem a \u00factou. Snad je to tou zvl\u00e1\u0161tn\u00ed velebnou atmosf\u00e9rou hlubok\u00fdch les\u016f a okoln\u00edch skal, snad onou tichou osamocenost\u00ed jezer, kterou Neruda tak intenzivn\u011b vn\u00edmal.<\/h6>\n<p>\u0160umava p\u0159edstavuje na\u0161i jedinou opravdovou jezern\u00ed oblast. Na \u010desk\u00e9 stran\u011b lze spat\u0159it hned p\u011bt t\u011bchto poz\u016fstatk\u016f ledovcov\u00e9ho t\u00e1n\u00ed z dob \u010dtvrtohor, kter\u00e9 jsou nyn\u00ed velmi obl\u00edbenou turistickou atrakc\u00ed. V\u0161echna jezera se nach\u00e1z\u00ed v nadmo\u0159sk\u00e9 v\u00fd\u0161ce kolem 1 000 metr\u016f nad mo\u0159em a svou podmanivou atmosf\u00e9rou, v na\u0161ich kraj\u00edch p\u0159ece jen pon\u011bkud nezvyklou, p\u0159itahuj\u00ed pozornost v\u011bt\u0161iny n\u00e1v\u0161t\u011bvn\u00edk\u016f poho\u0159\u00ed.<\/p>\n<p>Ve vod\u00e1ch nebesky jasn\u00fdch odr\u00e1\u017e\u00ed se sv\u011btla a st\u00edny korun smrk\u016f a jedl\u00ed, s prostory mezi nimi vzdu\u0161nou ultrafialovost\u00ed napln\u011bn\u00fdmi, jako\u017e i prosv\u00edtaj\u00edc\u00ed obraz skal a p\u016fdy nezalesn\u011bn\u00e9, z n\u00ed\u017e ob\u010das ude\u0159\u00ed n\u00e1s \u010derven\u011b a violety str\u017e\u00ed \u010di zem\u011b v\u00fdvraty obna\u017een\u00e9. Rozervan\u00e1 a vyprahl\u00e1 sk\u00e1la tu i onde zbaven\u00e1 zelen\u00e9ho porostu bije v o\u010di, usmi\u0159uj\u00edc\u00ed je v z\u00e1p\u011bt\u00ed pozorov\u00e1n\u00edm p\u0159ech\u00e1zej\u00edc\u00edho les\u016f temena v b\u00e1\u0148 oblohy, houpaj\u00edc\u00ed se stejnom\u011brn\u011b u na\u0161ich nohou s odrazy zelen\u00e9ho chlumu. Ka\u017ed\u00e9 ze \u0161umavsk\u00fdch jezer m\u00e1 sv\u016fj p\u016fvab a ka\u017ed\u00e9 m\u00e1 sv\u00e9 osobit\u00e9 znaky, jimi\u017e se li\u0161\u00ed od ostatn\u00edch. Jedno v\u0161ak maj\u00ed spole\u010dn\u00e9 \u2013 jsou temn\u00fdmi perlami uprost\u0159ed \u0161umavsk\u00fdch hvozd\u016f a jejich n\u00e1v\u0161t\u011bva je v\u017edy mimo\u0159\u00e1dn\u00fdm z\u00e1\u017eitkem.<\/p>\n<p>\u0160umavsk\u00e1 horsk\u00e1 jezera maj\u00ed oproti t\u011bm alpsk\u00fdm charakter podstatn\u011b rozd\u00edln\u00fd. Zat\u00edmco jezera v Alp\u00e1ch vykazuj\u00ed v p\u0159ev\u00e1\u017en\u00e9 v\u011bt\u0161in\u011b modr\u00e9 zbarven\u00ed sv\u00e9 hladiny, jsou ta \u0161umavsk\u00e1 vesm\u011bs tmav\u00e9 barvy, hraj\u00edc\u00ed \u010dasto a\u017e do \u0161erav\u00e9 \u010derni. Romantick\u00e9 p\u0159edstavy o kr\u00e1s\u00e1ch \u0160umavy se u n\u00e1s roz\u0161\u00ed\u0159ily d\u00edky na\u0161im obrozenc\u016fm v 19. stolet\u00ed a p\u0159es v\u0161echny civiliza\u010dn\u00ed, spole\u010densk\u00e9 a technick\u00e9 zm\u011bny z\u016fst\u00e1vaj\u00ed dodnes pr\u00e1v\u011b \u0161umavsk\u00e1 jezera t\u00e9m\u011b\u0159 poutn\u00edmi m\u00edsty, kam \u010dlov\u011bk p\u0159ich\u00e1z\u00ed s respektem a \u00factou. Snad je to tou zvl\u00e1\u0161tn\u00ed velebnou atmosf\u00e9rou hlubok\u00fdch les\u016f a okoln\u00edch skal, snad onou tichou osamocenost\u00ed jezer. Lesn\u00ed jezero se v map\u00e1ch stabiln\u011b objevuje a\u017e od roku 1837. N\u011bmci mu \u0159\u00edkali Stubenbacher See, \u010ce\u0161i podle nedalek\u00e9 obce Pr\u00e1\u0161ilsk\u00e9 jezero. I kdy\u017e le\u017e\u00ed jezero v takov\u00e9 v\u00fd\u0161ce, lze se na n\u011bj pod\u00edvat je\u0161t\u011b seshora. Strm\u00e9 stoup\u00e1n\u00ed dovede zdatn\u00e9ho turistu na vrchol Poledn\u00edku \u2013 cestou se lze na Pr\u00e1\u0161ilsk\u00e9 jezero ohl\u00e9dnout.<\/p>\n<p>Pr\u00e1\u0161ilsk\u00e9 jezero m\u00e1 tak\u00e9 zaj\u00edmavou historii. Bylo pojmenov\u00e1no po obci Pr\u00e1\u0161ily, kter\u00e1 se nach\u00e1z\u00ed nedaleko. N\u00e1zev &#8220;Pr\u00e1\u0161ily&#8221;pr\u00fd poch\u00e1z\u00ed z n\u011bmeck\u00e9ho v\u00fdrazu &#8220;prasch\u00fctten&#8221;, co\u017e znamen\u00e1 &#8220;m\u00edsto, kde se vysyp\u00e1v\u00e1 popel&#8221;. Historick\u00e9 z\u00e1znamy ukazuj\u00ed, \u017ee oblast byla os\u00eddlena ji\u017e v prav\u011bku, co\u017e dod\u00e1v\u00e1 m\u00edstu zvl\u00e1\u0161tn\u00ed kouzlo. Na \u0160umav\u011b najdeme tak\u00e9 velice tajemn\u00e9 vody. Tvrdilo se, \u017ee jsou beze dna. Kdy\u017e se jednou lid\u00e9 rozhodli hloubku vod zm\u011b\u0159it, stalo se n\u011bco ne\u010dekan\u00e9ho. Voda se p\u0159ed vorem za\u010dala to\u010dit ve v\u00edru, uprost\u0159ed se rozev\u0159ela hlubok\u00e1 t\u016f\u0148 a z n\u00ed se ozval hroziv\u00fd hlas: \u201eSpolknu toho, kdo m\u011b zm\u011b\u0159\u00ed!\u201c<\/p>\n<p>Pr\u00e1v\u011b tak by kdekoliv na sv\u011bt\u011b promluvilo vodn\u00ed bo\u017estvo. Vody byly v tradi\u010dn\u00ed symbolice vn\u00edm\u00e1ny v souvislosti s \u0159\u00ed\u0161\u00ed mrtv\u00fdch. A\u017e neuv\u011b\u0159iteln\u00fdm ohlasem t\u011bchto keltsk\u00fdch mytologick\u00fdch p\u0159edstav je jedna dnes zapomenut\u00e1 m\u00edstn\u00ed pov\u011bst. Jednou dva d\u0159evorubci pronikli k jezeru za svou prac\u00ed a v poledne, ten \u010dasov\u00fd \u00fadaj je d\u016fle\u017eit\u00fd, se usadili na velk\u00fd ploch\u00fd balvan, mohli bychom ho pova\u017eovat za ob\u011btn\u00ed, a dali se do j\u00eddla. Najednou se ve st\u0159edu jezera voda za\u010dala vlnit a vyno\u0159ila se z n\u00ed \u017eena. Plula sm\u011brem k ob\u011bma mu\u017e\u016fm. U b\u0159ehu vy\u0161la z vody, ale d\u0159evorubc\u016f si nev\u0161imla. Kdy\u017e se dotkla pevniny, ud\u011blala p\u0159emet z nohou na ruce a zp\u011bt na nohy. Ritu\u00e1l? M\u011bla na sob\u011b modr\u00e9 p\u0159il\u00e9hav\u00e9 \u0161aty a \u010dern\u00e9 st\u0159ev\u00edce. Za chv\u00edli op\u011bt zmizela ve vod\u011b. D\u0159evorubci utekli a o jezern\u00ed \u017een\u011b je\u0161t\u011b dlouho vypr\u00e1v\u011bli.<\/p>\n<p>Jedno z p\u011bti \u0161umavsk\u00fdch ledovcov\u00fdch jezer se nach\u00e1z\u00ed ve v\u00fd\u0161ce 1080 m n. m. pod vrcholem Poledn\u00edk. Pr\u00e1\u0161ilsk\u00e9 jezero je u\u017e p\u0159es 10 tis\u00edc let sv\u011bdkem p\u0159\u00edrodn\u00edch \u017eivl\u016f i d\u011bjin \u010desk\u00e9ho st\u00e1tu. Vzhledem k tomu, \u017ee se nach\u00e1z\u00ed bl\u00edzko pohrani\u010d\u00ed, nebylo dlouho zp\u0159\u00edstupn\u011bno ve\u0159ejnosti. Jezero je hlubok\u00e9 maxim\u00e1ln\u011b 15 m. Nach\u00e1z\u00ed se v ledovcov\u00e9m kotli a je hrazeno 9 m vysok\u00fdm valem \u017eulov\u00fdch balvan\u016f a dv\u011bma star\u0161\u00edmi mor\u00e9nov\u00fdmi valy. Voda z jezera odt\u00e9k\u00e1 Jezern\u00edm potokem do \u0159eky K\u0159emeln\u00e9, a d\u00e1le pak do Otavy. Pod Pr\u00e1\u0161ilsk\u00fdm jezerem se nach\u00e1z\u00ed tzv. Star\u00e1 j\u00edmka \u2013 ba\u017einat\u00e1 kotlina, poz\u016fstatky dnes ji\u017e zarostl\u00e9ho jezera.<\/p>\n<p>Toto m\u00edsto je v\u0161ak tak\u00e9 poznamen\u00e1no tragick\u00fdmi ud\u00e1lostmi. Na hr\u00e1zi jezera pomn\u00edk studenta Ottokara Kareise, kter\u00fd se utopil v roce 1927. &#8220;In memoriam Cand. Rer. Mat. OTTOKAR KAREIS Qui in undis muius lacus julio mense anni 1927 im flore iuventutis animam Exspiravit. Vita tur erat omnis spes nostra mors tua immensis dolor.&#8221; (Posmrtn\u011b kandid\u00e1tovi v\u011bd matematick\u00fdch Otakaru Karejzovi, je\u017e na dn\u011b tohoto jezera v m\u011bs\u00edci \u010dervenci roku 1927 v rozpuku ml\u00e1d\u00ed du\u0161i svou odevzadal, \u017eivot jeho i ve\u0161kter\u00e9 nad\u011bje na\u0161e byly zma\u0159eny smrt\u00ed tvou bolestivou.) Pochov\u00e1n je na pr\u00e1\u0161ilsk\u00e9m h\u0159bitov\u011b. Dal\u0161\u00ed tragickou ud\u00e1lost\u00ed je podle pov\u011bsti p\u0159\u00edb\u011bh chud\u00e9 d\u00edvky z d\u0159eva\u0159sk\u00e9 rodiny, je\u017e se zde utopila se sv\u00fdm milencem, synem bohat\u00e9ho pra\u017esk\u00e9ho obchodn\u00edka, a spole\u010dnou dcerkou, jim\u017e nebyla dop\u0159\u00e1na svatba s ohledem na jejich rozd\u00edln\u00fd p\u016fvod. Nedlouho po trag\u00e9dii tady skoncoval se sv\u00fdm \u017eivotem i d\u00edv\u010din ztr\u00e1pen\u00fd otec.<\/p>\n<p><strong>A je\u0161t\u011b pov\u011bst:<\/strong> <em>Vyd\u011b\u0161en\u00fd pa\u0161er\u00e1k. Jednou \u0161el jeden podloudn\u00edk kolem Pr\u00e1\u0161ilsk\u00e9ho jezera. Byl s\u00e1m kr\u00e1l pa\u0161er\u00e1k\u016f, Tab\u00e1kov\u00fd Peter z Dlouh\u00e9 Vsi. Byla zrovna p\u016flnoc, kdy\u017e se z vod vyno\u0159ilo tis\u00edce sv\u011btel a za\u010dal se oz\u00fdvat n\u00e1\u0159ek a pl\u00e1\u010d. Asi to byly du\u0161e h\u0159\u00ed\u0161n\u00edk\u016f zaklet\u00e9 v jeze\u0159e. Pak vy\u0161la z vod na b\u0159eh divukr\u00e1sn\u00e1 v\u00edla a l\u00e1kala osam\u011bl\u00e9ho chodce do sv\u00e9ho kr\u00e1lovstv\u00ed. Na Petera padla hr\u016fza a tak tak se vytrhl z moci zl\u00fdch kouzel. P\u0159\u00ed\u0161t\u011b se jezeru rad\u0161i vyhnul.<\/em><\/p>\n<p>&nbsp;<\/p>\n<p><strong>Zdroj:<\/strong> Ottova Encyklopedie, \u010cesk\u00e1 republika, Zem\u011bpis, Pr\u00e1\u0161ilsk\u00e9 jezero, Ottovo nakladatelstv\u00ed Praha, 2006 Vyd\u011b\u0161en\u00fd pa\u0161er\u00e1k Josef Pecka, Cyklist\u016fv pr\u016fvodce \u0160umavou<\/p>\n<p><strong>P\u0159ipravuje: Miroslav K\u016eS ANDRES<\/strong><\/p>\n<p><strong>Foto: archiv autora<\/strong><\/p>\n<hr \/>\n<p>&nbsp;<\/p>\n","protected":false},"excerpt":{"rendered":"<p>&nbsp; Tak <\/p>\n","protected":false},"author":2,"featured_media":348613,"comment_status":"open","ping_status":"open","sticky":false,"template":"","format":"gallery","meta":{"footnotes":""},"categories":[111],"tags":[],"jetpack_featured_media_url":"https:\/\/zakrasnejsivimperk.cz\/wp-content\/uploads\/2025\/06\/14\/ram-prasilske.jpg","_links":{"self":[{"href":"https:\/\/zakrasnejsivimperk.cz\/index.php?rest_route=\/wp\/v2\/posts\/345147"}],"collection":[{"href":"https:\/\/zakrasnejsivimperk.cz\/index.php?rest_route=\/wp\/v2\/posts"}],"about":[{"href":"https:\/\/zakrasnejsivimperk.cz\/index.php?rest_route=\/wp\/v2\/types\/post"}],"author":[{"embeddable":true,"href":"https:\/\/zakrasnejsivimperk.cz\/index.php?rest_route=\/wp\/v2\/users\/2"}],"replies":[{"embeddable":true,"href":"https:\/\/zakrasnejsivimperk.cz\/index.php?rest_route=%2Fwp%2Fv2%2Fcomments&post=345147"}],"version-history":[{"count":2,"href":"https:\/\/zakrasnejsivimperk.cz\/index.php?rest_route=\/wp\/v2\/posts\/345147\/revisions"}],"predecessor-version":[{"id":348612,"href":"https:\/\/zakrasnejsivimperk.cz\/index.php?rest_route=\/wp\/v2\/posts\/345147\/revisions\/348612"}],"wp:featuredmedia":[{"embeddable":true,"href":"https:\/\/zakrasnejsivimperk.cz\/index.php?rest_route=\/wp\/v2\/media\/348613"}],"wp:attachment":[{"href":"https:\/\/zakrasnejsivimperk.cz\/index.php?rest_route=%2Fwp%2Fv2%2Fmedia&parent=345147"}],"wp:term":[{"taxonomy":"category","embeddable":true,"href":"https:\/\/zakrasnejsivimperk.cz\/index.php?rest_route=%2Fwp%2Fv2%2Fcategories&post=345147"},{"taxonomy":"post_tag","embeddable":true,"href":"https:\/\/zakrasnejsivimperk.cz\/index.php?rest_route=%2Fwp%2Fv2%2Ftags&post=345147"}],"curies":[{"name":"wp","href":"https:\/\/api.w.org\/{rel}","templated":true}]}}