{"id":343658,"date":"2025-04-26T13:27:09","date_gmt":"2025-04-26T12:27:09","guid":{"rendered":"https:\/\/zakrasnejsivimperk.cz\/?p=343658"},"modified":"2025-04-26T13:27:09","modified_gmt":"2025-04-26T12:27:09","slug":"nase-mesto-vimperk-zapis-ze-zasedani-mestske-rady-konane-22-dubna-25","status":"publish","type":"post","link":"https:\/\/zakrasnejsivimperk.cz\/?p=343658","title":{"rendered":"NA\u0160E M\u011aSTO VIMPERK: Z\u00e1pis ze zased\u00e1n\u00ed m\u011bstsk\u00e9 rady konan\u00e9 22. dubna \u00b425"},"content":{"rendered":"<p><img loading=\"lazy\" decoding=\"async\" class=\"aligncenter wp-image-129874 size-full\" src=\"https:\/\/zakrasnejsivimperk.cz\/wp-content\/uploads\/2018\/05\/06\/dokumenty.jpg\" alt=\"\" width=\"799\" height=\"527\" srcset=\"https:\/\/zakrasnejsivimperk.cz\/wp-content\/uploads\/2018\/05\/06\/dokumenty.jpg 799w, https:\/\/zakrasnejsivimperk.cz\/wp-content\/uploads\/2018\/05\/06\/dokumenty-300x198.jpg 300w, https:\/\/zakrasnejsivimperk.cz\/wp-content\/uploads\/2018\/05\/06\/dokumenty-768x507.jpg 768w, https:\/\/zakrasnejsivimperk.cz\/wp-content\/uploads\/2018\/05\/06\/dokumenty-100x65.jpg 100w, https:\/\/zakrasnejsivimperk.cz\/wp-content\/uploads\/2018\/05\/06\/dokumenty-541x357.jpg 541w, https:\/\/zakrasnejsivimperk.cz\/wp-content\/uploads\/2018\/05\/06\/dokumenty-732x483.jpg 732w\" sizes=\"(max-width: 799px) 100vw, 799px\" \/><\/p>\n<p>&nbsp;<\/p>\n<h6>Rada m\u011bsta Vimperk na sv\u00e9m zased\u00e1n\u00ed 22. dubna 2025 projednala a schv\u00e1lila <em>(p\u0159in\u00e1\u0161\u00edme doslovn\u00fd p\u0159epis n\u011bkter\u00fdch usnesen\u00ed bez redak\u010dn\u00ed \u00fapravy)<\/em>:<\/h6>\n<p>&nbsp;<\/p>\n<p><strong>Usnesen\u00ed \u010d. 321<\/strong><br \/>\nRada m\u011bsta rozhodla poskytnout dotaci z rozpo\u010dtu odboru soci\u00e1ln\u00edch v\u011bc\u00ed a zdravotnictv\u00ed ve v\u00fd\u0161i 20.000 K\u010d organizaci FOKUS \u2013 P\u00edsek, z. \u00fa. na projekt Podpora soci\u00e1ln\u00edch slu\u017eeb pro lidi s du\u0161evn\u00edm onemocn\u011bn\u00edm ve m\u011bst\u011b Vimperk v roce 2025 dle p\u0159edlo\u017een\u00e9ho n\u00e1vrhu. Vy\u00fa\u010dtov\u00e1n\u00ed dotace je po\u017eadov\u00e1no dolo\u017eit do 31.01.2026.<\/p>\n<p>&nbsp;<\/p>\n<p><strong>Usnesen\u00ed \u010d. 322<\/strong><br \/>\nRada m\u011bsta rozhodla poskytnout dotaci z rozpo\u010dtu odboru soci\u00e1ln\u00edch v\u011bc\u00ed a zdravotnictv\u00ed ve v\u00fd\u0161i 5.000 K\u010d pro rok 2025 organizaci Domov Libn\u00ed\u010d a Centrum soci\u00e1ln\u00edch slu\u017eeb Empatie na projekt Zaji\u0161t\u011bn\u00ed poskytov\u00e1n\u00ed soci\u00e1ln\u00ed slu\u017eby domov se zvl\u00e1\u0161tn\u00edm re\u017eimem pro obyvatele m\u011bsta Vimperk dle p\u0159edlo\u017een\u00e9ho n\u00e1vrhu. Vy\u00fa\u010dtov\u00e1n\u00ed dotace je po\u017eadov\u00e1no dolo\u017eit do 31.01.2026.<\/p>\n<p>&nbsp;<\/p>\n<p><strong>Usnesen\u00ed \u010d. 324<\/strong><br \/>\nRada m\u011bsta rozhodla p\u0159id\u011blit dotaci ve v\u00fd\u0161i 10.000 K\u010d Oblastn\u00edmu spolku \u010cesk\u00e9ho \u010derven\u00e9ho k\u0159\u00ed\u017ee, Nemocni\u010dn\u00ed 204, 383 01 Prachatice na \u010d\u00e1ste\u010dnou \u00fahradu n\u00e1klad\u016f spojenou s podporou aktivit v soci\u00e1ln\u00ed a humanit\u00e1rn\u00ed oblasti v pr\u016fb\u011bhu roku 2025. Dotace bude poskytnuta z kapitoly rady m\u011bsta. Rada m\u011bsta po\u017eaduje p\u0159edlo\u017eit vy\u00fa\u010dtov\u00e1n\u00ed dotace do 20.12.2025.<\/p>\n<p>&nbsp;<\/p>\n<p><strong>Usnesen\u00ed \u010d. 325<\/strong><br \/>\nRada m\u011bsta rozhodla poskytnout dotaci ve v\u00fd\u0161i 5.000 K\u010d ZU\u0160 Vimperk, Nerudova 267, na \u00fahradu n\u00e1klad\u016f spojen\u00fdch s dopravou \u00fa\u010dastn\u00edk\u016f p\u0159i reprezentaci \u017e\u00e1k\u016f ZU\u0160 v krajsk\u00e9m kole sout\u011b\u017ee ve h\u0159e na dechov\u00e9 n\u00e1stroje \u017ees\u0165ov\u00e9, kter\u00e1 se uskute\u010dnila 02.04.2025 v Sezimov\u011b \u00dast\u00ed. Rada m\u011bsta po\u017eaduje p\u0159edlo\u017eit vy\u00fa\u010dtov\u00e1n\u00ed nejpozd\u011bji do 30.06.2025.<\/p>\n<p>&nbsp;<\/p>\n<p><strong>Usnesen\u00ed \u010d. 330<\/strong><br \/>\nRada m\u011bsta rozhodla uzav\u0159\u00edt dle p\u0159edlo\u017een\u00e9ho n\u00e1vrhu s Janem Doulem, I\u010c 218 98 880, se s\u00eddlem Boubsk\u00e1 1, 385 01 Vimperk smlouvu o zaji\u0161t\u011bn\u00ed \u010dinnost\u00ed souvisej\u00edc\u00edch s poh\u0159b\u00edv\u00e1n\u00edm, prov\u00e1d\u011bn\u00edm exhumac\u00ed a ukl\u00e1d\u00e1n\u00edm zpopeln\u011bn\u00edm lidsk\u00fdch poz\u016fstatk\u016f na ve\u0159ejn\u00e9m poh\u0159ebi\u0161ti m\u011bsta Vimperk. Tato smlouva bude uzav\u0159ena na dobu neur\u010ditou s 3 m\u011bs\u00ed\u010dn\u00ed v\u00fdpov\u011bdn\u00ed lh\u016ftou.<\/p>\n<p>&nbsp;<\/p>\n<p><strong>Usnesen\u00ed \u010d. 331<\/strong><br \/>\nRada m\u011bsta na z\u00e1klad\u011b zpr\u00e1vy o hodnocen\u00ed nab\u00eddek, kterou po\u0159\u00eddila komise na zak\u00e1zku mal\u00e9ho rozsahu na stavebn\u00ed pr\u00e1ce \u201eVimperk \u2013 oprava komunikac\u00ed a chodn\u00edk\u016f 2025 a 2026\u201c rozhodla p\u0159id\u011blit v\u00fd\u0161e uvedenou ve\u0159ejnou zak\u00e1zku \u00fa\u010dastn\u00edkovi Reno \u0160umava a. s., Pra\u017esk\u00e1 326, 384 22 Vlachovo B\u0159ez\u00ed, jeho\u017e nab\u00eddka byla vyhodnocena jako nab\u00eddka s nejni\u017e\u0161\u00ed nab\u00eddkovou cenou.<\/p>\n<p>&nbsp;<\/p>\n<p>Zdroj: M\u011bsto Vimperk<\/p>\n<p><strong>(red) \u2013 Za kr\u00e1sn\u011bj\u0161\u00ed Vimperk<\/strong><\/p>\n<p>Ilustra\u010dn\u00ed foto: archiv (red) \u2013 Za kr\u00e1sn\u011bj\u0161\u00ed Vimperk<\/p>\n<h6><a href=\"https:\/\/www.vimperk.cz\/zapisy-ze-zasedani-rady\/ds-1128\/p1=9521\" target=\"_blank\" rel=\"noopener\">Cel\u00fd z\u00e1pis z jedn\u00e1n\u00ed<\/a><\/h6>\n<hr \/>\n<p>&nbsp;<\/p>\n","protected":false},"excerpt":{"rendered":"<p>&nbsp; Rada <\/p>\n","protected":false},"author":2,"featured_media":100721,"comment_status":"open","ping_status":"open","sticky":false,"template":"","format":"gallery","meta":{"footnotes":""},"categories":[115],"tags":[],"jetpack_featured_media_url":"https:\/\/zakrasnejsivimperk.cz\/wp-content\/uploads\/2017\/06\/15\/dokumenty-2.jpg","_links":{"self":[{"href":"https:\/\/zakrasnejsivimperk.cz\/index.php?rest_route=\/wp\/v2\/posts\/343658"}],"collection":[{"href":"https:\/\/zakrasnejsivimperk.cz\/index.php?rest_route=\/wp\/v2\/posts"}],"about":[{"href":"https:\/\/zakrasnejsivimperk.cz\/index.php?rest_route=\/wp\/v2\/types\/post"}],"author":[{"embeddable":true,"href":"https:\/\/zakrasnejsivimperk.cz\/index.php?rest_route=\/wp\/v2\/users\/2"}],"replies":[{"embeddable":true,"href":"https:\/\/zakrasnejsivimperk.cz\/index.php?rest_route=%2Fwp%2Fv2%2Fcomments&post=343658"}],"version-history":[{"count":1,"href":"https:\/\/zakrasnejsivimperk.cz\/index.php?rest_route=\/wp\/v2\/posts\/343658\/revisions"}],"predecessor-version":[{"id":343659,"href":"https:\/\/zakrasnejsivimperk.cz\/index.php?rest_route=\/wp\/v2\/posts\/343658\/revisions\/343659"}],"wp:featuredmedia":[{"embeddable":true,"href":"https:\/\/zakrasnejsivimperk.cz\/index.php?rest_route=\/wp\/v2\/media\/100721"}],"wp:attachment":[{"href":"https:\/\/zakrasnejsivimperk.cz\/index.php?rest_route=%2Fwp%2Fv2%2Fmedia&parent=343658"}],"wp:term":[{"taxonomy":"category","embeddable":true,"href":"https:\/\/zakrasnejsivimperk.cz\/index.php?rest_route=%2Fwp%2Fv2%2Fcategories&post=343658"},{"taxonomy":"post_tag","embeddable":true,"href":"https:\/\/zakrasnejsivimperk.cz\/index.php?rest_route=%2Fwp%2Fv2%2Ftags&post=343658"}],"curies":[{"name":"wp","href":"https:\/\/api.w.org\/{rel}","templated":true}]}}