{"id":343068,"date":"2025-04-17T09:15:52","date_gmt":"2025-04-17T08:15:52","guid":{"rendered":"https:\/\/zakrasnejsivimperk.cz\/?p=343068"},"modified":"2025-04-17T09:15:52","modified_gmt":"2025-04-17T08:15:52","slug":"nase-mesto-vimperk-informace-z-radnice-priprava-verejne-dopravy-na-turistickou-sezonu","status":"publish","type":"post","link":"https:\/\/zakrasnejsivimperk.cz\/?p=343068","title":{"rendered":"NA\u0160E M\u011aSTO VIMPERK \u2013 INFORMACE Z RADNICE: P\u0159\u00edprava ve\u0159ejn\u00e9 dopravy na turistickou sezonu"},"content":{"rendered":"<h6>\u0160umavsk\u00e9 cyklobusy letos vyjedou u\u017e 17. kv\u011btna. O letn\u00edch pr\u00e1zdnin\u00e1ch je dopln\u00ed tak\u00e9 vimpersk\u00fd speci\u00e1l na Kvildu, Zadov a do Str\u00e1\u017en\u00e9ho financovan\u00fd p\u0159\u00edmo m\u011bstem Vimperk. P\u0159ed novou turistickou sez\u00f3nou byly tak\u00e9 v\u00fdznamn\u011b pos\u00edleny autobusov\u00e9 spoje v oblasti Su\u0161icka a Ka\u0161perskohorska sm\u011brem do centr\u00e1ln\u00ed \u0160umavy.<\/h6>\n<p>Ve st\u0159edu 9. dubna 2025 se na radnici ve Vimperku konala pravideln\u00e1 sch\u016fzka jiho\u010desk\u00fdch a plze\u0148sk\u00fdch dopravn\u00edch, turistick\u00fdch a dal\u0161\u00edch organizac\u00ed p\u016fsob\u00edc\u00edch v \u010desko-bavorsk\u00e9m p\u0159\u00edhrani\u010d\u00ed: POVED, JIKORD, \u010cD Plze\u0148, \u010cD \u010cesk\u00e9 Bud\u011bjovice, GW Train Regio, M\u011bstsk\u00fd \u00fa\u0159ad Vimperk, Spr\u00e1va N\u00e1rodn\u00edho parku \u0160umava, nov\u00e1 Destina\u010dn\u00ed spole\u010dnost \u0160umava Tourism a Tr\u00e4gerverein Europaregion Donau-Moldau Freyung.<\/p>\n<p>C\u00edlem jedn\u00e1n\u00ed bylo vym\u011bnit si zku\u0161enosti z\u00a0lo\u0148sk\u00e9ho provozu zejm\u00e9na p\u0159\u00edhrani\u010dn\u00edch a p\u0159eshrani\u010dn\u00edch autobusov\u00fdch a vlakov\u00fdch linek v\u00a0turistick\u00e9 sezon\u011b (v n\u00e1vaznosti na \u017eeleznici, cyklostezky, turistick\u00e9 c\u00edle). A z\u00e1rove\u0148 se nachystat na hlavn\u00ed turistickou sezonu 2025: p\u0159ipravit obdob\u00ed provozu, pl\u00e1novan\u00e1 spojen\u00ed, zm\u011bny veden\u00ed linek, uzn\u00e1v\u00e1n\u00ed celodenn\u00edch (turistick\u00fdch) j\u00edzdenek na obou stran\u00e1ch hranice. \u0158e\u0161ily se i o\u010dek\u00e1van\u00e9 provozn\u00ed i infrastrukturn\u00ed probl\u00e9my (obj\u00ed\u017e\u010fky, v\u00fdluky), formy propagace, dlouhodob\u00e9 koncep\u010dn\u00ed z\u00e1m\u011bry (nap\u0159. z\u0159\u00edzen\u00ed zaveden\u00ed nov\u00e9 p\u0159eshrani\u010dn\u00ed linky Vimperk-Str\u00e1\u017en\u00fd-Philippsreut v\u00a0roce 2026).<\/p>\n<p>Dobrou zpr\u00e1vou pro v\u0161echny u\u017eivatele ve\u0159ejn\u00e9 dopravy tak\u00e9 je, \u017ee lo\u0148sk\u00e9 roz\u0161\u00ed\u0159en\u00ed obdob\u00ed provozu \u0161umavsk\u00fdch cyklobus\u016f mimo letn\u00ed pr\u00e1zdniny v\u00a0sou\u010dtu p\u0159ibli\u017en\u011b o\u00a04\u00a0t\u00fddny bude zachov\u00e1no i\u00a0letos, tj. aktu\u00e1ln\u011b 17. 5. \u2013 12. 10. 2025. Cyklobus Kvilda-Modrava-Pr\u00e1\u0161ily-\u017delezn\u00e1 Ruda vyj\u00ed\u017ed\u00ed dokonce ji\u017e 1.\u00a0kv\u011btna\u00a02025. M\u011bsto Vimperk p\u0159ipravuje i v\u00a0tomto roce provoz obl\u00edben\u00e9ho vimpersk\u00e9ho cyklobusu, kter\u00fd bude jezdit od 1. 7.\u00a0\u00a0do 31. 8. 2025.<\/p>\n<p><strong>M\u011aSTO VIMPERK<\/strong><\/p>\n<hr \/>\n<p>&nbsp;<\/p>\n","protected":false},"excerpt":{"rendered":"<p>\u0160umavsk\u00e9 cyklobusy <\/p>\n","protected":false},"author":2,"featured_media":343069,"comment_status":"open","ping_status":"open","sticky":false,"template":"","format":"gallery","meta":{"footnotes":""},"categories":[179],"tags":[],"jetpack_featured_media_url":"https:\/\/zakrasnejsivimperk.cz\/wp-content\/uploads\/2025\/04\/17\/ram-priprava.jpg","_links":{"self":[{"href":"https:\/\/zakrasnejsivimperk.cz\/index.php?rest_route=\/wp\/v2\/posts\/343068"}],"collection":[{"href":"https:\/\/zakrasnejsivimperk.cz\/index.php?rest_route=\/wp\/v2\/posts"}],"about":[{"href":"https:\/\/zakrasnejsivimperk.cz\/index.php?rest_route=\/wp\/v2\/types\/post"}],"author":[{"embeddable":true,"href":"https:\/\/zakrasnejsivimperk.cz\/index.php?rest_route=\/wp\/v2\/users\/2"}],"replies":[{"embeddable":true,"href":"https:\/\/zakrasnejsivimperk.cz\/index.php?rest_route=%2Fwp%2Fv2%2Fcomments&post=343068"}],"version-history":[{"count":1,"href":"https:\/\/zakrasnejsivimperk.cz\/index.php?rest_route=\/wp\/v2\/posts\/343068\/revisions"}],"predecessor-version":[{"id":343070,"href":"https:\/\/zakrasnejsivimperk.cz\/index.php?rest_route=\/wp\/v2\/posts\/343068\/revisions\/343070"}],"wp:featuredmedia":[{"embeddable":true,"href":"https:\/\/zakrasnejsivimperk.cz\/index.php?rest_route=\/wp\/v2\/media\/343069"}],"wp:attachment":[{"href":"https:\/\/zakrasnejsivimperk.cz\/index.php?rest_route=%2Fwp%2Fv2%2Fmedia&parent=343068"}],"wp:term":[{"taxonomy":"category","embeddable":true,"href":"https:\/\/zakrasnejsivimperk.cz\/index.php?rest_route=%2Fwp%2Fv2%2Fcategories&post=343068"},{"taxonomy":"post_tag","embeddable":true,"href":"https:\/\/zakrasnejsivimperk.cz\/index.php?rest_route=%2Fwp%2Fv2%2Ftags&post=343068"}],"curies":[{"name":"wp","href":"https:\/\/api.w.org\/{rel}","templated":true}]}}