{"id":342545,"date":"2025-04-10T19:42:04","date_gmt":"2025-04-10T18:42:04","guid":{"rendered":"https:\/\/zakrasnejsivimperk.cz\/?p=342545"},"modified":"2025-04-10T19:42:04","modified_gmt":"2025-04-10T18:42:04","slug":"sumava-obrazem-vyhled-od-osady-misavy-vysny-na-boubinskou-hornatinu-s-bobikem-vlevo-a-boubinem","status":"publish","type":"post","link":"https:\/\/zakrasnejsivimperk.cz\/?p=342545","title":{"rendered":"\u0160UMAVA OBRAZEM: V\u00fdhled od osady M\u00edsavy (Vy\u0161n\u00fd) na Boub\u00ednskou hornatinu s Bob\u00edkem (vlevo) a Boub\u00ednem"},"content":{"rendered":"<h6>Foto: Radek DAVID<\/h6>\n<p>&nbsp;<\/p>\n<p><img loading=\"lazy\" decoding=\"async\" class=\"aligncenter wp-image-342546 size-full\" src=\"https:\/\/zakrasnejsivimperk.cz\/wp-content\/uploads\/2025\/04\/10\/Vyhled-od-osady-Misavy-na-Boubinskou-hornatinu-s-Bobikem-Boubinem.jpg\" alt=\"\" width=\"1920\" height=\"1054\" srcset=\"https:\/\/zakrasnejsivimperk.cz\/wp-content\/uploads\/2025\/04\/10\/Vyhled-od-osady-Misavy-na-Boubinskou-hornatinu-s-Bobikem-Boubinem.jpg 1920w, https:\/\/zakrasnejsivimperk.cz\/wp-content\/uploads\/2025\/04\/10\/Vyhled-od-osady-Misavy-na-Boubinskou-hornatinu-s-Bobikem-Boubinem-300x165.jpg 300w, https:\/\/zakrasnejsivimperk.cz\/wp-content\/uploads\/2025\/04\/10\/Vyhled-od-osady-Misavy-na-Boubinskou-hornatinu-s-Bobikem-Boubinem-1024x562.jpg 1024w, https:\/\/zakrasnejsivimperk.cz\/wp-content\/uploads\/2025\/04\/10\/Vyhled-od-osady-Misavy-na-Boubinskou-hornatinu-s-Bobikem-Boubinem-768x422.jpg 768w, https:\/\/zakrasnejsivimperk.cz\/wp-content\/uploads\/2025\/04\/10\/Vyhled-od-osady-Misavy-na-Boubinskou-hornatinu-s-Bobikem-Boubinem-1536x843.jpg 1536w, https:\/\/zakrasnejsivimperk.cz\/wp-content\/uploads\/2025\/04\/10\/Vyhled-od-osady-Misavy-na-Boubinskou-hornatinu-s-Bobikem-Boubinem-650x357.jpg 650w, https:\/\/zakrasnejsivimperk.cz\/wp-content\/uploads\/2025\/04\/10\/Vyhled-od-osady-Misavy-na-Boubinskou-hornatinu-s-Bobikem-Boubinem-880x483.jpg 880w\" sizes=\"(max-width: 1920px) 100vw, 1920px\" \/><\/p>\n<hr \/>\n<p>&nbsp;<\/p>\n","protected":false},"excerpt":{"rendered":"<p>Foto: Radek <\/p>\n","protected":false},"author":2,"featured_media":342546,"comment_status":"open","ping_status":"open","sticky":false,"template":"","format":"gallery","meta":{"footnotes":""},"categories":[8],"tags":[],"jetpack_featured_media_url":"https:\/\/zakrasnejsivimperk.cz\/wp-content\/uploads\/2025\/04\/10\/Vyhled-od-osady-Misavy-na-Boubinskou-hornatinu-s-Bobikem-Boubinem.jpg","_links":{"self":[{"href":"https:\/\/zakrasnejsivimperk.cz\/index.php?rest_route=\/wp\/v2\/posts\/342545"}],"collection":[{"href":"https:\/\/zakrasnejsivimperk.cz\/index.php?rest_route=\/wp\/v2\/posts"}],"about":[{"href":"https:\/\/zakrasnejsivimperk.cz\/index.php?rest_route=\/wp\/v2\/types\/post"}],"author":[{"embeddable":true,"href":"https:\/\/zakrasnejsivimperk.cz\/index.php?rest_route=\/wp\/v2\/users\/2"}],"replies":[{"embeddable":true,"href":"https:\/\/zakrasnejsivimperk.cz\/index.php?rest_route=%2Fwp%2Fv2%2Fcomments&post=342545"}],"version-history":[{"count":1,"href":"https:\/\/zakrasnejsivimperk.cz\/index.php?rest_route=\/wp\/v2\/posts\/342545\/revisions"}],"predecessor-version":[{"id":342547,"href":"https:\/\/zakrasnejsivimperk.cz\/index.php?rest_route=\/wp\/v2\/posts\/342545\/revisions\/342547"}],"wp:featuredmedia":[{"embeddable":true,"href":"https:\/\/zakrasnejsivimperk.cz\/index.php?rest_route=\/wp\/v2\/media\/342546"}],"wp:attachment":[{"href":"https:\/\/zakrasnejsivimperk.cz\/index.php?rest_route=%2Fwp%2Fv2%2Fmedia&parent=342545"}],"wp:term":[{"taxonomy":"category","embeddable":true,"href":"https:\/\/zakrasnejsivimperk.cz\/index.php?rest_route=%2Fwp%2Fv2%2Fcategories&post=342545"},{"taxonomy":"post_tag","embeddable":true,"href":"https:\/\/zakrasnejsivimperk.cz\/index.php?rest_route=%2Fwp%2Fv2%2Ftags&post=342545"}],"curies":[{"name":"wp","href":"https:\/\/api.w.org\/{rel}","templated":true}]}}