{"id":342260,"date":"2025-04-09T13:48:54","date_gmt":"2025-04-09T12:48:54","guid":{"rendered":"https:\/\/zakrasnejsivimperk.cz\/?p=342260"},"modified":"2025-04-09T13:48:54","modified_gmt":"2025-04-09T12:48:54","slug":"jizni-cechy-kraj-ocenil-peci-o-valecne-hroby-deseti-pametnimi-plaketami","status":"publish","type":"post","link":"https:\/\/zakrasnejsivimperk.cz\/?p=342260","title":{"rendered":"JI\u017dN\u00cd \u010cECHY: Kraj ocenil p\u00e9\u010di o v\u00e1le\u010dn\u00e9 hroby deseti pam\u011btn\u00edmi plaketami"},"content":{"rendered":"<p><img loading=\"lazy\" decoding=\"async\" class=\"aligncenter wp-image-342261 size-full\" src=\"https:\/\/zakrasnejsivimperk.cz\/wp-content\/uploads\/2025\/04\/08\/pametni-plakety.jpg\" alt=\"\" width=\"1920\" height=\"1280\" srcset=\"https:\/\/zakrasnejsivimperk.cz\/wp-content\/uploads\/2025\/04\/08\/pametni-plakety.jpg 1920w, https:\/\/zakrasnejsivimperk.cz\/wp-content\/uploads\/2025\/04\/08\/pametni-plakety-300x200.jpg 300w, https:\/\/zakrasnejsivimperk.cz\/wp-content\/uploads\/2025\/04\/08\/pametni-plakety-1024x683.jpg 1024w, https:\/\/zakrasnejsivimperk.cz\/wp-content\/uploads\/2025\/04\/08\/pametni-plakety-768x512.jpg 768w, https:\/\/zakrasnejsivimperk.cz\/wp-content\/uploads\/2025\/04\/08\/pametni-plakety-1536x1024.jpg 1536w, https:\/\/zakrasnejsivimperk.cz\/wp-content\/uploads\/2025\/04\/08\/pametni-plakety-536x357.jpg 536w, https:\/\/zakrasnejsivimperk.cz\/wp-content\/uploads\/2025\/04\/08\/pametni-plakety-725x483.jpg 725w\" sizes=\"(max-width: 1920px) 100vw, 1920px\" \/><\/p>\n<p>&nbsp;<\/p>\n<h6>Na Krajsk\u00e9m \u00fa\u0159ad\u011b Jiho\u010desk\u00e9ho kraje se uskute\u010dnilo slavnostn\u00ed ocen\u011bn\u00ed t\u011bch, kte\u0159\u00ed se dlouhodob\u011b a s mimo\u0159\u00e1dn\u00fdm nasazen\u00edm staraj\u00ed o d\u016fle\u017eit\u00e1 m\u00edsta zachov\u00e1vaj\u00edc\u00ed historickou pam\u011b\u0165 a p\u0159ipom\u00ednaj\u00edc\u00ed ob\u011bti v\u00e1lek. Pam\u011btn\u00ed plakety p\u0159edala n\u00e1m\u011bstkyn\u011b hejtmana pro oblast kultury Lucie Kozlov\u00e1 spole\u010dn\u011b se z\u00e1stupcem Ministerstva obrany Pavlem Kuglerem.<\/h6>\n<p><em><img loading=\"lazy\" decoding=\"async\" class=\"size-medium wp-image-335946 alignright\" src=\"https:\/\/zakrasnejsivimperk.cz\/wp-content\/uploads\/2025\/01\/31\/jihocesky-kraj-logo-300x86.jpg\" alt=\"\" width=\"300\" height=\"86\" srcset=\"https:\/\/zakrasnejsivimperk.cz\/wp-content\/uploads\/2025\/01\/31\/jihocesky-kraj-logo-300x86.jpg 300w, https:\/\/zakrasnejsivimperk.cz\/wp-content\/uploads\/2025\/01\/31\/jihocesky-kraj-logo-1024x295.jpg 1024w, https:\/\/zakrasnejsivimperk.cz\/wp-content\/uploads\/2025\/01\/31\/jihocesky-kraj-logo-768x221.jpg 768w, https:\/\/zakrasnejsivimperk.cz\/wp-content\/uploads\/2025\/01\/31\/jihocesky-kraj-logo.jpg 1100w\" sizes=\"(max-width: 300px) 100vw, 300px\" \/>\u201eR\u00e1da bych v\u00e1m v\u0161em vyj\u00e1d\u0159ila up\u0159\u00edmn\u00e9 a hlubok\u00e9 pod\u011bkov\u00e1n\u00ed za to, \u017ee se s l\u00e1skou a \u00factou star\u00e1te o v\u00e1le\u010dn\u00e9 hroby a pietn\u00ed m\u00edsta. Mnohdy nad r\u00e1mec sv\u00fdch pracovn\u00edch povinnost\u00ed a ve sv\u00e9m voln\u00e9m \u010dase. Na znamen\u00ed na\u0161\u00ed vd\u011b\u010dnosti bych v\u00e1m r\u00e1da p\u0159edala plaketu, jej\u00ed\u017e podoba nebyla zvolena n\u00e1hodn\u011b. Je na n\u00ed vyobrazen plamen \u2013 symbol zk\u00e1zy, kterou p\u0159in\u00e1\u0161\u00ed v\u00e1lka, ale i sv\u011btla sv\u00ed\u010dek zapalovan\u00fdch na hrobech padl\u00fdch. Z\u00e1rove\u0148 p\u0159ipom\u00edn\u00e1 kapku slzy \u2013 slzy bolesti, smutku, i tich\u00e9 vd\u011b\u010dnosti. Va\u0161e pr\u00e1ce m\u00e1 hlubok\u00fd smysl. D\u00edky n\u00ed nezhas\u00edn\u00e1 pam\u011b\u0165, neztr\u00e1c\u00ed se \u00facta a nezapom\u00edn\u00e1 se na ty, kte\u0159\u00ed p\u0159inesli nejvy\u0161\u0161\u00ed ob\u011b\u0165. P\u0159ipom\u00edn\u00e1te n\u00e1m, \u017ee m\u00edr nen\u00ed samoz\u0159ejmost,\u201c<\/em> uvedla n\u00e1m\u011bstkyn\u011b hejtmana sm\u011brem k ocen\u011bn\u00fdm osobnostem.<\/p>\n<p>Pe\u010dovat o odkaz na\u0161ich p\u0159edk\u016f je nesm\u00edrn\u011b d\u016fle\u017eit\u00e9. Tvo\u0159\u00ed na\u0161i minulost a nab\u00edz\u00ed pou\u010den\u00ed do budoucnosti. Upozornil na to i Pavel Kugler, z\u00e1stupce \u0159editele odboru pro v\u00e1le\u010dn\u00e9 veter\u00e1ny a v\u00e1le\u010dn\u00e9 hroby Ministerstva obrany. Pro zaj\u00edmavost p\u0159ipomn\u011bl, kolik v\u00e1le\u010dn\u00fdch hrob\u016f m\u00e1 ministerstvo na starosti. \u201e<em>V \u010cesk\u00e9 republice k dne\u0161n\u00edmu dni evidujeme p\u0159es 38 000 v\u00e1le\u010dn\u00fdch hrob\u016f, p\u0159es 4000 jich je v zahrani\u010d\u00ed, ve 49 zem\u00edch v\u0161ech kontinent\u016f s v\u00fdjimkou Antarktidy a Ji\u017en\u00ed Ameriky,\u201c<\/em> popsal Kugler a up\u0159esnil, \u017ee na jihu \u010cech m\u00e1me t\u00e9m\u011b\u0159 1700 v\u00e1le\u010dn\u00fdch hrob\u016f. P\u0159ipom\u00ednaj\u00ed r\u016fzn\u00e1 obdob\u00ed od osmn\u00e1ct\u00e9ho stolet\u00ed p\u0159es napoleonsk\u00e9 v\u00e1lky, prusko-rakouskou v\u00e1lku, \u010di oba v\u00e1le\u010dn\u00e9 konflikty ve dvac\u00e1t\u00e9m stolet\u00ed.<\/p>\n<p>&nbsp;<\/p>\n<h6><strong>Ocen\u011bni plaketou<\/strong><\/h6>\n<p><strong>\u2022\u00a0\u00a0 \u00a0Ing. Bohum\u00edr Ctibor \u2013 M\u011bstsk\u00fd \u00fa\u0159ad Sob\u011bslav<\/strong><br \/>\nZa rozs\u00e1hlou badatelskou \u010dinnost a dopl\u0148ov\u00e1n\u00ed \u00fadaj\u016f do evidence v\u00e1le\u010dn\u00fdch hrob\u016f, vykon\u00e1vanou nad r\u00e1mec sv\u00fdch pracovn\u00edch povinnost\u00ed. P\u0159i sv\u00e9 pr\u00e1ci vyu\u017e\u00edv\u00e1 digitalizovan\u00e9 archivy Ministerstva obrany, Vojensk\u00e9ho \u00fast\u0159edn\u00edho archivu v Praze i kroniky obc\u00ed na Sob\u011bslavsku. Systematicky dopl\u0148uje \u00fadaje k padl\u00fdm a dokumentuje v\u00e1le\u010dn\u00e1 pietn\u00ed m\u00edsta.<\/p>\n<p><strong>\u2022\u00a0\u00a0 \u00a0Bc. Eva Janochov\u00e1 \u2013 M\u011bstsk\u00fd \u00fa\u0159ad Strakonice<\/strong><br \/>\nZa dokumenta\u010dn\u00ed a badatelskou \u010dinnost p\u0159i p\u0159\u00edprav\u011b rekonstrukce Pomn\u00edku padl\u00fdm v 1. sv\u011btov\u00e9 v\u00e1lce u Svatov\u00e1clavsk\u00e9ho h\u0159bitova ve Strakonic\u00edch. Pomn\u00edk p\u0159ed Svatov\u00e1clavsk\u00fdm h\u0159bitovem ve Strakonic\u00edch je kulturn\u00ed pam\u00e1tkou. Do obnoven\u00fdch desek bylo vytes\u00e1no celkem 167 jmen padl\u00fdch ob\u010dan\u016f m\u011bsta.<\/p>\n<p><strong>\u2022\u00a0\u00a0 \u00a0Ing. Peter Kurek \u2013 M\u011bstsk\u00fd \u00fa\u0159ad Strakonice<\/strong><br \/>\nZa odbornou p\u0159\u00edpravu a administrativn\u00ed zaji\u0161t\u011bn\u00ed rekonstrukce v\u00e1le\u010dn\u00e9ho hrobu, kulturn\u00ed pam\u00e1tky p\u0159ed Svatov\u00e1clavsk\u00fdm h\u0159bitovem. Rekonstrukce prob\u011bhla v roce 2024. Projekt byl financov\u00e1n z rozpo\u010dtu m\u011bsta a z prost\u0159edk\u016f Ministerstva obrany v celkov\u00e9 v\u00fd\u0161i t\u00e9m\u011b\u0159 1,8 milionu K\u010d.<\/p>\n<p><strong>\u2022\u00a0\u00a0 \u00a0Mgr. Milan Nagy \u2013 M\u011bstsk\u00fd \u00fa\u0159ad Kaplice<\/strong><br \/>\nZa vyhled\u00e1v\u00e1n\u00ed padl\u00fdch a objevov\u00e1n\u00ed dosud neevidovan\u00fdch v\u00e1le\u010dn\u00fdch hrob\u016f na Kaplicku a Novohradsku. Soust\u0159edil se na zanikl\u00e9 obce v pohrani\u010d\u00ed, nap\u0159\u00edklad Poho\u0159\u00ed na \u0160umav\u011b nebo Ter\u010d\u00ed Ves. Jeho pr\u00e1ce v\u00fdrazn\u011b p\u0159isp\u011bla ke zp\u0159esn\u011bn\u00ed centr\u00e1ln\u00ed evidence Ministerstva obrany.<\/p>\n<p><strong>\u2022\u00a0\u00a0 \u00a0Mgr. Lenka Nagyov\u00e1 \u2013 M\u011bstsk\u00fd \u00fa\u0159ad Kaplice<\/strong><br \/>\nZa badatelskou \u010dinnost a dopl\u0148ov\u00e1n\u00ed \u00fadaj\u016f o padl\u00fdch v oblasti Novohradska a zanikl\u00fdch pohrani\u010dn\u00edch osad. Zam\u011b\u0159ila se na m\u00edsta jako Ku\u0159\u00ed nebo Stieglh\u00e4user. Pomohla identifikovat hroby, kter\u00e9 dosud v evidenci v\u00e1le\u010dn\u00fdch hrob\u016f chyb\u011bly.<\/p>\n<p><strong>\u2022\u00a0\u00a0 \u00a0Obec Omlenice \u2013 starosta Petr Drayer<\/strong><br \/>\nZa komplexn\u00ed rekonstrukci are\u00e1lu spole\u010dn\u00e9ho hrobu ob\u011bt\u00ed tzv. transportu smrti z ledna 1945. Sou\u010d\u00e1st\u00ed \u00faprav byla nov\u00e1 asfaltov\u00e1 cesta v d\u00e9lce 325 metr\u016f, v\u00fdsadba aleje a parkov\u00e1 \u00faprava pietn\u00edho m\u00edsta. Pam\u00e1tn\u00edk navrhl akademick\u00fd socha\u0159 Franti\u0161ek Kratochv\u00edl.<\/p>\n<p><strong>\u2022\u00a0\u00a0 \u00a0Obec Sob\u011bnov \u2013 starosta Josef \u010cabela<\/strong><br \/>\nZa trvalou p\u00e9\u010di o v\u00e1le\u010dn\u00e9 hroby a celkovou rekonstrukci Pomn\u00edku padl\u00fdm v 1. a 2. sv\u011btov\u00e9 v\u00e1lce. Pomn\u00edk se nach\u00e1z\u00ed v centru obce a pro\u0161el kompletn\u00ed obnovou v\u010detn\u011b zelen\u011b, dla\u017eby i k\u0159\u00ed\u017ee. N\u00e1klady na rekonstrukci \u010dinily 185 000 K\u010d a obec je hradila z vlastn\u00edho rozpo\u010dtu.<\/p>\n<p><strong>\u2022\u00a0\u00a0 \u00a0Obec Bene\u0161ov nad \u010cernou \u2013 starostka Veronika Zemanov\u00e1 Korchov\u00e1<\/strong><br \/>\nZa rekonstrukci Pomn\u00edku padl\u00fdm z prvn\u00ed sv\u011btov\u00e9 v\u00e1lky v Hartunkov\u011b a dlouholetou p\u00e9\u010di o pietn\u00ed m\u00edsta ve spr\u00e1vn\u00edm obvodu. Pomn\u00edk p\u0159ipom\u00edn\u00e1 18 padl\u00fdch a je um\u00edst\u011bn na troj\u00faheln\u00edkov\u00e9m pozemku s kamennou z\u00eddkou a vyt\u00e9kaj\u00edc\u00edm pramenem \u2013 jedine\u010dn\u00e9 pietn\u00ed m\u00edsto v r\u00e1mci kraje.<\/p>\n<p><strong>\u2022\u00a0\u00a0 \u00a0M\u011bsto Strakonice \u2013 starosta Mgr. B\u0159etislav Hrdli\u010dka<\/strong><br \/>\nZa rozs\u00e1hlou rekonstrukci v\u00e1le\u010dn\u00e9ho hrobu u Svatov\u00e1clavsk\u00e9ho h\u0159bitova a p\u0159\u00edkladnou dlouhodobou p\u00e9\u010di o v\u00e1le\u010dn\u00e9 hroby. Rekonstrukce byla dokon\u010dena v roce 2024 a financov\u00e1na z rozpo\u010dtu m\u011bsta i Ministerstva obrany. Pomn\u00edk z\u00edskal nov\u00e9 technick\u00e9 z\u00e1zem\u00ed, v\u010detn\u011b nasv\u00edcen\u00ed, a roz\u0161\u00ed\u0159enou \u010d\u00e1st se jm\u00e9ny, kter\u00e1 se p\u016fvodn\u011b neve\u0161la.<\/p>\n<p><strong>\u2022\u00a0\u00a0 \u00a0Mgr. Jind\u0159i\u0161ka Mar\u0161\u00edkov\u00e1\u00a0<\/strong><br \/>\nZa obnovu hrobu MUDr. Franti\u0161ka Kotka, padl\u00e9ho v prvn\u00ed sv\u011btov\u00e9 v\u00e1lce, na Svatov\u00e1clavsk\u00e9m h\u0159bitov\u011b ve Strakonic\u00edch. Hrob byl restaurov\u00e1n v roce 2022. Celkov\u00e9 n\u00e1klady \u010dinily 50 000 K\u010d, z toho 15 000 K\u010d uhradila pan\u00ed Mar\u0161\u00edkov\u00e1 z vlastn\u00edch prost\u0159edk\u016f a zajistila i kompletn\u00ed pr\u016fb\u011bh opravy.<\/p>\n<p>&nbsp;<\/p>\n<p><strong>Text a foto: (tz-j\u010d)<\/strong><\/p>\n<hr \/>\n<p>&nbsp;<\/p>\n","protected":false},"excerpt":{"rendered":"<p>&nbsp; Na <\/p>\n","protected":false},"author":2,"featured_media":342261,"comment_status":"open","ping_status":"open","sticky":false,"template":"","format":"gallery","meta":{"footnotes":""},"categories":[69],"tags":[],"jetpack_featured_media_url":"https:\/\/zakrasnejsivimperk.cz\/wp-content\/uploads\/2025\/04\/08\/pametni-plakety.jpg","_links":{"self":[{"href":"https:\/\/zakrasnejsivimperk.cz\/index.php?rest_route=\/wp\/v2\/posts\/342260"}],"collection":[{"href":"https:\/\/zakrasnejsivimperk.cz\/index.php?rest_route=\/wp\/v2\/posts"}],"about":[{"href":"https:\/\/zakrasnejsivimperk.cz\/index.php?rest_route=\/wp\/v2\/types\/post"}],"author":[{"embeddable":true,"href":"https:\/\/zakrasnejsivimperk.cz\/index.php?rest_route=\/wp\/v2\/users\/2"}],"replies":[{"embeddable":true,"href":"https:\/\/zakrasnejsivimperk.cz\/index.php?rest_route=%2Fwp%2Fv2%2Fcomments&post=342260"}],"version-history":[{"count":1,"href":"https:\/\/zakrasnejsivimperk.cz\/index.php?rest_route=\/wp\/v2\/posts\/342260\/revisions"}],"predecessor-version":[{"id":342262,"href":"https:\/\/zakrasnejsivimperk.cz\/index.php?rest_route=\/wp\/v2\/posts\/342260\/revisions\/342262"}],"wp:featuredmedia":[{"embeddable":true,"href":"https:\/\/zakrasnejsivimperk.cz\/index.php?rest_route=\/wp\/v2\/media\/342261"}],"wp:attachment":[{"href":"https:\/\/zakrasnejsivimperk.cz\/index.php?rest_route=%2Fwp%2Fv2%2Fmedia&parent=342260"}],"wp:term":[{"taxonomy":"category","embeddable":true,"href":"https:\/\/zakrasnejsivimperk.cz\/index.php?rest_route=%2Fwp%2Fv2%2Fcategories&post=342260"},{"taxonomy":"post_tag","embeddable":true,"href":"https:\/\/zakrasnejsivimperk.cz\/index.php?rest_route=%2Fwp%2Fv2%2Ftags&post=342260"}],"curies":[{"name":"wp","href":"https:\/\/api.w.org\/{rel}","templated":true}]}}