{"id":342244,"date":"2025-04-08T17:20:07","date_gmt":"2025-04-08T16:20:07","guid":{"rendered":"https:\/\/zakrasnejsivimperk.cz\/?p=342244"},"modified":"2025-04-09T12:50:40","modified_gmt":"2025-04-09T11:50:40","slug":"nase-mesto-vimperk-zapis-ze-zasedani-mestske-rady-konane-31-brezna-25","status":"publish","type":"post","link":"https:\/\/zakrasnejsivimperk.cz\/?p=342244","title":{"rendered":"NA\u0160E M\u011aSTO VIMPERK: Z\u00e1pis ze zased\u00e1n\u00ed m\u011bstsk\u00e9 rady konan\u00e9 31. b\u0159ezna \u00b425"},"content":{"rendered":"<p><img loading=\"lazy\" decoding=\"async\" class=\"aligncenter wp-image-129874 size-full\" src=\"https:\/\/zakrasnejsivimperk.cz\/wp-content\/uploads\/2018\/05\/06\/dokumenty.jpg\" alt=\"\" width=\"799\" height=\"527\" srcset=\"https:\/\/zakrasnejsivimperk.cz\/wp-content\/uploads\/2018\/05\/06\/dokumenty.jpg 799w, https:\/\/zakrasnejsivimperk.cz\/wp-content\/uploads\/2018\/05\/06\/dokumenty-300x198.jpg 300w, https:\/\/zakrasnejsivimperk.cz\/wp-content\/uploads\/2018\/05\/06\/dokumenty-768x507.jpg 768w, https:\/\/zakrasnejsivimperk.cz\/wp-content\/uploads\/2018\/05\/06\/dokumenty-100x65.jpg 100w, https:\/\/zakrasnejsivimperk.cz\/wp-content\/uploads\/2018\/05\/06\/dokumenty-541x357.jpg 541w, https:\/\/zakrasnejsivimperk.cz\/wp-content\/uploads\/2018\/05\/06\/dokumenty-732x483.jpg 732w\" sizes=\"(max-width: 799px) 100vw, 799px\" \/><\/p>\n<p>&nbsp;<\/p>\n<h6>Rada m\u011bsta Vimperk na sv\u00e9m zased\u00e1n\u00ed 31. b\u0159ezna 2025 projednala a schv\u00e1lila <em>(p\u0159in\u00e1\u0161\u00edme doslovn\u00fd p\u0159epis n\u011bkter\u00fdch usnesen\u00ed bez redak\u010dn\u00ed \u00fapravy)<\/em>:<\/h6>\n<p>&nbsp;<\/p>\n<p><strong>Usnesen\u00ed \u010d. 253<\/strong><br \/>\nRada m\u011bsta d\u00e1v\u00e1 souhlas Z\u00e1kladn\u00ed \u0161kole T. G. Masaryka Vimperk, 1. m\u00e1je 268, okres Prachatice k pou\u017eit\u00ed rezervn\u00edho fondu ve v\u00fd\u0161i 460.000 K\u010d na modernizaci konektivity \u0161koly a zabezpe\u010den\u00ed vstup\u016f do \u0161koly.<\/p>\n<p>&nbsp;<\/p>\n<p><strong>Usnesen\u00ed \u010d. 255<\/strong><br \/>\nRada m\u011bsta bere na v\u011bdom\u00ed rozhodnut\u00ed \u0159editelky Z\u00e1kladn\u00ed \u0161koly T. G. Masaryka Vimperk o vyhl\u00e1\u0161en\u00ed \u0159editelsk\u00e9ho volna ve dnech 2. a 9. kv\u011btna 2025 z organiza\u010dn\u00edch a provozn\u00edch d\u016fvod\u016f.<\/p>\n<p>&nbsp;<\/p>\n<p><strong>Usnesen\u00ed \u010d. 256<\/strong><br \/>\nRada m\u011bsta bere na v\u011bdom\u00ed z\u00e1pis ze zased\u00e1n\u00ed kulturn\u00ed komise ze dne 10.03.2025 a rozhodla p\u0159id\u011blit dotace na podporu kultury&#8230;<\/p>\n<h6><a href=\"https:\/\/zakrasnejsivimperk.cz\/?p=342246\" target=\"_blank\" rel=\"noopener\"><em><strong>(Informoujeme v samostatn\u00e9m p\u0159\u00edsp\u011bvku.)<\/strong><\/em><\/a><\/h6>\n<p>&nbsp;<\/p>\n<p><strong>Usnesen\u00ed \u010d. 259<\/strong><br \/>\nRada m\u011bsta zastupuj\u00edc\u00ed m\u011bsto Vimperk jako vlastn\u00edka parcely parc. \u010d. 2440 \u2013 ostatn\u00ed plocha, sportovi\u0161t\u011b a rekrea\u010dn\u00ed plocha katastr\u00e1ln\u00edm \u00fazem\u00ed Vimperk v lokalit\u011b Na Radosti souhlas\u00ed s t\u00edm, aby tento pozemek byl vyu\u017eit pro skautsk\u00fd stanov\u00fd t\u00e1bor od 28.06.2025 do 27.07.2025 za p\u0159edpokladu, \u017ee nedojde k po\u0161kozen\u00ed tohoto a okoln\u00edch pozemk\u016f a nebude zm\u011bn\u011bn jeho sou\u010dasn\u00fd stav. Vyd\u00e1n\u00ed souhlasu je podm\u00edn\u011bno souhlasem org\u00e1n\u016f st\u00e1tn\u00ed spr\u00e1vy, p\u0159edev\u0161\u00edm ochrany p\u0159\u00edrody a krajiny, tj. Spr\u00e1vy N\u00e1rodn\u00edho parku \u0160umava. Souhlas je vyd\u00e1v\u00e1n spolku Jun\u00e1k \u2013 \u010desk\u00fd skaut, st\u0159edisku Ichthys Klobouky u Brna z. s., se s\u00eddlem Brn\u011bnsk\u00e1 218\/30, Klobouky u Brna.<\/p>\n<p>&nbsp;<\/p>\n<p><strong>Usnesen\u00ed \u010d. 272<\/strong><br \/>\nRada m\u011bsta souhlas\u00ed s realizac\u00ed stavebn\u00edch \u00faprav na pronajat\u00e9m majetku v budov\u011b v ulici Pivovarsk\u00e1 \u010dp 158 na vlastn\u00ed n\u00e1klady n\u00e1jemcem BH \u2013 Nemocnice Vimperk, a. s. v rozsahu n\u00ed\u017ee uveden\u00fdch oprav:<\/p>\n<p>Rekonstrukce pokoj\u016f 2.06, 2.07+2.08, 2.09, 2.19+2.20. 2.22+2.21, 2.11. 2.28. 2.26 na odd\u011blen\u00ed LDN \u2013 komplexn\u00ed rekonstrukce pokoj\u016f (v\u00fdm\u011bna podlahov\u00e9 krytiny, opravy om\u00edtek, obklady, v\u00fdmalba, oprava ZTI v\u010detn\u011b sanity a koncov\u00fdch prvk\u016f, proveden\u00ed nov\u00fdch rozvod\u016f el. V\u010detn\u011b v\u00fdm\u011bny koncov\u00fdch prvk\u016f, n\u00e1t\u011br z\u00e1rubn\u00ed.<\/p>\n<p>Rekonstrukce pokoj\u016f 2.10, 2.16, 2.17, 2.18, 2.09 na odd\u011blen\u00ed DS \u2013 rekonstrukce pokoj\u016f (v\u00fdm\u011bna podlahov\u00e9 krytiny, opravy om\u00edtek, obklady, v\u00fdmalba, v\u00fdm\u011bna ZTI sanity a koncov\u00fdch prvk\u016f, proveden\u00ed v\u00fdm\u011bny el. koncov\u00fdch prvk\u016f, n\u00e1t\u011br z\u00e1rubn\u00ed<\/p>\n<p>Rada m\u011bsta d\u00e1le souhlas\u00ed s t\u00edm, aby n\u00e1jemce (BH Nemocnice Vimperk a. s.) odepisoval technick\u00e9 zhodnocen\u00ed, kter\u00e9 na p\u0159edm\u011btu n\u00e1jmu takto provede dle \u00a7 28 odst. 3 z\u00e1kona 586\/1992 Sb., a to od okam\u017eiku realizace takov\u00e9ho technick\u00e9ho zhodnocen\u00ed s t\u00edm, \u017ee po\u0159izovac\u00ed cena technick\u00e9ho zhodnocen\u00ed proveden\u00e1 n\u00e1jemcem nesm\u00ed p\u0159es\u00e1hnout \u010d\u00e1stku 1.361.588 K\u010d bez DPH.<\/p>\n<p>&nbsp;<\/p>\n<p><strong>Usnesen\u00ed \u010d. 279<\/strong><br \/>\nRada m\u011bsta rozhodla poskytnout dotaci ve v\u00fd\u0161i 10.000 K\u010d Franti\u0161ku B\u0159e\u010dkovi, Svornosti \u010dp. 87, Vimperk, na \u00fahradu za pron\u00e1jem m\u00edsta p\u0159i po\u0159\u00e1d\u00e1n\u00ed pou\u0165ov\u00e9 z\u00e1bavy ve dnech 30.05.2025 \u2013 31.05.2025. Rada m\u011bsta po\u017eaduje p\u0159edlo\u017eit vy\u00fa\u010dtov\u00e1n\u00ed nejpozd\u011bji do 31.07.2025.<\/p>\n<p>&nbsp;<\/p>\n<p><strong>Usnesen\u00ed \u010d. 280<\/strong><br \/>\nRada m\u011bsta rozhodla, \u017ee m\u011bsto Vimperk v p\u016fsobnosti valn\u00e9 hromady jako jedin\u00fd spole\u010dn\u00edk spole\u010dnosti M\u011bstsk\u00e9 slu\u017eby Vimperk s. r. o., Steinbrenerova 6, 385 17 Vimperk, souhlas\u00ed s po\u0159\u00edzen\u00edm multifunk\u010dn\u00edho komun\u00e1ln\u00edho vozidla CARON C 70 a souhlas\u00ed s uzav\u00edr\u00e1n\u00edm obchodu, jeho\u017e hodnota p\u0159esahuje 500.000 K\u010d.<\/p>\n<p>&nbsp;<\/p>\n<p>&nbsp;<\/p>\n<p>Zdroj: M\u011bsto Vimperk<\/p>\n<p><strong>(red) \u2013 Za kr\u00e1sn\u011bj\u0161\u00ed Vimperk<\/strong><\/p>\n<p>Ilustra\u010dn\u00ed foto: archiv (red) \u2013 Za kr\u00e1sn\u011bj\u0161\u00ed Vimperk<\/p>\n<h6><a href=\"https:\/\/www.vimperk.cz\/zapisy-ze-zasedani-rady\/ds-1128\/p1=9521\" target=\"_blank\" rel=\"noopener\">Cel\u00fd z\u00e1pis z jedn\u00e1n\u00ed<\/a><\/h6>\n<hr \/>\n<p>&nbsp;<\/p>\n<h6>Informujeme:<\/h6>\n<h4 class=\"entry-title\"><a href=\"https:\/\/zakrasnejsivimperk.cz\/?p=342246\" target=\"_blank\" rel=\"noopener\">NA\u0160E M\u011aSTO VIMPERK: Radn\u00ed rozdali dotace na podporu kultury. Nejv\u00edce, 89 000 K\u010d, dostala firma GSI HOTELY<\/a><\/h4>\n<hr \/>\n<p>&nbsp;<\/p>\n","protected":false},"excerpt":{"rendered":"<p>&nbsp; Rada <\/p>\n","protected":false},"author":2,"featured_media":100721,"comment_status":"open","ping_status":"open","sticky":false,"template":"","format":"gallery","meta":{"footnotes":""},"categories":[115],"tags":[],"jetpack_featured_media_url":"https:\/\/zakrasnejsivimperk.cz\/wp-content\/uploads\/2017\/06\/15\/dokumenty-2.jpg","_links":{"self":[{"href":"https:\/\/zakrasnejsivimperk.cz\/index.php?rest_route=\/wp\/v2\/posts\/342244"}],"collection":[{"href":"https:\/\/zakrasnejsivimperk.cz\/index.php?rest_route=\/wp\/v2\/posts"}],"about":[{"href":"https:\/\/zakrasnejsivimperk.cz\/index.php?rest_route=\/wp\/v2\/types\/post"}],"author":[{"embeddable":true,"href":"https:\/\/zakrasnejsivimperk.cz\/index.php?rest_route=\/wp\/v2\/users\/2"}],"replies":[{"embeddable":true,"href":"https:\/\/zakrasnejsivimperk.cz\/index.php?rest_route=%2Fwp%2Fv2%2Fcomments&post=342244"}],"version-history":[{"count":3,"href":"https:\/\/zakrasnejsivimperk.cz\/index.php?rest_route=\/wp\/v2\/posts\/342244\/revisions"}],"predecessor-version":[{"id":342385,"href":"https:\/\/zakrasnejsivimperk.cz\/index.php?rest_route=\/wp\/v2\/posts\/342244\/revisions\/342385"}],"wp:featuredmedia":[{"embeddable":true,"href":"https:\/\/zakrasnejsivimperk.cz\/index.php?rest_route=\/wp\/v2\/media\/100721"}],"wp:attachment":[{"href":"https:\/\/zakrasnejsivimperk.cz\/index.php?rest_route=%2Fwp%2Fv2%2Fmedia&parent=342244"}],"wp:term":[{"taxonomy":"category","embeddable":true,"href":"https:\/\/zakrasnejsivimperk.cz\/index.php?rest_route=%2Fwp%2Fv2%2Fcategories&post=342244"},{"taxonomy":"post_tag","embeddable":true,"href":"https:\/\/zakrasnejsivimperk.cz\/index.php?rest_route=%2Fwp%2Fv2%2Ftags&post=342244"}],"curies":[{"name":"wp","href":"https:\/\/api.w.org\/{rel}","templated":true}]}}