{"id":340841,"date":"2025-03-26T12:55:46","date_gmt":"2025-03-26T11:55:46","guid":{"rendered":"https:\/\/zakrasnejsivimperk.cz\/?p=340841"},"modified":"2025-05-28T17:54:33","modified_gmt":"2025-05-28T16:54:33","slug":"jizni-cechy-nova-cyklostezka-strakonice-pracejovice-se-blizi-k-realizaci","status":"publish","type":"post","link":"https:\/\/zakrasnejsivimperk.cz\/?p=340841","title":{"rendered":"JI\u017dN\u00cd \u010cECHY: Cyklostezka Strakonice \u2013 Pracejovice se bl\u00ed\u017e\u00ed k realizaci, bude i l\u00e1vka"},"content":{"rendered":"<figure id=\"attachment_334389\" aria-describedby=\"caption-attachment-334389\" style=\"width: 1100px\" class=\"wp-caption aligncenter\"><img loading=\"lazy\" decoding=\"async\" class=\"wp-image-334389 size-full\" src=\"https:\/\/zakrasnejsivimperk.cz\/wp-content\/uploads\/2025\/01\/14\/strakonice.jpg\" alt=\"\" width=\"1100\" height=\"637\" srcset=\"https:\/\/zakrasnejsivimperk.cz\/wp-content\/uploads\/2025\/01\/14\/strakonice.jpg 1100w, https:\/\/zakrasnejsivimperk.cz\/wp-content\/uploads\/2025\/01\/14\/strakonice-300x174.jpg 300w, https:\/\/zakrasnejsivimperk.cz\/wp-content\/uploads\/2025\/01\/14\/strakonice-1024x593.jpg 1024w, https:\/\/zakrasnejsivimperk.cz\/wp-content\/uploads\/2025\/01\/14\/strakonice-768x445.jpg 768w, https:\/\/zakrasnejsivimperk.cz\/wp-content\/uploads\/2025\/01\/14\/strakonice-616x357.jpg 616w, https:\/\/zakrasnejsivimperk.cz\/wp-content\/uploads\/2025\/01\/14\/strakonice-834x483.jpg 834w\" sizes=\"(max-width: 1100px) 100vw, 1100px\" \/><figcaption id=\"caption-attachment-334389\" class=\"wp-caption-text\">Strakonice \/ Foto: (red) &#8211; Za kr\u00e1sn\u011bj\u0161\u00ed Vimperk<\/figcaption><\/figure>\n<p>&nbsp;<\/p>\n<h6>M\u011bsto Strakonice \u00fasp\u011b\u0161n\u011b vysout\u011b\u017eilo ve\u0159ejnou zak\u00e1zku na novostavbu cyklostezky Strakonice \u2013 Pracejovice, kter\u00e1 zahrnuje tak\u00e9 l\u00e1vku p\u0159es \u0159eku Otavu. Zak\u00e1zku z\u00edskala spole\u010dnost ZNAKON, kter\u00e1 cyklostezku zrealizuje za 23,5 milionu korun. Cel\u00fd projekt by m\u011bl b\u00fdt dokon\u010den do 12 m\u011bs\u00edc\u016f od p\u0159ed\u00e1n\u00ed staveni\u0161t\u011b.<\/h6>\n<p>V sou\u010dasn\u00e9 dob\u011b je\u0161t\u011b nen\u00ed kompletn\u011b hotov\u00e1 prov\u00e1d\u011bc\u00ed projektov\u00e1 dokumentace, a proto bude projekt realizov\u00e1n v re\u017eimu &#8220;design &amp; build&#8221;. To znamen\u00e1, \u017ee dodavatel nejprve zpracuje detailn\u00ed projektovou dokumentaci, zajist\u00ed ve\u0161ker\u00e9 in\u017een\u00fdrsk\u00e9 \u010dinnosti a n\u00e1sledn\u011b provede samotnou v\u00fdstavbu cyklostezky a l\u00e1vky.<\/p>\n<p>Nov\u00e1 cyklostezka p\u0159inese v\u00fdznamn\u00e9 zlep\u0161en\u00ed dopravn\u00ed infrastruktury ve m\u011bst\u011b a jeho okol\u00ed. Propoj\u00ed Strakonice s Pracejovicemi, a t\u00edm nab\u00eddne bezpe\u010dn\u011bj\u0161\u00ed alternativu pro cyklisty i p\u011b\u0161\u00ed, kte\u0159\u00ed dnes \u010dasto mus\u00ed jezdit \u010di chodit po frekventovan\u00e9 silnici I\/22.<\/p>\n<p>Samotn\u00e1 cyklostezka bude vystav\u011bna v \u0161\u00ed\u0159ce 3 metr\u016f, mimo \u010d\u00e1sti za l\u00e1vkou u obce Nov\u00fd Dra\u017eejov, kde bude o jeden metr \u0161ir\u0161\u00ed s asfaltov\u00fdm povrchem s nezpevn\u011bn\u00fdmi krajnicemi. Sou\u010d\u00e1st\u00ed nov\u00e9 cyklostezky bude i l\u00e1vka p\u0159ev\u00e1d\u011bj\u00edc\u00ed p\u011b\u0161\u00ed i cyklisty p\u0159es Otavu. Nov\u00e1 l\u00e1vka p\u0159es Otavu nav\u00edc zp\u0159\u00edjemn\u00ed cestu kr\u00e1sn\u00fdm prost\u0159ed\u00edm \u0159eky a umo\u017en\u00ed pohodln\u011bj\u0161\u00ed spojen\u00ed mezi ob\u011bma b\u0159ehy.<\/p>\n<p>M\u011bsto Strakonice dlouhodob\u011b podporuje rozvoj cyklodopravy a vytv\u00e1\u0159en\u00ed modern\u00ed infrastruktury pro bezpe\u010dn\u00fd pohyb cyklist\u016f i p\u011b\u0161\u00edch. Tato investice je dal\u0161\u00edm krokem k tomu, aby Strakonice byly p\u0159\u00edv\u011btiv\u00fdm a propojen\u00fdm m\u011bstem pro v\u0161echny, kdo preferuj\u00ed ekologickou a zdravou dopravu.<\/p>\n<p>&nbsp;<\/p>\n<p><strong>Mark\u00e9ta BU\u010cOKOV\u00c1,\u00a0 M\u011bsto Strakonice<\/strong><\/p>\n<hr \/>\n<p>&nbsp;<\/p>\n<h4>Jin\u00e9 zpr\u00e1vy ze Strakonic:<\/h4>\n<h6 class=\"entry-title\"><a href=\"https:\/\/zakrasnejsivimperk.cz\/?p=340572\" target=\"_blank\" rel=\"noopener\">JI\u017dN\u00cd \u010cECHY: Strakonice chystaj\u00ed p\u0159estavbu z\u00e1padn\u00ed \u010d\u00e1sti Velk\u00e9ho n\u00e1m\u011bst\u00ed<\/a><\/h6>\n<h6 class=\"entry-title\"><a href=\"https:\/\/zakrasnejsivimperk.cz\/?p=338037\" target=\"_blank\" rel=\"noopener\">JI\u017dN\u00cd \u010cECHY: Strakonice zah\u00e1jily v\u00fdstavbu dal\u0161\u00edch polozapu\u0161t\u011bn\u00fdch st\u00e1n\u00ed pro kontejnery na odpad<\/a><\/h6>\n<h6 class=\"entry-title\"><a href=\"https:\/\/zakrasnejsivimperk.cz\/?p=336710\" target=\"_blank\" rel=\"noopener\">JI\u017dN\u00cd \u010cECHY: Strakonick\u00e1 nemocnice m\u00e1 d\u011btskou obezitologickou ambulanci<\/a><\/h6>\n<h6 class=\"entry-title\"><a href=\"https:\/\/zakrasnejsivimperk.cz\/?p=335551\" target=\"_blank\" rel=\"noopener\">JI\u017dN\u00cd \u010cECHY: Nov\u00e1 po\u017e\u00e1rn\u00ed zbrojnice: Lep\u0161\u00ed z\u00e1zem\u00ed pro hasi\u010de a rychlej\u0161\u00ed v\u00fdjezdy<\/a><\/h6>\n<h6 class=\"entry-title\"><a href=\"https:\/\/zakrasnejsivimperk.cz\/?p=335054\" target=\"_blank\" rel=\"noopener\">JI\u017dN\u00cd \u010cECHY: Oprava d\u0159ev\u011bn\u00fdch v\u00fdpln\u00ed l\u00e1vky odhalila zaj\u00edmav\u00e9 detaily<\/a><\/h6>\n<h6 class=\"entry-title\"><a href=\"https:\/\/zakrasnejsivimperk.cz\/?p=334391\" target=\"_blank\" rel=\"noopener\">JI\u017dN\u00cd \u010cECHY: M\u011bsto pln\u00ed sv\u00e9 sliby: Chodn\u00edk v ulici Radomy\u0161lsk\u00e1 se prodlu\u017euje<\/a><\/h6>\n<h6 class=\"entry-title\"><a href=\"https:\/\/zakrasnejsivimperk.cz\/?p=334525\" target=\"_blank\" rel=\"noopener\">JI\u017dN\u00cd \u010cECHY: Nemocnice nov\u011b nab\u00edz\u00ed screeningov\u00e9 vy\u0161et\u0159en\u00ed v\u00fddut\u011b b\u0159i\u0161n\u00ed aorty<\/a><\/h6>\n<h6 class=\"entry-title\"><a href=\"https:\/\/zakrasnejsivimperk.cz\/?p=329801\" target=\"_blank\" rel=\"noopener\">JI\u017dN\u00cd \u010cECHY: Nemocnice Strakonice je Nejlep\u0161\u00ed nemocnic\u00ed roku 2024<\/a><\/h6>\n<h6 class=\"entry-title\"><a href=\"https:\/\/zakrasnejsivimperk.cz\/?p=331514\" target=\"_blank\" rel=\"noopener\">JI\u017dN\u00cd \u010cECHY: Nemocnice Strakonice po\u0159\u00eddila unik\u00e1tn\u00ed p\u0159\u00edstroj pro vy\u0161et\u0159en\u00ed slinivky a \u017elu\u010dov\u00fdch cest<\/a><\/h6>\n<h6 class=\"entry-title\"><a href=\"https:\/\/zakrasnejsivimperk.cz\/?p=328774\" target=\"_blank\" rel=\"noopener\">JI\u017dN\u00cd \u010cECHY: Nov\u00e1 l\u00e1vka na Podskal\u00ed usnad\u0148uje cestu krajinou pod\u00e9l Otavy<\/a><\/h6>\n<h6 class=\"entry-title\"><a href=\"https:\/\/zakrasnejsivimperk.cz\/?p=326163\" target=\"_blank\" rel=\"noopener\">JI\u017dN\u00cd \u010cECHY: Strakonick\u00e9 Komunitko 1415 zah\u00e1jilo svoji \u010dinnost na Ostrov\u011b<\/a><\/h6>\n<h6 class=\"entry-title\"><a href=\"https:\/\/zakrasnejsivimperk.cz\/?p=321375\" target=\"_blank\" rel=\"noopener\">JI\u017dN\u00cd \u010cECHY: Strakonice se p\u0159ipravuj\u00ed na velkou vodu, d\u011bln\u00edci stav\u00ed proti n\u00ed z\u00e1brany<\/a><\/h6>\n<h6><a href=\"https:\/\/zakrasnejsivimperk.cz\/?p=318802\" target=\"_blank\" rel=\"noopener\">JI\u017dN\u00cd \u010cECHY: Skv\u011bl\u00e9. ORL ambulance v Nemocnici Strakonice m\u00e1 novou posilu<\/a><\/h6>\n<h6><a href=\"https:\/\/zakrasnejsivimperk.cz\/?p=315266\" target=\"_blank\" rel=\"noopener\">JI\u017dN\u00cd \u010cECHY: Nemocni\u010dn\u00ed l\u00e9k\u00e1rna ve Strakonic\u00edch nen\u00ed jen oby\u010dejn\u00e1 v\u00fddejna l\u00e9k\u016f<\/a><\/h6>\n<h6><a href=\"https:\/\/zakrasnejsivimperk.cz\/?p=316309\" target=\"_blank\" rel=\"noopener\">JI\u017dN\u00cd \u010cECHY: Rekonstrukce Voly\u0148sk\u00e9 ul. ve Strakonic\u00edch zat\u00edm \u00fasp\u011b\u0161n\u011b pokra\u010duje<\/a><\/h6>\n<h6><a href=\"https:\/\/zakrasnejsivimperk.cz\/?p=313031\" target=\"_blank\" rel=\"noopener\">JI\u017dN\u00cd \u010cECHY: M\u011bsto Strakonice poskytne dotaci na vybaven\u00ed zubn\u00ed ordinace<\/a><\/h6>\n<h6><a href=\"https:\/\/zakrasnejsivimperk.cz\/?p=312358\" target=\"_blank\" rel=\"noopener\">JI\u017dN\u00cd \u010cECHY: Strakonick\u00fd pivovar koupil novou linku, na kter\u00e9 se bude st\u00e1\u010det a\u017e 3000 plechovek za hodinu<\/a><\/h6>\n<h6><a href=\"https:\/\/zakrasnejsivimperk.cz\/?p=310753\" target=\"_blank\" rel=\"noopener\">JI\u017dN\u00cd \u010cECHY: Veden\u00ed m\u011bsta Strakonice hled\u00e1 opat\u0159en\u00ed proti p\u0159\u00edvalov\u00fdm de\u0161\u0165\u016fm v m\u00edstn\u00ed \u010d\u00e1sti Nov\u00fd Dra\u017eejov<\/a><\/h6>\n<h6><a href=\"https:\/\/strakonicky.denik.cz\/zpravy_region\/novy-drazejov-opet-pod-vodou-jak-lidem-pomoci-mesto-svolalo-schuzku-20240610.html\" target=\"_blank\" rel=\"noopener\">Nov\u00fd Dra\u017eejov op\u011bt pod vodou. Jak lidem pomoci? M\u011bsto svolalo sch\u016fzku<\/a><\/h6>\n<h6><a href=\"https:\/\/zakrasnejsivimperk.cz\/?p=309043\" target=\"_blank\" rel=\"noopener\">JI\u017dN\u00cd \u010cECHY: Strakoni\u010dt\u00ed opravuj\u00ed pomn\u00edk padl\u00fdm u kostela svat\u00e9ho V\u00e1clava<\/a><\/h6>\n<h6><a href=\"https:\/\/zakrasnejsivimperk.cz\/?p=308877\" target=\"_blank\" rel=\"noopener\">JI\u017dN\u00cd \u010cECHY: Informace k aktu\u00e1ln\u00ed situaci na zimn\u00edm stadionu ve Strakonic\u00edch<\/a><\/h6>\n<h6><a href=\"https:\/\/zakrasnejsivimperk.cz\/?cat=131\" target=\"_blank\" rel=\"noopener\">Strakonick\u00e1 televize \u2013 ka\u017ed\u00fd t\u00fdden aktu\u00e1ln\u00ed informace o d\u011bn\u00ed ve m\u011bst\u011b na soutoku Voly\u0148ky a Otavy<\/a><\/h6>\n<hr \/>\n<p>&nbsp;<\/p>\n","protected":false},"excerpt":{"rendered":"<p>&nbsp; M\u011bsto <\/p>\n","protected":false},"author":2,"featured_media":334389,"comment_status":"open","ping_status":"open","sticky":false,"template":"","format":"gallery","meta":{"footnotes":""},"categories":[24],"tags":[],"jetpack_featured_media_url":"https:\/\/zakrasnejsivimperk.cz\/wp-content\/uploads\/2025\/01\/14\/strakonice.jpg","_links":{"self":[{"href":"https:\/\/zakrasnejsivimperk.cz\/index.php?rest_route=\/wp\/v2\/posts\/340841"}],"collection":[{"href":"https:\/\/zakrasnejsivimperk.cz\/index.php?rest_route=\/wp\/v2\/posts"}],"about":[{"href":"https:\/\/zakrasnejsivimperk.cz\/index.php?rest_route=\/wp\/v2\/types\/post"}],"author":[{"embeddable":true,"href":"https:\/\/zakrasnejsivimperk.cz\/index.php?rest_route=\/wp\/v2\/users\/2"}],"replies":[{"embeddable":true,"href":"https:\/\/zakrasnejsivimperk.cz\/index.php?rest_route=%2Fwp%2Fv2%2Fcomments&post=340841"}],"version-history":[{"count":6,"href":"https:\/\/zakrasnejsivimperk.cz\/index.php?rest_route=\/wp\/v2\/posts\/340841\/revisions"}],"predecessor-version":[{"id":347035,"href":"https:\/\/zakrasnejsivimperk.cz\/index.php?rest_route=\/wp\/v2\/posts\/340841\/revisions\/347035"}],"wp:featuredmedia":[{"embeddable":true,"href":"https:\/\/zakrasnejsivimperk.cz\/index.php?rest_route=\/wp\/v2\/media\/334389"}],"wp:attachment":[{"href":"https:\/\/zakrasnejsivimperk.cz\/index.php?rest_route=%2Fwp%2Fv2%2Fmedia&parent=340841"}],"wp:term":[{"taxonomy":"category","embeddable":true,"href":"https:\/\/zakrasnejsivimperk.cz\/index.php?rest_route=%2Fwp%2Fv2%2Fcategories&post=340841"},{"taxonomy":"post_tag","embeddable":true,"href":"https:\/\/zakrasnejsivimperk.cz\/index.php?rest_route=%2Fwp%2Fv2%2Ftags&post=340841"}],"curies":[{"name":"wp","href":"https:\/\/api.w.org\/{rel}","templated":true}]}}