{"id":340572,"date":"2025-03-23T12:18:00","date_gmt":"2025-03-23T11:18:00","guid":{"rendered":"https:\/\/zakrasnejsivimperk.cz\/?p=340572"},"modified":"2025-05-28T17:50:52","modified_gmt":"2025-05-28T16:50:52","slug":"jizni-cechy-strakonice-pripravuji-prestavbu-zapadni-casti-velkeho-namesti","status":"publish","type":"post","link":"https:\/\/zakrasnejsivimperk.cz\/?p=340572","title":{"rendered":"JI\u017dN\u00cd \u010cECHY: Strakonice chystaj\u00ed p\u0159estavbu z\u00e1padn\u00ed \u010d\u00e1sti Velk\u00e9ho n\u00e1m\u011bst\u00ed"},"content":{"rendered":"<p><img loading=\"lazy\" decoding=\"async\" class=\"aligncenter wp-image-340576 size-full\" src=\"https:\/\/zakrasnejsivimperk.cz\/wp-content\/uploads\/2025\/03\/21\/Namesti_Vychodni-pohled.jpg\" alt=\"\" width=\"1100\" height=\"555\" srcset=\"https:\/\/zakrasnejsivimperk.cz\/wp-content\/uploads\/2025\/03\/21\/Namesti_Vychodni-pohled.jpg 1100w, https:\/\/zakrasnejsivimperk.cz\/wp-content\/uploads\/2025\/03\/21\/Namesti_Vychodni-pohled-300x151.jpg 300w, https:\/\/zakrasnejsivimperk.cz\/wp-content\/uploads\/2025\/03\/21\/Namesti_Vychodni-pohled-1024x517.jpg 1024w, https:\/\/zakrasnejsivimperk.cz\/wp-content\/uploads\/2025\/03\/21\/Namesti_Vychodni-pohled-768x387.jpg 768w, https:\/\/zakrasnejsivimperk.cz\/wp-content\/uploads\/2025\/03\/21\/Namesti_Vychodni-pohled-708x357.jpg 708w, https:\/\/zakrasnejsivimperk.cz\/wp-content\/uploads\/2025\/03\/21\/Namesti_Vychodni-pohled-957x483.jpg 957w\" sizes=\"(max-width: 1100px) 100vw, 1100px\" \/><\/p>\n<p>&nbsp;<\/p>\n<h6>M\u011bsto Strakonice vypsalo ve\u0159ejnou zak\u00e1zku na p\u0159estavbu z\u00e1padn\u00ed \u010d\u00e1sti Velk\u00e9ho n\u00e1m\u011bst\u00ed. Projekt sleduj\u00edc\u00ed zv\u00fd\u0161en\u00ed komfortu obyvatel m\u011bsta se t\u00fdk\u00e1 \u00faseku od ulice Bavorova po ulici Na Str\u00e1\u017ei v\u010detn\u011b ulice L\u00e1ze\u0148sk\u00e1. Zahrnuje kompletn\u00ed rekonstrukci povrch\u016f, v\u00fd\u0161kov\u00e9 uspo\u0159\u00e1d\u00e1n\u00ed prostoru, v\u010dlen\u011bn\u00ed um\u011bleck\u00e9ho prvku vodn\u00edho d\u00edla i modernizaci in\u017een\u00fdrsk\u00fdch s\u00edt\u00ed.<\/h6>\n<p>V r\u00e1mci realizace akce prob\u011bhnou soub\u011b\u017en\u00e9 stavby jin\u00fdch spole\u010dnost\u00ed, jako nap\u0159\u00edklad EG.D, CETIN a Tepl\u00e1rny Strakonice. Dojde k rekonstrukci vodohospod\u00e1\u0159sk\u00fdch s\u00edt\u00ed v\u010detn\u011b p\u0159\u00edpojek. Z\u00e1sadn\u00ed sou\u010d\u00e1st\u00ed projektu je tak\u00e9 pl\u00e1novan\u00e1 v\u00fdm\u011bna parovodn\u00edch p\u0159\u00edpojek za teplovodn\u00ed p\u0159\u00edpojky, kterou provede Tepl\u00e1rna Strakonice. Tato etapa mus\u00ed prob\u011bhnout mimo topnou sez\u00f3nu, aby nedo\u0161lo k omezen\u00ed dod\u00e1vek tepla pro obyvatele. Term\u00edn zah\u00e1jen\u00ed z\u00e1vis\u00ed na pr\u016fb\u011bhu v\u00fdb\u011brov\u00e9ho \u0159\u00edzen\u00ed.<\/p>\n<p>Na n\u00e1m\u011bst\u00ed je \u0159ada obytn\u00fdch a ve\u0159ejn\u00fdch budov, kter\u00e9 po dobu rekonstrukce budou p\u0159\u00edstupn\u00e9 jak pro obyvatele oblasti, tak pro zam\u011bstnance a n\u00e1v\u0161t\u011bvn\u00edky. Rovn\u011b\u017e bude po dobu rekonstrukce zaji\u0161t\u011bn svoz komun\u00e1ln\u00edho a t\u0159\u00edd\u011bn\u00e9ho odpadu z p\u0159ilehl\u00fdch nemovitost\u00ed.<\/p>\n<h6>Prob\u00edh\u00e1 v\u00fdb\u011brov\u00e9 \u0159\u00edzen\u00ed, term\u00edny budou up\u0159esn\u011bny<\/h6>\n<p>V sou\u010dasn\u00e9 dob\u011b prob\u00edh\u00e1 v\u00fdb\u011brov\u00e9 \u0159\u00edzen\u00ed na zhotovitele stavby. Z tohoto d\u016fvodu zat\u00edm nelze p\u0159esn\u011b stanovit term\u00edny zah\u00e1jen\u00ed a ukon\u010den\u00ed prac\u00ed. Ty budou up\u0159esn\u011bny a\u017e po ukon\u010den\u00ed v\u00fdb\u011brov\u00e9ho \u0159\u00edzen\u00ed a spln\u011bn\u00ed v\u0161ech administrativn\u00edch lh\u016ft. P\u0159esto\u017ee m\u011bsto p\u0159ipravuje v\u0161e pot\u0159ebn\u00e9 k zah\u00e1jen\u00ed stavby, nelze vylou\u010dit, \u017ee se proces v\u00fdb\u011brov\u00e9ho \u0159\u00edzen\u00ed prot\u00e1hne. Pokud by do\u0161lo k odvol\u00e1n\u00edm \u010di administrativn\u00edm pr\u016ftah\u016fm, m\u016f\u017ee se st\u00e1t, \u017ee se stavebn\u00ed pr\u00e1ce letos v\u016fbec nespust\u00ed.<\/p>\n<p>M\u011bsto situaci bedliv\u011b sleduje a bude o dal\u0161\u00edm v\u00fdvoji ob\u010dany informovat. Jakmile bude vybr\u00e1n zhotovitel stavby, veden\u00ed m\u011bsta pl\u00e1nuje setk\u00e1n\u00ed s obyvateli dot\u010den\u00e9 \u010d\u00e1sti Velk\u00e9ho n\u00e1m\u011bst\u00ed. Na n\u011bm bude podrobn\u011b p\u0159edstaven pl\u00e1novan\u00fd harmonogram prac\u00ed a opat\u0159en\u00ed ke sn\u00ed\u017een\u00ed dopad\u016f na ka\u017edodenn\u00ed \u017eivot m\u00edstn\u00edch obyvatel. M\u011bsto Strakonice d\u011bkuje obyvatel\u016fm za trp\u011blivost a vst\u0159\u00edcnost p\u0159i realizaci t\u00e9to v\u00fdznamn\u00e9 investice, kter\u00e1 p\u0159inese modernizaci centra m\u011bsta a zlep\u0161\u00ed jeho vzhled i funk\u010dnost.<\/p>\n<p>&nbsp;<\/p>\n<p><strong>Text a foto: Mark\u00e9ta BU\u010cOKOV\u00c1,\u00a0 M\u011bsto Strakonice<\/strong><\/p>\n<p>&nbsp;<\/p>\n<p><img loading=\"lazy\" decoding=\"async\" class=\"alignnone wp-image-340807 size-full\" src=\"https:\/\/zakrasnejsivimperk.cz\/wp-content\/uploads\/2025\/03\/23\/strakonice-velke-namesti-zapad-1.jpg\" alt=\"\" width=\"2048\" height=\"1536\" srcset=\"https:\/\/zakrasnejsivimperk.cz\/wp-content\/uploads\/2025\/03\/23\/strakonice-velke-namesti-zapad-1.jpg 2048w, https:\/\/zakrasnejsivimperk.cz\/wp-content\/uploads\/2025\/03\/23\/strakonice-velke-namesti-zapad-1-300x225.jpg 300w, https:\/\/zakrasnejsivimperk.cz\/wp-content\/uploads\/2025\/03\/23\/strakonice-velke-namesti-zapad-1-1024x768.jpg 1024w, https:\/\/zakrasnejsivimperk.cz\/wp-content\/uploads\/2025\/03\/23\/strakonice-velke-namesti-zapad-1-768x576.jpg 768w, https:\/\/zakrasnejsivimperk.cz\/wp-content\/uploads\/2025\/03\/23\/strakonice-velke-namesti-zapad-1-1536x1152.jpg 1536w, https:\/\/zakrasnejsivimperk.cz\/wp-content\/uploads\/2025\/03\/23\/strakonice-velke-namesti-zapad-1-476x357.jpg 476w, https:\/\/zakrasnejsivimperk.cz\/wp-content\/uploads\/2025\/03\/23\/strakonice-velke-namesti-zapad-1-644x483.jpg 644w\" sizes=\"(max-width: 2048px) 100vw, 2048px\" \/><\/p>\n<p>&nbsp;<\/p>\n<p><img loading=\"lazy\" decoding=\"async\" class=\"aligncenter wp-image-340808 size-full\" src=\"https:\/\/zakrasnejsivimperk.cz\/wp-content\/uploads\/2025\/03\/23\/strakonice-velke-namesti-zapad-2.jpg\" alt=\"\" width=\"2048\" height=\"1536\" srcset=\"https:\/\/zakrasnejsivimperk.cz\/wp-content\/uploads\/2025\/03\/23\/strakonice-velke-namesti-zapad-2.jpg 2048w, https:\/\/zakrasnejsivimperk.cz\/wp-content\/uploads\/2025\/03\/23\/strakonice-velke-namesti-zapad-2-300x225.jpg 300w, https:\/\/zakrasnejsivimperk.cz\/wp-content\/uploads\/2025\/03\/23\/strakonice-velke-namesti-zapad-2-1024x768.jpg 1024w, https:\/\/zakrasnejsivimperk.cz\/wp-content\/uploads\/2025\/03\/23\/strakonice-velke-namesti-zapad-2-768x576.jpg 768w, https:\/\/zakrasnejsivimperk.cz\/wp-content\/uploads\/2025\/03\/23\/strakonice-velke-namesti-zapad-2-1536x1152.jpg 1536w, https:\/\/zakrasnejsivimperk.cz\/wp-content\/uploads\/2025\/03\/23\/strakonice-velke-namesti-zapad-2-476x357.jpg 476w, https:\/\/zakrasnejsivimperk.cz\/wp-content\/uploads\/2025\/03\/23\/strakonice-velke-namesti-zapad-2-644x483.jpg 644w\" sizes=\"(max-width: 2048px) 100vw, 2048px\" \/><\/p>\n<p>&nbsp;<\/p>\n<p><img loading=\"lazy\" decoding=\"async\" class=\"aligncenter wp-image-340575 size-full\" src=\"https:\/\/zakrasnejsivimperk.cz\/wp-content\/uploads\/2025\/03\/21\/Namesti_Strom.jpg\" alt=\"\" width=\"1100\" height=\"554\" srcset=\"https:\/\/zakrasnejsivimperk.cz\/wp-content\/uploads\/2025\/03\/21\/Namesti_Strom.jpg 1100w, https:\/\/zakrasnejsivimperk.cz\/wp-content\/uploads\/2025\/03\/21\/Namesti_Strom-300x151.jpg 300w, https:\/\/zakrasnejsivimperk.cz\/wp-content\/uploads\/2025\/03\/21\/Namesti_Strom-1024x516.jpg 1024w, https:\/\/zakrasnejsivimperk.cz\/wp-content\/uploads\/2025\/03\/21\/Namesti_Strom-768x387.jpg 768w, https:\/\/zakrasnejsivimperk.cz\/wp-content\/uploads\/2025\/03\/21\/Namesti_Strom-709x357.jpg 709w, https:\/\/zakrasnejsivimperk.cz\/wp-content\/uploads\/2025\/03\/21\/Namesti_Strom-959x483.jpg 959w\" sizes=\"(max-width: 1100px) 100vw, 1100px\" \/><\/p>\n<p>&nbsp;<\/p>\n<p><img loading=\"lazy\" decoding=\"async\" class=\"aligncenter wp-image-340574 size-full\" src=\"https:\/\/zakrasnejsivimperk.cz\/wp-content\/uploads\/2025\/03\/21\/Namesti_nadhledovka.jpg\" alt=\"\" width=\"1100\" height=\"551\" srcset=\"https:\/\/zakrasnejsivimperk.cz\/wp-content\/uploads\/2025\/03\/21\/Namesti_nadhledovka.jpg 1100w, https:\/\/zakrasnejsivimperk.cz\/wp-content\/uploads\/2025\/03\/21\/Namesti_nadhledovka-300x150.jpg 300w, https:\/\/zakrasnejsivimperk.cz\/wp-content\/uploads\/2025\/03\/21\/Namesti_nadhledovka-1024x513.jpg 1024w, https:\/\/zakrasnejsivimperk.cz\/wp-content\/uploads\/2025\/03\/21\/Namesti_nadhledovka-768x385.jpg 768w, https:\/\/zakrasnejsivimperk.cz\/wp-content\/uploads\/2025\/03\/21\/Namesti_nadhledovka-713x357.jpg 713w, https:\/\/zakrasnejsivimperk.cz\/wp-content\/uploads\/2025\/03\/21\/Namesti_nadhledovka-964x483.jpg 964w\" sizes=\"(max-width: 1100px) 100vw, 1100px\" \/><\/p>\n<p>&nbsp;<\/p>\n<p><img loading=\"lazy\" decoding=\"async\" class=\"aligncenter wp-image-340573 size-full\" src=\"https:\/\/zakrasnejsivimperk.cz\/wp-content\/uploads\/2025\/03\/21\/Namesti_Lazenska.jpg\" alt=\"\" width=\"1100\" height=\"554\" srcset=\"https:\/\/zakrasnejsivimperk.cz\/wp-content\/uploads\/2025\/03\/21\/Namesti_Lazenska.jpg 1100w, https:\/\/zakrasnejsivimperk.cz\/wp-content\/uploads\/2025\/03\/21\/Namesti_Lazenska-300x151.jpg 300w, https:\/\/zakrasnejsivimperk.cz\/wp-content\/uploads\/2025\/03\/21\/Namesti_Lazenska-1024x516.jpg 1024w, https:\/\/zakrasnejsivimperk.cz\/wp-content\/uploads\/2025\/03\/21\/Namesti_Lazenska-768x387.jpg 768w, https:\/\/zakrasnejsivimperk.cz\/wp-content\/uploads\/2025\/03\/21\/Namesti_Lazenska-709x357.jpg 709w, https:\/\/zakrasnejsivimperk.cz\/wp-content\/uploads\/2025\/03\/21\/Namesti_Lazenska-959x483.jpg 959w\" sizes=\"(max-width: 1100px) 100vw, 1100px\" \/><\/p>\n<hr \/>\n<p>&nbsp;<\/p>\n<h4>Jin\u00e9 zpr\u00e1vy ze Strakonic:<\/h4>\n<h6 class=\"entry-title\"><a href=\"https:\/\/zakrasnejsivimperk.cz\/?p=338037\" target=\"_blank\" rel=\"noopener\">JI\u017dN\u00cd \u010cECHY: Strakonice zah\u00e1jily v\u00fdstavbu dal\u0161\u00edch polozapu\u0161t\u011bn\u00fdch st\u00e1n\u00ed pro kontejnery na odpad<\/a><\/h6>\n<h6 class=\"entry-title\"><a href=\"https:\/\/zakrasnejsivimperk.cz\/?p=336710\" target=\"_blank\" rel=\"noopener\">JI\u017dN\u00cd \u010cECHY: Strakonick\u00e1 nemocnice m\u00e1 d\u011btskou obezitologickou ambulanci<\/a><\/h6>\n<h6 class=\"entry-title\"><a href=\"https:\/\/zakrasnejsivimperk.cz\/?p=335551\" target=\"_blank\" rel=\"noopener\">JI\u017dN\u00cd \u010cECHY: Nov\u00e1 po\u017e\u00e1rn\u00ed zbrojnice: Lep\u0161\u00ed z\u00e1zem\u00ed pro hasi\u010de a rychlej\u0161\u00ed v\u00fdjezdy<\/a><\/h6>\n<h6 class=\"entry-title\"><a href=\"https:\/\/zakrasnejsivimperk.cz\/?p=335054\" target=\"_blank\" rel=\"noopener\">JI\u017dN\u00cd \u010cECHY: Oprava d\u0159ev\u011bn\u00fdch v\u00fdpln\u00ed l\u00e1vky odhalila zaj\u00edmav\u00e9 detaily<\/a><\/h6>\n<h6 class=\"entry-title\"><a href=\"https:\/\/zakrasnejsivimperk.cz\/?p=334391\" target=\"_blank\" rel=\"noopener\">JI\u017dN\u00cd \u010cECHY: M\u011bsto pln\u00ed sv\u00e9 sliby: Chodn\u00edk v ulici Radomy\u0161lsk\u00e1 se prodlu\u017euje<\/a><\/h6>\n<h6 class=\"entry-title\"><a href=\"https:\/\/zakrasnejsivimperk.cz\/?p=334525\" target=\"_blank\" rel=\"noopener\">JI\u017dN\u00cd \u010cECHY: Nemocnice nov\u011b nab\u00edz\u00ed screeningov\u00e9 vy\u0161et\u0159en\u00ed v\u00fddut\u011b b\u0159i\u0161n\u00ed aorty<\/a><\/h6>\n<h6 class=\"entry-title\"><a href=\"https:\/\/zakrasnejsivimperk.cz\/?p=329801\" target=\"_blank\" rel=\"noopener\">JI\u017dN\u00cd \u010cECHY: Nemocnice Strakonice je Nejlep\u0161\u00ed nemocnic\u00ed roku 2024<\/a><\/h6>\n<h6 class=\"entry-title\"><a href=\"https:\/\/zakrasnejsivimperk.cz\/?p=331514\" target=\"_blank\" rel=\"noopener\">JI\u017dN\u00cd \u010cECHY: Nemocnice Strakonice po\u0159\u00eddila unik\u00e1tn\u00ed p\u0159\u00edstroj pro vy\u0161et\u0159en\u00ed slinivky a \u017elu\u010dov\u00fdch cest<\/a><\/h6>\n<h6 class=\"entry-title\"><a href=\"https:\/\/zakrasnejsivimperk.cz\/?p=328774\" target=\"_blank\" rel=\"noopener\">JI\u017dN\u00cd \u010cECHY: Nov\u00e1 l\u00e1vka na Podskal\u00ed usnad\u0148uje cestu krajinou pod\u00e9l Otavy<\/a><\/h6>\n<h6 class=\"entry-title\"><a href=\"https:\/\/zakrasnejsivimperk.cz\/?p=326163\" target=\"_blank\" rel=\"noopener\">JI\u017dN\u00cd \u010cECHY: Strakonick\u00e9 Komunitko 1415 zah\u00e1jilo svoji \u010dinnost na Ostrov\u011b<\/a><\/h6>\n<h6 class=\"entry-title\"><a href=\"https:\/\/zakrasnejsivimperk.cz\/?p=321375\" target=\"_blank\" rel=\"noopener\">JI\u017dN\u00cd \u010cECHY: Strakonice se p\u0159ipravuj\u00ed na velkou vodu, d\u011bln\u00edci stav\u00ed proti n\u00ed z\u00e1brany<\/a><\/h6>\n<h6><a href=\"https:\/\/zakrasnejsivimperk.cz\/?p=318802\" target=\"_blank\" rel=\"noopener\">JI\u017dN\u00cd \u010cECHY: Skv\u011bl\u00e9. ORL ambulance v Nemocnici Strakonice m\u00e1 novou posilu<\/a><\/h6>\n<h6><a href=\"https:\/\/zakrasnejsivimperk.cz\/?p=315266\" target=\"_blank\" rel=\"noopener\">JI\u017dN\u00cd \u010cECHY: Nemocni\u010dn\u00ed l\u00e9k\u00e1rna ve Strakonic\u00edch nen\u00ed jen oby\u010dejn\u00e1 v\u00fddejna l\u00e9k\u016f<\/a><\/h6>\n<h6><a href=\"https:\/\/zakrasnejsivimperk.cz\/?p=316309\" target=\"_blank\" rel=\"noopener\">JI\u017dN\u00cd \u010cECHY: Rekonstrukce Voly\u0148sk\u00e9 ul. ve Strakonic\u00edch zat\u00edm \u00fasp\u011b\u0161n\u011b pokra\u010duje<\/a><\/h6>\n<h6><a href=\"https:\/\/zakrasnejsivimperk.cz\/?p=313031\" target=\"_blank\" rel=\"noopener\">JI\u017dN\u00cd \u010cECHY: M\u011bsto Strakonice poskytne dotaci na vybaven\u00ed zubn\u00ed ordinace<\/a><\/h6>\n<h6><a href=\"https:\/\/zakrasnejsivimperk.cz\/?p=312358\" target=\"_blank\" rel=\"noopener\">JI\u017dN\u00cd \u010cECHY: Strakonick\u00fd pivovar koupil novou linku, na kter\u00e9 se bude st\u00e1\u010det a\u017e 3000 plechovek za hodinu<\/a><\/h6>\n<h6><a href=\"https:\/\/zakrasnejsivimperk.cz\/?p=310753\" target=\"_blank\" rel=\"noopener\">JI\u017dN\u00cd \u010cECHY: Veden\u00ed m\u011bsta Strakonice hled\u00e1 opat\u0159en\u00ed proti p\u0159\u00edvalov\u00fdm de\u0161\u0165\u016fm v m\u00edstn\u00ed \u010d\u00e1sti Nov\u00fd Dra\u017eejov<\/a><\/h6>\n<h6><a href=\"https:\/\/strakonicky.denik.cz\/zpravy_region\/novy-drazejov-opet-pod-vodou-jak-lidem-pomoci-mesto-svolalo-schuzku-20240610.html\" target=\"_blank\" rel=\"noopener\">Nov\u00fd Dra\u017eejov op\u011bt pod vodou. Jak lidem pomoci? M\u011bsto svolalo sch\u016fzku<\/a><\/h6>\n<h6><a href=\"https:\/\/zakrasnejsivimperk.cz\/?p=309043\" target=\"_blank\" rel=\"noopener\">JI\u017dN\u00cd \u010cECHY: Strakoni\u010dt\u00ed opravuj\u00ed pomn\u00edk padl\u00fdm u kostela svat\u00e9ho V\u00e1clava<\/a><\/h6>\n<h6><a href=\"https:\/\/zakrasnejsivimperk.cz\/?p=308877\" target=\"_blank\" rel=\"noopener\">JI\u017dN\u00cd \u010cECHY: Informace k aktu\u00e1ln\u00ed situaci na zimn\u00edm stadionu ve Strakonic\u00edch<\/a><\/h6>\n<h6><a href=\"https:\/\/zakrasnejsivimperk.cz\/?cat=131\" target=\"_blank\" rel=\"noopener\">Strakonick\u00e1 televize \u2013 ka\u017ed\u00fd t\u00fdden aktu\u00e1ln\u00ed informace o d\u011bn\u00ed ve m\u011bst\u011b na soutoku Voly\u0148ky a Otavy<\/a><\/h6>\n<hr \/>\n<p>&nbsp;<\/p>\n","protected":false},"excerpt":{"rendered":"<p>&nbsp; M\u011bsto <\/p>\n","protected":false},"author":2,"featured_media":340576,"comment_status":"open","ping_status":"open","sticky":false,"template":"","format":"gallery","meta":{"footnotes":""},"categories":[69],"tags":[],"jetpack_featured_media_url":"https:\/\/zakrasnejsivimperk.cz\/wp-content\/uploads\/2025\/03\/21\/Namesti_Vychodni-pohled.jpg","_links":{"self":[{"href":"https:\/\/zakrasnejsivimperk.cz\/index.php?rest_route=\/wp\/v2\/posts\/340572"}],"collection":[{"href":"https:\/\/zakrasnejsivimperk.cz\/index.php?rest_route=\/wp\/v2\/posts"}],"about":[{"href":"https:\/\/zakrasnejsivimperk.cz\/index.php?rest_route=\/wp\/v2\/types\/post"}],"author":[{"embeddable":true,"href":"https:\/\/zakrasnejsivimperk.cz\/index.php?rest_route=\/wp\/v2\/users\/2"}],"replies":[{"embeddable":true,"href":"https:\/\/zakrasnejsivimperk.cz\/index.php?rest_route=%2Fwp%2Fv2%2Fcomments&post=340572"}],"version-history":[{"count":6,"href":"https:\/\/zakrasnejsivimperk.cz\/index.php?rest_route=\/wp\/v2\/posts\/340572\/revisions"}],"predecessor-version":[{"id":347033,"href":"https:\/\/zakrasnejsivimperk.cz\/index.php?rest_route=\/wp\/v2\/posts\/340572\/revisions\/347033"}],"wp:featuredmedia":[{"embeddable":true,"href":"https:\/\/zakrasnejsivimperk.cz\/index.php?rest_route=\/wp\/v2\/media\/340576"}],"wp:attachment":[{"href":"https:\/\/zakrasnejsivimperk.cz\/index.php?rest_route=%2Fwp%2Fv2%2Fmedia&parent=340572"}],"wp:term":[{"taxonomy":"category","embeddable":true,"href":"https:\/\/zakrasnejsivimperk.cz\/index.php?rest_route=%2Fwp%2Fv2%2Fcategories&post=340572"},{"taxonomy":"post_tag","embeddable":true,"href":"https:\/\/zakrasnejsivimperk.cz\/index.php?rest_route=%2Fwp%2Fv2%2Ftags&post=340572"}],"curies":[{"name":"wp","href":"https:\/\/api.w.org\/{rel}","templated":true}]}}