{"id":340482,"date":"2025-03-20T13:23:16","date_gmt":"2025-03-20T12:23:16","guid":{"rendered":"https:\/\/zakrasnejsivimperk.cz\/?p=340482"},"modified":"2025-03-20T13:37:54","modified_gmt":"2025-03-20T12:37:54","slug":"jizni-cechy-terminy-uzavirek-na-silnici-i-4-v-useku-z-vimperka-do-strazneho","status":"publish","type":"post","link":"https:\/\/zakrasnejsivimperk.cz\/?p=340482","title":{"rendered":"JI\u017dN\u00cd \u010cECHY: Toto by m\u011bly b\u00fdt term\u00edny uzav\u00edrek na silnici Vimperk &#8211; Str\u00e1\u017en\u00fd"},"content":{"rendered":"<figure id=\"attachment_301411\" aria-describedby=\"caption-attachment-301411\" style=\"width: 1096px\" class=\"wp-caption aligncenter\"><img loading=\"lazy\" decoding=\"async\" class=\"wp-image-301411 size-full\" src=\"https:\/\/zakrasnejsivimperk.cz\/wp-content\/uploads\/2024\/03\/21\/zeleznicni-most-kubovka-xx.jpg\" alt=\"\" width=\"1096\" height=\"585\" srcset=\"https:\/\/zakrasnejsivimperk.cz\/wp-content\/uploads\/2024\/03\/21\/zeleznicni-most-kubovka-xx.jpg 1096w, https:\/\/zakrasnejsivimperk.cz\/wp-content\/uploads\/2024\/03\/21\/zeleznicni-most-kubovka-xx-300x160.jpg 300w, https:\/\/zakrasnejsivimperk.cz\/wp-content\/uploads\/2024\/03\/21\/zeleznicni-most-kubovka-xx-1024x547.jpg 1024w, https:\/\/zakrasnejsivimperk.cz\/wp-content\/uploads\/2024\/03\/21\/zeleznicni-most-kubovka-xx-768x410.jpg 768w, https:\/\/zakrasnejsivimperk.cz\/wp-content\/uploads\/2024\/03\/21\/zeleznicni-most-kubovka-xx-669x357.jpg 669w, https:\/\/zakrasnejsivimperk.cz\/wp-content\/uploads\/2024\/03\/21\/zeleznicni-most-kubovka-xx-905x483.jpg 905w\" sizes=\"(max-width: 1096px) 100vw, 1096px\" \/><figcaption id=\"caption-attachment-301411\" class=\"wp-caption-text\">\u017delezni\u010dn\u00ed viadukt u Kobovy Huti \/ Foto: Zden\u011bk FR\u010cEK<\/figcaption><\/figure>\n<p>&nbsp;<\/p>\n<h6>Kvapem se bl\u00ed\u017e\u00ed dlouho pl\u00e1novan\u00e1 rekonstrukce \u017eelezni\u010dn\u00edho viaduktu u Kubovy Huti a s t\u00edm spojen\u00e9 uzav\u00edrky na silnici I\/4 k hrani\u010dn\u00edmu p\u0159echodu ve Str\u00e1\u017en\u00e9m. Spr\u00e1va \u017eeleznic vyu\u017eije nastal\u00e9 situace tak\u00e9 k oprav\u011b \u017eelezni\u010dn\u00edho p\u0159ejezdu pobl\u00ed\u017e zast\u00e1vky Vimperk.<\/h6>\n<p>Mluv\u010d\u00ed \u0158editelstv\u00ed silnic a d\u00e1lnic Adam Kolou\u0161ek poslal na\u0161\u00ed redakci informaci, <em>&#8220;v jak\u00e9m term\u00ednu by uzav\u00edrky zhruba m\u011bly platit.&#8221; <\/em>Z\u00e1rove\u0148 p\u0159ipomn\u011bl, \u017ee &#8220;<em>na \u00fa\u0159edn\u00ed desce kraje zat\u00edm ofici\u00e1ln\u00ed term\u00edn omezen\u00ed zve\u0159ejn\u011bn nebyl.&#8221;<\/em><\/p>\n<p class=\"-wm-MsoNormal\"><strong>I. etapa \u2013 <\/strong>\u00fapln\u00e1 uzav\u00edrka nadjezdu 4-072 a \u017eel. p\u0159ejezdu 4-070 (Vimperk) v\u00a0term\u00ednu<strong> od 1.4.2025 \u2013 10.4.2025<\/strong><\/p>\n<p class=\"-wm-MsoNormal\"><strong>II.etapa \u2013 <\/strong>\u00fapln\u00e1 uzav\u00edrka nadjezdu 4-072 v\u00a0term\u00ednu<strong> od 10.4.2025 \u2013 16.6.2025<\/strong><\/p>\n<p class=\"-wm-MsoNormal\"><strong>III.etapa \u2013 <\/strong>\u010d\u00e1ste\u010dn\u00e1 uzav\u00edrka nadjezdu 4-072 v\u00a0term\u00ednu<strong> od 17.6.2025 \u2013 31.7.2025<\/strong><\/p>\n<p>&nbsp;<\/p>\n<p><strong>(red) &#8211; Za kr\u00e1sn\u011bj\u0161\u00ed Vimperk<\/strong><\/p>\n<hr \/>\n<p>&nbsp;<\/p>\n<h6>Informovali jsme:<\/h6>\n<h4 class=\"entry-title\"><a href=\"https:\/\/zakrasnejsivimperk.cz\/?p=339906\" target=\"_blank\" rel=\"noopener\">JI\u017dN\u00cd \u010cECHY: Uzav\u00edrka silnice I\/4. Na \u010dem se shodli \u00fa\u010dastn\u00edci sch\u016fzky na krajsk\u00e9m \u00fa\u0159ad\u011b<\/a><\/h4>\n<h4><a href=\"https:\/\/zakrasnejsivimperk.cz\/?p=338165\" target=\"_blank\" rel=\"noopener\">JI\u017dN\u00cd \u010cECHY: Rekonstrukce \u017eelezni\u010dn\u00edho viaduktu a oprava p\u0159ejezdu uzav\u0159ou silnici do Str\u00e1\u017en\u00e9ho<\/a><\/h4>\n<hr \/>\n<p>&nbsp;<\/p>\n","protected":false},"excerpt":{"rendered":"<p>&nbsp; Kvapem <\/p>\n","protected":false},"author":2,"featured_media":301411,"comment_status":"open","ping_status":"open","sticky":false,"template":"","format":"gallery","meta":{"footnotes":""},"categories":[10],"tags":[],"jetpack_featured_media_url":"https:\/\/zakrasnejsivimperk.cz\/wp-content\/uploads\/2024\/03\/21\/zeleznicni-most-kubovka-xx.jpg","_links":{"self":[{"href":"https:\/\/zakrasnejsivimperk.cz\/index.php?rest_route=\/wp\/v2\/posts\/340482"}],"collection":[{"href":"https:\/\/zakrasnejsivimperk.cz\/index.php?rest_route=\/wp\/v2\/posts"}],"about":[{"href":"https:\/\/zakrasnejsivimperk.cz\/index.php?rest_route=\/wp\/v2\/types\/post"}],"author":[{"embeddable":true,"href":"https:\/\/zakrasnejsivimperk.cz\/index.php?rest_route=\/wp\/v2\/users\/2"}],"replies":[{"embeddable":true,"href":"https:\/\/zakrasnejsivimperk.cz\/index.php?rest_route=%2Fwp%2Fv2%2Fcomments&post=340482"}],"version-history":[{"count":16,"href":"https:\/\/zakrasnejsivimperk.cz\/index.php?rest_route=\/wp\/v2\/posts\/340482\/revisions"}],"predecessor-version":[{"id":340498,"href":"https:\/\/zakrasnejsivimperk.cz\/index.php?rest_route=\/wp\/v2\/posts\/340482\/revisions\/340498"}],"wp:featuredmedia":[{"embeddable":true,"href":"https:\/\/zakrasnejsivimperk.cz\/index.php?rest_route=\/wp\/v2\/media\/301411"}],"wp:attachment":[{"href":"https:\/\/zakrasnejsivimperk.cz\/index.php?rest_route=%2Fwp%2Fv2%2Fmedia&parent=340482"}],"wp:term":[{"taxonomy":"category","embeddable":true,"href":"https:\/\/zakrasnejsivimperk.cz\/index.php?rest_route=%2Fwp%2Fv2%2Fcategories&post=340482"},{"taxonomy":"post_tag","embeddable":true,"href":"https:\/\/zakrasnejsivimperk.cz\/index.php?rest_route=%2Fwp%2Fv2%2Ftags&post=340482"}],"curies":[{"name":"wp","href":"https:\/\/api.w.org\/{rel}","templated":true}]}}