{"id":339477,"date":"2025-03-09T18:03:51","date_gmt":"2025-03-09T17:03:51","guid":{"rendered":"https:\/\/zakrasnejsivimperk.cz\/?p=339477"},"modified":"2025-03-09T18:03:51","modified_gmt":"2025-03-09T17:03:51","slug":"nase-mesto-vimperk-radnice-nabizi-k-pronajmu-dva-volne-mestske-byty-7","status":"publish","type":"post","link":"https:\/\/zakrasnejsivimperk.cz\/?p=339477","title":{"rendered":"NA\u0160E M\u011aSTO VIMPERK: Radnice nab\u00edz\u00ed k pron\u00e1jmu dva voln\u00e9 m\u011bstsk\u00e9 byty"},"content":{"rendered":"<h6>M\u011bsto Vimperk nab\u00edz\u00ed dle Pravidel RADY M\u011aSTA VIMPERK upravuj\u00edc\u00edch ot\u00e1zky souvisej\u00edc\u00ed s n\u00e1jmem byt\u016f ve vlastnictv\u00ed M\u011bsta Vimperk \u017eadatel\u016fm o byt bytovou jednotku: \u010d. 11 ulici Skl\u00e1\u0159sk\u00e1 \u010dp. 129 ve Vimperku, 2+1 (plocha pro n\u00e1jem 51,26 m2) &#8211; prohl\u00eddka bytu prob\u011bhne dne 13.03.2025 v 9.30 h.<\/h6>\n<p>N\u00e1jemn\u00e9 je stanoveno ve v\u00fd\u0161i 77,49 K\u010d\/1m2\/m\u011bs\u00edc s poskytnut\u00edm 10% slevy z n\u00e1jemn\u00e9ho do doby realizace opat\u0159en\u00ed ke sn\u00ed\u017een\u00ed energetick\u00e9 n\u00e1ro\u010dnosti budovy a modernizace bytov\u00e9ho j\u00e1dra.<\/p>\n<p>Z\u00e1jemci si mohou podat \u017e\u00e1dosti do 24.03.2025 na m\u011bsto Vimperk.<\/p>\n<p>Podrobn\u00e9 informace pod\u00e1 odbor hospod\u00e1\u0159sk\u00fd a bytov\u00fd M\u011bsta Vimperk (tel. \u010d. 388 40 22 58).<\/p>\n<p>M\u011bsto Vimperk si vyhrazuje pr\u00e1vo nevyhov\u011bt \u017e\u00e1dn\u00e9 z p\u0159ijat\u00fdch \u017e\u00e1dost\u00ed.<br \/>\nByt bude pronaj\u00edm\u00e1n ve stavu, v jak\u00e9m se nach\u00e1z\u00ed p\u0159i prohl\u00eddce bytu.<br \/>\nPENB (pr\u016fkaz energetick\u00e9 n\u00e1ro\u010dnosti budovy) je vyv\u011b\u0161en ve vstupu do p\u0159edm\u011btn\u00e9ho domu a je mo\u017en\u00e9 si jej prostudovat p\u0159i prohl\u00eddce bytu v uveden\u00e9m term\u00ednu.<br \/>\nTyp budovy &#8211; bytov\u00fd d\u016fm, energetick\u00e1 n\u00e1ro\u010dnost domu \u2013 F.<\/p>\n<p>&nbsp;<\/p>\n<p><img loading=\"lazy\" decoding=\"async\" class=\"aligncenter wp-image-339479 size-full\" src=\"https:\/\/zakrasnejsivimperk.cz\/wp-content\/uploads\/2025\/03\/09\/sklarska-129.jpg\" alt=\"\" width=\"1000\" height=\"563\" srcset=\"https:\/\/zakrasnejsivimperk.cz\/wp-content\/uploads\/2025\/03\/09\/sklarska-129.jpg 1000w, https:\/\/zakrasnejsivimperk.cz\/wp-content\/uploads\/2025\/03\/09\/sklarska-129-300x169.jpg 300w, https:\/\/zakrasnejsivimperk.cz\/wp-content\/uploads\/2025\/03\/09\/sklarska-129-768x432.jpg 768w, https:\/\/zakrasnejsivimperk.cz\/wp-content\/uploads\/2025\/03\/09\/sklarska-129-634x357.jpg 634w, https:\/\/zakrasnejsivimperk.cz\/wp-content\/uploads\/2025\/03\/09\/sklarska-129-858x483.jpg 858w\" sizes=\"(max-width: 1000px) 100vw, 1000px\" \/><\/p>\n<h4 style=\"text-align: center;\"><a href=\"https:\/\/www.vimperk.cz\/informace%2Dpro%2Dzadatele%2Do%2Dbyt%2Dsklarska%2Dc%2Dp%2D129%2D11\/d-36805\/p1=18336\" target=\"_blank\" rel=\"noopener\">V\u00edce foto<\/a><\/h4>\n<hr \/>\n<p>&nbsp;<\/p>\n<h6>M\u011bsto Vimperk nab\u00edz\u00ed dle Pravidel RADY M\u011aSTA VIMPERK upravuj\u00edc\u00edch ot\u00e1zky souvisej\u00edc\u00ed s n\u00e1jmem byt\u016f ve vlastnictv\u00ed M\u011bsta Vimperk \u017eadatel\u016fm o byt bytovou jednotku: \u010d. 7 ulici Kr\u00e1tk\u00e1 \u010dp. 207 ve Vimperku, 1+1 (plocha pro n\u00e1jem 49,50 m2) &#8211; prohl\u00eddka bytu prob\u011bhne dne 13.03.2025 v 9.00 h.<\/h6>\n<p>N\u00e1jemn\u00e9 je stanoveno ve v\u00fd\u0161i 77,49 K\u010d\/1m2\/m\u011bs\u00edc s poskytnut\u00edm 10% slevy z n\u00e1jemn\u00e9ho do doby realizace opat\u0159en\u00ed ke sn\u00ed\u017een\u00ed energetick\u00e9 n\u00e1ro\u010dnosti budovy a modernizace bytov\u00e9ho j\u00e1dra.<\/p>\n<p>Z\u00e1jemci si mohou podat \u017e\u00e1dosti do 24.03.2025 na m\u011bsto Vimperk. Podrobn\u00e9 informace pod\u00e1 odbor hospod\u00e1\u0159sk\u00fd a bytov\u00fd M\u011bsta Vimperk (tel. \u010d. 388 40 22 58).<\/p>\n<p>M\u011bsto Vimperk si vyhrazuje pr\u00e1vo nevyhov\u011bt \u017e\u00e1dn\u00e9 z p\u0159ijat\u00fdch \u017e\u00e1dost\u00ed.<\/p>\n<p>Byt bude pronaj\u00edm\u00e1n ve stavu, v jak\u00e9m se nach\u00e1z\u00ed p\u0159i prohl\u00eddce bytu.<br \/>\nPENB (pr\u016fkaz energetick\u00e9 n\u00e1ro\u010dnosti budovy) je vyv\u011b\u0161en ve vstupu do p\u0159edm\u011btn\u00e9ho domu a je mo\u017en\u00e9 si jej prostudovat p\u0159i prohl\u00eddce bytu v uveden\u00e9m term\u00ednu.<br \/>\nTyp budovy &#8211; bytov\u00fd d\u016fm, energetick\u00e1 n\u00e1ro\u010dnost domu \u2013 G.<\/p>\n<p>&nbsp;<\/p>\n<p><img loading=\"lazy\" decoding=\"async\" class=\"aligncenter wp-image-339480 size-full\" src=\"https:\/\/zakrasnejsivimperk.cz\/wp-content\/uploads\/2025\/03\/09\/kratka-207.jpg\" alt=\"\" width=\"1280\" height=\"720\" srcset=\"https:\/\/zakrasnejsivimperk.cz\/wp-content\/uploads\/2025\/03\/09\/kratka-207.jpg 1280w, https:\/\/zakrasnejsivimperk.cz\/wp-content\/uploads\/2025\/03\/09\/kratka-207-300x169.jpg 300w, https:\/\/zakrasnejsivimperk.cz\/wp-content\/uploads\/2025\/03\/09\/kratka-207-1024x576.jpg 1024w, https:\/\/zakrasnejsivimperk.cz\/wp-content\/uploads\/2025\/03\/09\/kratka-207-768x432.jpg 768w, https:\/\/zakrasnejsivimperk.cz\/wp-content\/uploads\/2025\/03\/09\/kratka-207-635x357.jpg 635w, https:\/\/zakrasnejsivimperk.cz\/wp-content\/uploads\/2025\/03\/09\/kratka-207-859x483.jpg 859w\" sizes=\"(max-width: 1280px) 100vw, 1280px\" \/><\/p>\n<h4 style=\"text-align: center;\"><a href=\"https:\/\/www.vimperk.cz\/informace%2Dpro%2Dzadatele%2Do%2Dbyt%2Dkratka%2Dc%2Dp%2D207%2D7\/d-36804\/p1=18336\" target=\"_blank\" rel=\"noopener\">V\u00edce foto<\/a><\/h4>\n<p>Zdroj: M\u011aSTO VIMPERK<\/p>\n<p><strong>(red) \u2013 Za kr\u00e1sn\u011bj\u0161\u00ed Vimperk<\/strong><\/p>\n<hr \/>\n<p>&nbsp;<\/p>\n","protected":false},"excerpt":{"rendered":"<p>M\u011bsto Vimperk <\/p>\n","protected":false},"author":2,"featured_media":339479,"comment_status":"open","ping_status":"open","sticky":false,"template":"","format":"gallery","meta":{"footnotes":""},"categories":[115],"tags":[],"jetpack_featured_media_url":"https:\/\/zakrasnejsivimperk.cz\/wp-content\/uploads\/2025\/03\/09\/sklarska-129.jpg","_links":{"self":[{"href":"https:\/\/zakrasnejsivimperk.cz\/index.php?rest_route=\/wp\/v2\/posts\/339477"}],"collection":[{"href":"https:\/\/zakrasnejsivimperk.cz\/index.php?rest_route=\/wp\/v2\/posts"}],"about":[{"href":"https:\/\/zakrasnejsivimperk.cz\/index.php?rest_route=\/wp\/v2\/types\/post"}],"author":[{"embeddable":true,"href":"https:\/\/zakrasnejsivimperk.cz\/index.php?rest_route=\/wp\/v2\/users\/2"}],"replies":[{"embeddable":true,"href":"https:\/\/zakrasnejsivimperk.cz\/index.php?rest_route=%2Fwp%2Fv2%2Fcomments&post=339477"}],"version-history":[{"count":2,"href":"https:\/\/zakrasnejsivimperk.cz\/index.php?rest_route=\/wp\/v2\/posts\/339477\/revisions"}],"predecessor-version":[{"id":339481,"href":"https:\/\/zakrasnejsivimperk.cz\/index.php?rest_route=\/wp\/v2\/posts\/339477\/revisions\/339481"}],"wp:featuredmedia":[{"embeddable":true,"href":"https:\/\/zakrasnejsivimperk.cz\/index.php?rest_route=\/wp\/v2\/media\/339479"}],"wp:attachment":[{"href":"https:\/\/zakrasnejsivimperk.cz\/index.php?rest_route=%2Fwp%2Fv2%2Fmedia&parent=339477"}],"wp:term":[{"taxonomy":"category","embeddable":true,"href":"https:\/\/zakrasnejsivimperk.cz\/index.php?rest_route=%2Fwp%2Fv2%2Fcategories&post=339477"},{"taxonomy":"post_tag","embeddable":true,"href":"https:\/\/zakrasnejsivimperk.cz\/index.php?rest_route=%2Fwp%2Fv2%2Ftags&post=339477"}],"curies":[{"name":"wp","href":"https:\/\/api.w.org\/{rel}","templated":true}]}}