{"id":338037,"date":"2025-02-26T14:44:07","date_gmt":"2025-02-26T13:44:07","guid":{"rendered":"https:\/\/zakrasnejsivimperk.cz\/?p=338037"},"modified":"2025-02-26T14:52:33","modified_gmt":"2025-02-26T13:52:33","slug":"jizni-cechy-strakonice-buduji-dalsi-moderni-polozapustena-kontejnerova-stani","status":"publish","type":"post","link":"https:\/\/zakrasnejsivimperk.cz\/?p=338037","title":{"rendered":"JI\u017dN\u00cd \u010cECHY: Strakonice zah\u00e1jily v\u00fdstavbu dal\u0161\u00edch polozapu\u0161t\u011bn\u00fdch st\u00e1n\u00ed pro kontejnery na odpad"},"content":{"rendered":"<p><img loading=\"lazy\" decoding=\"async\" class=\"aligncenter wp-image-338038 size-full\" src=\"https:\/\/zakrasnejsivimperk.cz\/wp-content\/uploads\/2025\/02\/23\/st-kontejnerova-stani-1.jpg\" alt=\"\" width=\"1215\" height=\"911\" srcset=\"https:\/\/zakrasnejsivimperk.cz\/wp-content\/uploads\/2025\/02\/23\/st-kontejnerova-stani-1.jpg 1215w, https:\/\/zakrasnejsivimperk.cz\/wp-content\/uploads\/2025\/02\/23\/st-kontejnerova-stani-1-300x225.jpg 300w, https:\/\/zakrasnejsivimperk.cz\/wp-content\/uploads\/2025\/02\/23\/st-kontejnerova-stani-1-1024x768.jpg 1024w, https:\/\/zakrasnejsivimperk.cz\/wp-content\/uploads\/2025\/02\/23\/st-kontejnerova-stani-1-768x576.jpg 768w, https:\/\/zakrasnejsivimperk.cz\/wp-content\/uploads\/2025\/02\/23\/st-kontejnerova-stani-1-476x357.jpg 476w, https:\/\/zakrasnejsivimperk.cz\/wp-content\/uploads\/2025\/02\/23\/st-kontejnerova-stani-1-644x483.jpg 644w\" sizes=\"(max-width: 1215px) 100vw, 1215px\" \/><\/p>\n<p>&nbsp;<\/p>\n<h6>M\u011bsto Strakonice pokra\u010duje v modernizaci syst\u00e9mu nakl\u00e1d\u00e1n\u00ed s odpady a zah\u00e1jilo v\u00fdstavbu dal\u0161\u00edch polozapu\u0161t\u011bn\u00fdch kontejnerov\u00fdch st\u00e1n\u00ed ve dvou ulic\u00edch, Blatensk\u00e9 a Pod h\u00e1jovnou. Tento inovativn\u00ed zp\u016fsob ukl\u00e1d\u00e1n\u00ed odpadu p\u0159in\u00e1\u0161\u00ed \u0159adu v\u00fdhod \u2013 zlep\u0161uje estetiku ve\u0159ejn\u00e9ho prostoru, eliminuje z\u00e1pach a p\u0159isp\u00edv\u00e1 k \u010distot\u011b m\u011bsta.<\/h6>\n<p>Polozapu\u0161t\u011bn\u00e9 kontejnery budou um\u00edst\u011bny p\u0159i okraji vozovky v zatravn\u011bn\u00e9 plo\u0161e. D\u00edky jejich strategick\u00e9mu um\u00edst\u011bn\u00ed na ve\u0159ejn\u011b viditeln\u00e9m m\u00edst\u011b se sn\u00ed\u017e\u00ed riziko vzniku \u010dern\u00fdch skl\u00e1dek a nepo\u0159\u00e1dku v okol\u00ed. Samotn\u00e9 n\u00e1doby jsou \u010d\u00e1ste\u010dn\u011b zapu\u0161t\u011bny pod \u00farove\u0148 ter\u00e9nu, kde je stabiln\u00ed teplota, co\u017e v letn\u00edch m\u011bs\u00edc\u00edch omezuje rozklad odpadu a sni\u017euje z\u00e1pach. Prostor okolo kontejnerov\u00fdch st\u00e1n\u00ed bude vydl\u00e1\u017ed\u011bn \u017eulovou dla\u017ebou a zaji\u0161t\u011bn bezbari\u00e9rov\u00fd p\u0159\u00edstup, aby jejich vyu\u017e\u00edv\u00e1n\u00ed bylo pohodln\u00e9 pro v\u0161echny ob\u010dany. Dodavatelem stavby je Stavebn\u00ed spole\u010dnost H a T, spol. s r.o., Strakonice, kter\u00e1 zak\u00e1zku z\u00edskala ve ve\u0159ejn\u00e9m v\u00fdb\u011brov\u00e9m \u0159\u00edzen\u00ed s vysout\u011b\u017eenou cenou 1 867 000 K\u010d v\u010detn\u011b DPH. V ulici Blatensk\u00e1 vznikaj\u00ed kontejnery na pap\u00edr 5m3, plast 5m3, sklo 3m3<\/p>\n<p>V ulici Pod h\u00e1jovnou vznikaj\u00ed kontejnery na pap\u00edr 5m3, plast 5m3, sklo 3m3, olej o objemu 240 l.<\/p>\n<p>V\u00fdstavba byla zah\u00e1jena p\u0159ed\u00e1n\u00edm staveni\u0161t\u011b v prosinci 2024 a dokon\u010den\u00ed v\u010detn\u011b p\u0159ed\u00e1n\u00ed staveni\u0161t\u011b je pl\u00e1nov\u00e1no do \u0161esti m\u011bs\u00edc\u016f od zah\u00e1jen\u00ed. M\u011bsto Strakonice t\u00edmto krokem pokra\u010duje v trendu modernizace odpadov\u00e9ho hospod\u00e1\u0159stv\u00ed s d\u016frazem na efektivitu, ekologii a estetiku ve\u0159ejn\u00e9ho prostoru.<\/p>\n<p>Ve Strakonic\u00edch je celkem ji\u017e osm lokalit, kde jsou instalov\u00e1ny polopodzemn\u00ed kontejnery. Po lo\u0148sk\u00e9 v\u00fdstavb\u011b v ulici Stavba\u0159\u016f budou leto\u0161n\u00ed dv\u011b lokality tak des\u00e1t\u00fdm m\u00edstem, kde bude vy\u0161\u0161\u00ed skladovac\u00ed kapacita, d\u00edky kter\u00e9 budou svozy m\u00e9n\u011b \u010dast\u00e9, co\u017e u\u0161et\u0159\u00ed \u017eivotn\u00ed prost\u0159ed\u00ed a z\u00e1rove\u0148 nebudou blokov\u00e1ny ulice \u010dast\u00fdmi svozy.<\/p>\n<p>&nbsp;<\/p>\n<p><strong>Text a foto: Mark\u00e9ta BU\u010cOKOV\u00c1,\u00a0 M\u011bsto Strakonice<\/strong><\/p>\n<p>&nbsp;<\/p>\n<p><img loading=\"lazy\" decoding=\"async\" class=\"aligncenter wp-image-338039 size-full\" src=\"https:\/\/zakrasnejsivimperk.cz\/wp-content\/uploads\/2025\/02\/23\/st-kontejnerova-stani-2.jpg\" alt=\"\" width=\"1214\" height=\"911\" srcset=\"https:\/\/zakrasnejsivimperk.cz\/wp-content\/uploads\/2025\/02\/23\/st-kontejnerova-stani-2.jpg 1214w, https:\/\/zakrasnejsivimperk.cz\/wp-content\/uploads\/2025\/02\/23\/st-kontejnerova-stani-2-300x225.jpg 300w, https:\/\/zakrasnejsivimperk.cz\/wp-content\/uploads\/2025\/02\/23\/st-kontejnerova-stani-2-1024x768.jpg 1024w, https:\/\/zakrasnejsivimperk.cz\/wp-content\/uploads\/2025\/02\/23\/st-kontejnerova-stani-2-768x576.jpg 768w, https:\/\/zakrasnejsivimperk.cz\/wp-content\/uploads\/2025\/02\/23\/st-kontejnerova-stani-2-476x357.jpg 476w, https:\/\/zakrasnejsivimperk.cz\/wp-content\/uploads\/2025\/02\/23\/st-kontejnerova-stani-2-644x483.jpg 644w\" sizes=\"(max-width: 1214px) 100vw, 1214px\" \/><\/p>\n<hr \/>\n<p>&nbsp;<\/p>\n<h4>Jin\u00e9 zpr\u00e1vy ze Strakonic:<\/h4>\n<h4 class=\"entry-title\"><a href=\"https:\/\/zakrasnejsivimperk.cz\/?p=336710\" target=\"_blank\" rel=\"noopener\">JI\u017dN\u00cd \u010cECHY: Strakonick\u00e1 nemocnice m\u00e1 d\u011btskou obezitologickou ambulanci<\/a><\/h4>\n<h6 class=\"entry-title\"><a href=\"https:\/\/zakrasnejsivimperk.cz\/?p=335551\" target=\"_blank\" rel=\"noopener\">JI\u017dN\u00cd \u010cECHY: Nov\u00e1 po\u017e\u00e1rn\u00ed zbrojnice: Lep\u0161\u00ed z\u00e1zem\u00ed pro hasi\u010de a rychlej\u0161\u00ed v\u00fdjezdy<\/a><\/h6>\n<h6 class=\"entry-title\"><a href=\"https:\/\/zakrasnejsivimperk.cz\/?p=335054\" target=\"_blank\" rel=\"noopener\">JI\u017dN\u00cd \u010cECHY: Oprava d\u0159ev\u011bn\u00fdch v\u00fdpln\u00ed l\u00e1vky odhalila zaj\u00edmav\u00e9 detaily<\/a><\/h6>\n<h6 class=\"entry-title\"><a href=\"https:\/\/zakrasnejsivimperk.cz\/?p=334391\" target=\"_blank\" rel=\"noopener\">JI\u017dN\u00cd \u010cECHY: M\u011bsto pln\u00ed sv\u00e9 sliby: Chodn\u00edk v ulici Radomy\u0161lsk\u00e1 se prodlu\u017euje<\/a><\/h6>\n<h6 class=\"entry-title\"><a href=\"https:\/\/zakrasnejsivimperk.cz\/?p=334525\" target=\"_blank\" rel=\"noopener\">JI\u017dN\u00cd \u010cECHY: Nemocnice nov\u011b nab\u00edz\u00ed screeningov\u00e9 vy\u0161et\u0159en\u00ed v\u00fddut\u011b b\u0159i\u0161n\u00ed aorty<\/a><\/h6>\n<h6 class=\"entry-title\"><a href=\"https:\/\/zakrasnejsivimperk.cz\/?p=329801\" target=\"_blank\" rel=\"noopener\">JI\u017dN\u00cd \u010cECHY: Nemocnice Strakonice je Nejlep\u0161\u00ed nemocnic\u00ed roku 2024<\/a><\/h6>\n<h6 class=\"entry-title\"><a href=\"https:\/\/zakrasnejsivimperk.cz\/?p=331514\" target=\"_blank\" rel=\"noopener\">JI\u017dN\u00cd \u010cECHY: Nemocnice Strakonice po\u0159\u00eddila unik\u00e1tn\u00ed p\u0159\u00edstroj pro vy\u0161et\u0159en\u00ed slinivky a \u017elu\u010dov\u00fdch cest<\/a><\/h6>\n<h6 class=\"entry-title\"><a href=\"https:\/\/zakrasnejsivimperk.cz\/?p=328774\" target=\"_blank\" rel=\"noopener\">JI\u017dN\u00cd \u010cECHY: Nov\u00e1 l\u00e1vka na Podskal\u00ed usnad\u0148uje cestu krajinou pod\u00e9l Otavy<\/a><\/h6>\n<h6 class=\"entry-title\"><a href=\"https:\/\/zakrasnejsivimperk.cz\/?p=326163\" target=\"_blank\" rel=\"noopener\">JI\u017dN\u00cd \u010cECHY: Strakonick\u00e9 Komunitko 1415 zah\u00e1jilo svoji \u010dinnost na Ostrov\u011b<\/a><\/h6>\n<h6 class=\"entry-title\"><a href=\"https:\/\/zakrasnejsivimperk.cz\/?p=321375\" target=\"_blank\" rel=\"noopener\">JI\u017dN\u00cd \u010cECHY: Strakonice se p\u0159ipravuj\u00ed na velkou vodu, d\u011bln\u00edci stav\u00ed proti n\u00ed z\u00e1brany<\/a><\/h6>\n<h6><a href=\"https:\/\/zakrasnejsivimperk.cz\/?p=318802\" target=\"_blank\" rel=\"noopener\">JI\u017dN\u00cd \u010cECHY: Skv\u011bl\u00e9. ORL ambulance v Nemocnici Strakonice m\u00e1 novou posilu<\/a><\/h6>\n<h6><a href=\"https:\/\/zakrasnejsivimperk.cz\/?p=315266\" target=\"_blank\" rel=\"noopener\">JI\u017dN\u00cd \u010cECHY: Nemocni\u010dn\u00ed l\u00e9k\u00e1rna ve Strakonic\u00edch nen\u00ed jen oby\u010dejn\u00e1 v\u00fddejna l\u00e9k\u016f<\/a><\/h6>\n<h6><a href=\"https:\/\/zakrasnejsivimperk.cz\/?p=316309\" target=\"_blank\" rel=\"noopener\">JI\u017dN\u00cd \u010cECHY: Rekonstrukce Voly\u0148sk\u00e9 ul. ve Strakonic\u00edch zat\u00edm \u00fasp\u011b\u0161n\u011b pokra\u010duje<\/a><\/h6>\n<h6><a href=\"https:\/\/zakrasnejsivimperk.cz\/?p=313031\" target=\"_blank\" rel=\"noopener\">JI\u017dN\u00cd \u010cECHY: M\u011bsto Strakonice poskytne dotaci na vybaven\u00ed zubn\u00ed ordinace<\/a><\/h6>\n<h6><a href=\"https:\/\/zakrasnejsivimperk.cz\/?p=312358\" target=\"_blank\" rel=\"noopener\">JI\u017dN\u00cd \u010cECHY: Strakonick\u00fd pivovar koupil novou linku, na kter\u00e9 se bude st\u00e1\u010det a\u017e 3000 plechovek za hodinu<\/a><\/h6>\n<h6><a href=\"https:\/\/zakrasnejsivimperk.cz\/?p=310753\" target=\"_blank\" rel=\"noopener\">JI\u017dN\u00cd \u010cECHY: Veden\u00ed m\u011bsta Strakonice hled\u00e1 opat\u0159en\u00ed proti p\u0159\u00edvalov\u00fdm de\u0161\u0165\u016fm v m\u00edstn\u00ed \u010d\u00e1sti Nov\u00fd Dra\u017eejov<\/a><\/h6>\n<h6><a href=\"https:\/\/strakonicky.denik.cz\/zpravy_region\/novy-drazejov-opet-pod-vodou-jak-lidem-pomoci-mesto-svolalo-schuzku-20240610.html\" target=\"_blank\" rel=\"noopener\">Nov\u00fd Dra\u017eejov op\u011bt pod vodou. Jak lidem pomoci? M\u011bsto svolalo sch\u016fzku<\/a><\/h6>\n<h6><a href=\"https:\/\/zakrasnejsivimperk.cz\/?p=309043\" target=\"_blank\" rel=\"noopener\">JI\u017dN\u00cd \u010cECHY: Strakoni\u010dt\u00ed opravuj\u00ed pomn\u00edk padl\u00fdm u kostela svat\u00e9ho V\u00e1clava<\/a><\/h6>\n<h6><a href=\"https:\/\/zakrasnejsivimperk.cz\/?p=308877\" target=\"_blank\" rel=\"noopener\">JI\u017dN\u00cd \u010cECHY: Informace k aktu\u00e1ln\u00ed situaci na zimn\u00edm stadionu ve Strakonic\u00edch<\/a><\/h6>\n<h6><a href=\"https:\/\/zakrasnejsivimperk.cz\/?cat=131\" target=\"_blank\" rel=\"noopener\">Strakonick\u00e1 televize \u2013 ka\u017ed\u00fd t\u00fdden aktu\u00e1ln\u00ed informace o d\u011bn\u00ed ve m\u011bst\u011b na soutoku Voly\u0148ky a Otavy<\/a><\/h6>\n<hr \/>\n<p>&nbsp;<\/p>\n","protected":false},"excerpt":{"rendered":"<p>&nbsp; M\u011bsto <\/p>\n","protected":false},"author":2,"featured_media":338038,"comment_status":"open","ping_status":"open","sticky":false,"template":"","format":"gallery","meta":{"footnotes":""},"categories":[24],"tags":[],"jetpack_featured_media_url":"https:\/\/zakrasnejsivimperk.cz\/wp-content\/uploads\/2025\/02\/23\/st-kontejnerova-stani-1.jpg","_links":{"self":[{"href":"https:\/\/zakrasnejsivimperk.cz\/index.php?rest_route=\/wp\/v2\/posts\/338037"}],"collection":[{"href":"https:\/\/zakrasnejsivimperk.cz\/index.php?rest_route=\/wp\/v2\/posts"}],"about":[{"href":"https:\/\/zakrasnejsivimperk.cz\/index.php?rest_route=\/wp\/v2\/types\/post"}],"author":[{"embeddable":true,"href":"https:\/\/zakrasnejsivimperk.cz\/index.php?rest_route=\/wp\/v2\/users\/2"}],"replies":[{"embeddable":true,"href":"https:\/\/zakrasnejsivimperk.cz\/index.php?rest_route=%2Fwp%2Fv2%2Fcomments&post=338037"}],"version-history":[{"count":7,"href":"https:\/\/zakrasnejsivimperk.cz\/index.php?rest_route=\/wp\/v2\/posts\/338037\/revisions"}],"predecessor-version":[{"id":338375,"href":"https:\/\/zakrasnejsivimperk.cz\/index.php?rest_route=\/wp\/v2\/posts\/338037\/revisions\/338375"}],"wp:featuredmedia":[{"embeddable":true,"href":"https:\/\/zakrasnejsivimperk.cz\/index.php?rest_route=\/wp\/v2\/media\/338038"}],"wp:attachment":[{"href":"https:\/\/zakrasnejsivimperk.cz\/index.php?rest_route=%2Fwp%2Fv2%2Fmedia&parent=338037"}],"wp:term":[{"taxonomy":"category","embeddable":true,"href":"https:\/\/zakrasnejsivimperk.cz\/index.php?rest_route=%2Fwp%2Fv2%2Fcategories&post=338037"},{"taxonomy":"post_tag","embeddable":true,"href":"https:\/\/zakrasnejsivimperk.cz\/index.php?rest_route=%2Fwp%2Fv2%2Ftags&post=338037"}],"curies":[{"name":"wp","href":"https:\/\/api.w.org\/{rel}","templated":true}]}}