{"id":335551,"date":"2025-01-31T18:00:41","date_gmt":"2025-01-31T17:00:41","guid":{"rendered":"https:\/\/zakrasnejsivimperk.cz\/?p=335551"},"modified":"2025-01-31T18:01:20","modified_gmt":"2025-01-31T17:01:20","slug":"jizni-cechy-nova-pozarni-zbrojnice-ve-strakonicich-lepsi-zazemi-pro-hasice-a-rychlejsi-vyjezdy","status":"publish","type":"post","link":"https:\/\/zakrasnejsivimperk.cz\/?p=335551","title":{"rendered":"JI\u017dN\u00cd \u010cECHY: Nov\u00e1 po\u017e\u00e1rn\u00ed zbrojnice: Lep\u0161\u00ed z\u00e1zem\u00ed pro hasi\u010de a rychlej\u0161\u00ed v\u00fdjezdy"},"content":{"rendered":"<p><img loading=\"lazy\" decoding=\"async\" class=\"aligncenter wp-image-335552 size-full\" src=\"https:\/\/zakrasnejsivimperk.cz\/wp-content\/uploads\/2025\/01\/27\/st-hasicska-zbrojnice.jpg\" alt=\"\" width=\"1100\" height=\"603\" srcset=\"https:\/\/zakrasnejsivimperk.cz\/wp-content\/uploads\/2025\/01\/27\/st-hasicska-zbrojnice.jpg 1100w, https:\/\/zakrasnejsivimperk.cz\/wp-content\/uploads\/2025\/01\/27\/st-hasicska-zbrojnice-300x164.jpg 300w, https:\/\/zakrasnejsivimperk.cz\/wp-content\/uploads\/2025\/01\/27\/st-hasicska-zbrojnice-1024x561.jpg 1024w, https:\/\/zakrasnejsivimperk.cz\/wp-content\/uploads\/2025\/01\/27\/st-hasicska-zbrojnice-768x421.jpg 768w, https:\/\/zakrasnejsivimperk.cz\/wp-content\/uploads\/2025\/01\/27\/st-hasicska-zbrojnice-651x357.jpg 651w, https:\/\/zakrasnejsivimperk.cz\/wp-content\/uploads\/2025\/01\/27\/st-hasicska-zbrojnice-881x483.jpg 881w\" sizes=\"(max-width: 1100px) 100vw, 1100px\" \/><\/p>\n<p>&nbsp;<\/p>\n<h6>Dobrovoln\u00ed hasi\u010di ve Strakonic\u00edch se brzy do\u010dkaj\u00ed modern\u00edho z\u00e1zem\u00ed. P\u0159estavba b\u00fdval\u00e9 administrativn\u00ed budovy spr\u00e1vy a \u00fadr\u017eby silnic v ulici Kr\u00e1le Ji\u0159\u00edho z Pod\u011bbrad, kter\u00e1 odstartovala v lednu lo\u0148sk\u00e9ho roku, se bl\u00ed\u017e\u00ed ke sv\u00e9mu dokon\u010den\u00ed.<\/h6>\n<p>V\u00fdsledkem v\u00edce ne\u017e ro\u010dn\u00ed pr\u00e1ce bude zcela nov\u00e1 po\u017e\u00e1rn\u00ed zbrojnice, kter\u00e1 v\u00fdrazn\u011b zlep\u0161\u00ed podm\u00ednky pro pr\u00e1ci hasi\u010d\u016f a zrychl\u00ed jejich v\u00fdjezdy k z\u00e1sah\u016fm. Rekonstrukce p\u0159inesla z\u00e1sadn\u00ed zm\u011bny \u2013 budova z\u00edskala novou st\u0159echu, vnit\u0159n\u00ed uspo\u0159\u00e1d\u00e1n\u00ed se v\u00fdrazn\u011b prom\u011bnilo d\u00edky bour\u00e1n\u00ed i v\u00fdstavb\u011b nov\u00fdch p\u0159\u00ed\u010dek. Fas\u00e1da barevn\u011b zapad\u00e1 do architektonick\u00e9ho pojet\u00ed ji\u017e zastav\u011bn\u00e9 lokality m\u011bsta.<\/p>\n<p>Hasi\u010dsk\u00e1 technika bude od jara vyj\u00ed\u017ed\u011bt z gar\u00e1\u017e\u00ed p\u0159\u00edmo do ulice Kr\u00e1le Ji\u0159\u00edho z Pod\u011bbrad, co\u017e p\u0159isp\u011bje k v\u011bt\u0161\u00ed plynulosti a bezpe\u010dnosti z\u00e1sah\u016f. Vozidla budou parkovat v nov\u00fdch, prostorn\u00fdch gar\u00e1\u017e\u00edch, kter\u00e9 odpov\u00eddaj\u00ed sou\u010dasn\u00fdm pot\u0159eb\u00e1m jednotky. Celkov\u00e9 n\u00e1klady na stavbu \u010din\u00ed 43 milion\u016f korun.<\/p>\n<p>M\u011bstu se poda\u0159ilo z\u00edskat dota\u010dn\u00ed podporu ve v\u00fd\u0161i 11 milion\u016f korun, zb\u00fdvaj\u00edc\u00ed \u010d\u00e1stku uhradilo z vlastn\u00edho rozpo\u010dtu. Dodavatelem stavby je spole\u010dnost PRIMA, a. s., kter\u00e1 odv\u00e1d\u00ed vynikaj\u00edc\u00ed pr\u00e1ci a p\u0159isp\u00edv\u00e1 k tomu, \u017ee se m\u00edstn\u00ed hasi\u010di budou moci spolehnout na kvalitn\u00ed a modern\u00ed z\u00e1zem\u00ed.<\/p>\n<p><em>\u201eNov\u00e1 po\u017e\u00e1rn\u00ed zbrojnice znamen\u00e1 pro strakonick\u00e9 dobrovoln\u00e9 hasi\u010de obrovsk\u00fd krok vp\u0159ed. D\u00edky modern\u00edm prostor\u00e1m a p\u0159\u00edm\u00e9mu napojen\u00ed na hlavn\u00ed komunikaci budou moci k z\u00e1sah\u016fm vyj\u00ed\u017ed\u011bt rychleji a efektivn\u011bji. Velk\u00e9 pod\u011bkov\u00e1n\u00ed pat\u0159\u00ed firm\u011b PRIMA, kter\u00e1 celou stavbu realizuje na \u0161pi\u010dkov\u00e9 \u00farovni,\u201c<\/em> uvedl m\u00edstostarosta m\u011bsta Rudolf Oberfalcer. Nov\u00e1 zbrojnice je d\u016fle\u017eit\u00fdm miln\u00edkem nejen pro m\u00edstn\u00ed hasi\u010de, ale i pro bezpe\u010dnost v\u0161ech obyvatel Strakonic. Pl\u00e1novan\u00e9 dokon\u010den\u00ed stavby se bl\u00ed\u017e\u00ed. K jej\u00edmu p\u0159ed\u00e1n\u00ed by m\u011blo doj\u00edt v dubnu leto\u0161n\u00edho roku a m\u011bsto se t\u011b\u0161\u00ed na jej\u00ed pln\u00e9 vyu\u017eit\u00ed v praxi.<\/p>\n<p>&nbsp;<\/p>\n<p><strong>Mark\u00e9ta BU\u010cOKOV\u00c1, M\u011bsto Prachatice<\/strong><\/p>\n<p>Foto: M\u011bsto Strakonice<\/p>\n<hr \/>\n<p>&nbsp;<\/p>\n<h4>Jin\u00e9 zpr\u00e1vy ze Strakonic:<\/h4>\n<h6 class=\"entry-title\"><a href=\"https:\/\/zakrasnejsivimperk.cz\/?p=335054\" target=\"_blank\" rel=\"noopener\">JI\u017dN\u00cd \u010cECHY: Oprava d\u0159ev\u011bn\u00fdch v\u00fdpln\u00ed l\u00e1vky odhalila zaj\u00edmav\u00e9 detaily<\/a><\/h6>\n<h6 class=\"entry-title\"><a href=\"https:\/\/zakrasnejsivimperk.cz\/?p=334391\" target=\"_blank\" rel=\"noopener\">JI\u017dN\u00cd \u010cECHY: M\u011bsto pln\u00ed sv\u00e9 sliby: Chodn\u00edk v ulici Radomy\u0161lsk\u00e1 se prodlu\u017euje<\/a><\/h6>\n<h6 class=\"entry-title\"><a href=\"https:\/\/zakrasnejsivimperk.cz\/?p=334525\" target=\"_blank\" rel=\"noopener\">JI\u017dN\u00cd \u010cECHY: Nemocnice nov\u011b nab\u00edz\u00ed screeningov\u00e9 vy\u0161et\u0159en\u00ed v\u00fddut\u011b b\u0159i\u0161n\u00ed aorty<\/a><\/h6>\n<h6 class=\"entry-title\"><a href=\"https:\/\/zakrasnejsivimperk.cz\/?p=329801\" target=\"_blank\" rel=\"noopener\">JI\u017dN\u00cd \u010cECHY: Nemocnice Strakonice je Nejlep\u0161\u00ed nemocnic\u00ed roku 2024<\/a><\/h6>\n<h6 class=\"entry-title\"><a href=\"https:\/\/zakrasnejsivimperk.cz\/?p=331514\" target=\"_blank\" rel=\"noopener\">JI\u017dN\u00cd \u010cECHY: Nemocnice Strakonice po\u0159\u00eddila unik\u00e1tn\u00ed p\u0159\u00edstroj pro vy\u0161et\u0159en\u00ed slinivky a \u017elu\u010dov\u00fdch cest<\/a><\/h6>\n<h6 class=\"entry-title\"><a href=\"https:\/\/zakrasnejsivimperk.cz\/?p=328774\" target=\"_blank\" rel=\"noopener\">JI\u017dN\u00cd \u010cECHY: Nov\u00e1 l\u00e1vka na Podskal\u00ed usnad\u0148uje cestu krajinou pod\u00e9l Otavy<\/a><\/h6>\n<h6 class=\"entry-title\"><a href=\"https:\/\/zakrasnejsivimperk.cz\/?p=326163\" target=\"_blank\" rel=\"noopener\">JI\u017dN\u00cd \u010cECHY: Strakonick\u00e9 Komunitko 1415 zah\u00e1jilo svoji \u010dinnost na Ostrov\u011b<\/a><\/h6>\n<h6 class=\"entry-title\"><a href=\"https:\/\/zakrasnejsivimperk.cz\/?p=321375\" target=\"_blank\" rel=\"noopener\">JI\u017dN\u00cd \u010cECHY: Strakonice se p\u0159ipravuj\u00ed na velkou vodu, d\u011bln\u00edci stav\u00ed proti n\u00ed z\u00e1brany<\/a><\/h6>\n<h6><a href=\"https:\/\/zakrasnejsivimperk.cz\/?p=318802\" target=\"_blank\" rel=\"noopener\">JI\u017dN\u00cd \u010cECHY: Skv\u011bl\u00e9. ORL ambulance v Nemocnici Strakonice m\u00e1 novou posilu<\/a><\/h6>\n<h6><a href=\"https:\/\/zakrasnejsivimperk.cz\/?p=315266\" target=\"_blank\" rel=\"noopener\">JI\u017dN\u00cd \u010cECHY: Nemocni\u010dn\u00ed l\u00e9k\u00e1rna ve Strakonic\u00edch nen\u00ed jen oby\u010dejn\u00e1 v\u00fddejna l\u00e9k\u016f<\/a><\/h6>\n<h6><a href=\"https:\/\/zakrasnejsivimperk.cz\/?p=316309\" target=\"_blank\" rel=\"noopener\">JI\u017dN\u00cd \u010cECHY: Rekonstrukce Voly\u0148sk\u00e9 ul. ve Strakonic\u00edch zat\u00edm \u00fasp\u011b\u0161n\u011b pokra\u010duje<\/a><\/h6>\n<h6><a href=\"https:\/\/zakrasnejsivimperk.cz\/?p=313031\" target=\"_blank\" rel=\"noopener\">JI\u017dN\u00cd \u010cECHY: M\u011bsto Strakonice poskytne dotaci na vybaven\u00ed zubn\u00ed ordinace<\/a><\/h6>\n<h6><a href=\"https:\/\/zakrasnejsivimperk.cz\/?p=312358\" target=\"_blank\" rel=\"noopener\">JI\u017dN\u00cd \u010cECHY: Strakonick\u00fd pivovar koupil novou linku, na kter\u00e9 se bude st\u00e1\u010det a\u017e 3000 plechovek za hodinu<\/a><\/h6>\n<h6><a href=\"https:\/\/zakrasnejsivimperk.cz\/?p=310753\" target=\"_blank\" rel=\"noopener\">JI\u017dN\u00cd \u010cECHY: Veden\u00ed m\u011bsta Strakonice hled\u00e1 opat\u0159en\u00ed proti p\u0159\u00edvalov\u00fdm de\u0161\u0165\u016fm v m\u00edstn\u00ed \u010d\u00e1sti Nov\u00fd Dra\u017eejov<\/a><\/h6>\n<h6><a href=\"https:\/\/strakonicky.denik.cz\/zpravy_region\/novy-drazejov-opet-pod-vodou-jak-lidem-pomoci-mesto-svolalo-schuzku-20240610.html\" target=\"_blank\" rel=\"noopener\">Nov\u00fd Dra\u017eejov op\u011bt pod vodou. Jak lidem pomoci? M\u011bsto svolalo sch\u016fzku<\/a><\/h6>\n<h6><a href=\"https:\/\/zakrasnejsivimperk.cz\/?p=309043\" target=\"_blank\" rel=\"noopener\">JI\u017dN\u00cd \u010cECHY: Strakoni\u010dt\u00ed opravuj\u00ed pomn\u00edk padl\u00fdm u kostela svat\u00e9ho V\u00e1clava<\/a><\/h6>\n<h6><a href=\"https:\/\/zakrasnejsivimperk.cz\/?p=308877\" target=\"_blank\" rel=\"noopener\">JI\u017dN\u00cd \u010cECHY: Informace k aktu\u00e1ln\u00ed situaci na zimn\u00edm stadionu ve Strakonic\u00edch<\/a><\/h6>\n<h6><a href=\"https:\/\/zakrasnejsivimperk.cz\/?cat=131\" target=\"_blank\" rel=\"noopener\">Strakonick\u00e1 televize \u2013 ka\u017ed\u00fd t\u00fdden aktu\u00e1ln\u00ed informace o d\u011bn\u00ed ve m\u011bst\u011b na soutoku Voly\u0148ky a Otavy<\/a><\/h6>\n<hr \/>\n<p>&nbsp;<\/p>\n","protected":false},"excerpt":{"rendered":"<p>&nbsp; Dobrovoln\u00ed <\/p>\n","protected":false},"author":2,"featured_media":335552,"comment_status":"open","ping_status":"open","sticky":false,"template":"","format":"gallery","meta":{"footnotes":""},"categories":[24],"tags":[],"jetpack_featured_media_url":"https:\/\/zakrasnejsivimperk.cz\/wp-content\/uploads\/2025\/01\/27\/st-hasicska-zbrojnice.jpg","_links":{"self":[{"href":"https:\/\/zakrasnejsivimperk.cz\/index.php?rest_route=\/wp\/v2\/posts\/335551"}],"collection":[{"href":"https:\/\/zakrasnejsivimperk.cz\/index.php?rest_route=\/wp\/v2\/posts"}],"about":[{"href":"https:\/\/zakrasnejsivimperk.cz\/index.php?rest_route=\/wp\/v2\/types\/post"}],"author":[{"embeddable":true,"href":"https:\/\/zakrasnejsivimperk.cz\/index.php?rest_route=\/wp\/v2\/users\/2"}],"replies":[{"embeddable":true,"href":"https:\/\/zakrasnejsivimperk.cz\/index.php?rest_route=%2Fwp%2Fv2%2Fcomments&post=335551"}],"version-history":[{"count":2,"href":"https:\/\/zakrasnejsivimperk.cz\/index.php?rest_route=\/wp\/v2\/posts\/335551\/revisions"}],"predecessor-version":[{"id":335969,"href":"https:\/\/zakrasnejsivimperk.cz\/index.php?rest_route=\/wp\/v2\/posts\/335551\/revisions\/335969"}],"wp:featuredmedia":[{"embeddable":true,"href":"https:\/\/zakrasnejsivimperk.cz\/index.php?rest_route=\/wp\/v2\/media\/335552"}],"wp:attachment":[{"href":"https:\/\/zakrasnejsivimperk.cz\/index.php?rest_route=%2Fwp%2Fv2%2Fmedia&parent=335551"}],"wp:term":[{"taxonomy":"category","embeddable":true,"href":"https:\/\/zakrasnejsivimperk.cz\/index.php?rest_route=%2Fwp%2Fv2%2Fcategories&post=335551"},{"taxonomy":"post_tag","embeddable":true,"href":"https:\/\/zakrasnejsivimperk.cz\/index.php?rest_route=%2Fwp%2Fv2%2Ftags&post=335551"}],"curies":[{"name":"wp","href":"https:\/\/api.w.org\/{rel}","templated":true}]}}