{"id":332714,"date":"2025-01-13T14:37:55","date_gmt":"2025-01-13T13:37:55","guid":{"rendered":"https:\/\/zakrasnejsivimperk.cz\/?p=332714"},"modified":"2025-01-14T14:32:04","modified_gmt":"2025-01-14T13:32:04","slug":"sumava-objektivem-pavla-ourednika-roklansky-potok","status":"publish","type":"post","link":"https:\/\/zakrasnejsivimperk.cz\/?p=332714","title":{"rendered":"\u0160UMAVA OBJEKTIVEM PAVLA OU\u0158EDN\u00cdKA: Roklansk\u00fd potok"},"content":{"rendered":"<h6 style=\"text-align: center;\">FOTO: Pavel Ou\u0159edn\u00edk Foto\u0160umava<\/h6>\n<h6 style=\"text-align: center;\"><a href=\"http:\/\/www.pavelourednik.cz\/\" target=\"_blank\" rel=\"noopener\">http:\/\/www.pavelourednik.cz\/<\/a><\/h6>\n<p>&nbsp;<\/p>\n<p><img loading=\"lazy\" decoding=\"async\" class=\"aligncenter wp-image-332719 size-full\" src=\"https:\/\/zakrasnejsivimperk.cz\/wp-content\/uploads\/2024\/12\/25\/Roklansky-potok-dnes.-5.jpg\" alt=\"\" width=\"1400\" height=\"934\" srcset=\"https:\/\/zakrasnejsivimperk.cz\/wp-content\/uploads\/2024\/12\/25\/Roklansky-potok-dnes.-5.jpg 1400w, https:\/\/zakrasnejsivimperk.cz\/wp-content\/uploads\/2024\/12\/25\/Roklansky-potok-dnes.-5-300x200.jpg 300w, https:\/\/zakrasnejsivimperk.cz\/wp-content\/uploads\/2024\/12\/25\/Roklansky-potok-dnes.-5-1024x683.jpg 1024w, https:\/\/zakrasnejsivimperk.cz\/wp-content\/uploads\/2024\/12\/25\/Roklansky-potok-dnes.-5-768x512.jpg 768w, https:\/\/zakrasnejsivimperk.cz\/wp-content\/uploads\/2024\/12\/25\/Roklansky-potok-dnes.-5-535x357.jpg 535w, https:\/\/zakrasnejsivimperk.cz\/wp-content\/uploads\/2024\/12\/25\/Roklansky-potok-dnes.-5-724x483.jpg 724w\" sizes=\"(max-width: 1400px) 100vw, 1400px\" \/><\/p>\n<p>&nbsp;<\/p>\n<p><img loading=\"lazy\" decoding=\"async\" class=\"aligncenter wp-image-332718 size-full\" src=\"https:\/\/zakrasnejsivimperk.cz\/wp-content\/uploads\/2024\/12\/25\/Roklansky-potok-dnes.-4.jpg\" alt=\"\" width=\"1400\" height=\"934\" srcset=\"https:\/\/zakrasnejsivimperk.cz\/wp-content\/uploads\/2024\/12\/25\/Roklansky-potok-dnes.-4.jpg 1400w, https:\/\/zakrasnejsivimperk.cz\/wp-content\/uploads\/2024\/12\/25\/Roklansky-potok-dnes.-4-300x200.jpg 300w, https:\/\/zakrasnejsivimperk.cz\/wp-content\/uploads\/2024\/12\/25\/Roklansky-potok-dnes.-4-1024x683.jpg 1024w, https:\/\/zakrasnejsivimperk.cz\/wp-content\/uploads\/2024\/12\/25\/Roklansky-potok-dnes.-4-768x512.jpg 768w, https:\/\/zakrasnejsivimperk.cz\/wp-content\/uploads\/2024\/12\/25\/Roklansky-potok-dnes.-4-535x357.jpg 535w, https:\/\/zakrasnejsivimperk.cz\/wp-content\/uploads\/2024\/12\/25\/Roklansky-potok-dnes.-4-724x483.jpg 724w\" sizes=\"(max-width: 1400px) 100vw, 1400px\" \/><\/p>\n<p>&nbsp;<\/p>\n<p><img loading=\"lazy\" decoding=\"async\" class=\"aligncenter wp-image-332717 size-full\" src=\"https:\/\/zakrasnejsivimperk.cz\/wp-content\/uploads\/2024\/12\/25\/Roklansky-potok-dnes.-3.jpg\" alt=\"\" width=\"1400\" height=\"934\" srcset=\"https:\/\/zakrasnejsivimperk.cz\/wp-content\/uploads\/2024\/12\/25\/Roklansky-potok-dnes.-3.jpg 1400w, https:\/\/zakrasnejsivimperk.cz\/wp-content\/uploads\/2024\/12\/25\/Roklansky-potok-dnes.-3-300x200.jpg 300w, https:\/\/zakrasnejsivimperk.cz\/wp-content\/uploads\/2024\/12\/25\/Roklansky-potok-dnes.-3-1024x683.jpg 1024w, https:\/\/zakrasnejsivimperk.cz\/wp-content\/uploads\/2024\/12\/25\/Roklansky-potok-dnes.-3-768x512.jpg 768w, https:\/\/zakrasnejsivimperk.cz\/wp-content\/uploads\/2024\/12\/25\/Roklansky-potok-dnes.-3-535x357.jpg 535w, https:\/\/zakrasnejsivimperk.cz\/wp-content\/uploads\/2024\/12\/25\/Roklansky-potok-dnes.-3-724x483.jpg 724w\" sizes=\"(max-width: 1400px) 100vw, 1400px\" \/><\/p>\n<p>&nbsp;<\/p>\n<p><img loading=\"lazy\" decoding=\"async\" class=\"aligncenter wp-image-332715 size-full\" src=\"https:\/\/zakrasnejsivimperk.cz\/wp-content\/uploads\/2024\/12\/25\/Roklansky-potok-dnes.-1.jpg\" alt=\"\" width=\"1400\" height=\"934\" srcset=\"https:\/\/zakrasnejsivimperk.cz\/wp-content\/uploads\/2024\/12\/25\/Roklansky-potok-dnes.-1.jpg 1400w, https:\/\/zakrasnejsivimperk.cz\/wp-content\/uploads\/2024\/12\/25\/Roklansky-potok-dnes.-1-300x200.jpg 300w, https:\/\/zakrasnejsivimperk.cz\/wp-content\/uploads\/2024\/12\/25\/Roklansky-potok-dnes.-1-1024x683.jpg 1024w, https:\/\/zakrasnejsivimperk.cz\/wp-content\/uploads\/2024\/12\/25\/Roklansky-potok-dnes.-1-768x512.jpg 768w, https:\/\/zakrasnejsivimperk.cz\/wp-content\/uploads\/2024\/12\/25\/Roklansky-potok-dnes.-1-535x357.jpg 535w, https:\/\/zakrasnejsivimperk.cz\/wp-content\/uploads\/2024\/12\/25\/Roklansky-potok-dnes.-1-724x483.jpg 724w\" sizes=\"(max-width: 1400px) 100vw, 1400px\" \/><\/p>\n<p>&nbsp;<\/p>\n<p><img loading=\"lazy\" decoding=\"async\" class=\"aligncenter wp-image-332716 size-full\" src=\"https:\/\/zakrasnejsivimperk.cz\/wp-content\/uploads\/2024\/12\/25\/Roklansky-potok-dnes.-2.jpg\" alt=\"\" width=\"1400\" height=\"934\" srcset=\"https:\/\/zakrasnejsivimperk.cz\/wp-content\/uploads\/2024\/12\/25\/Roklansky-potok-dnes.-2.jpg 1400w, https:\/\/zakrasnejsivimperk.cz\/wp-content\/uploads\/2024\/12\/25\/Roklansky-potok-dnes.-2-300x200.jpg 300w, https:\/\/zakrasnejsivimperk.cz\/wp-content\/uploads\/2024\/12\/25\/Roklansky-potok-dnes.-2-1024x683.jpg 1024w, https:\/\/zakrasnejsivimperk.cz\/wp-content\/uploads\/2024\/12\/25\/Roklansky-potok-dnes.-2-768x512.jpg 768w, https:\/\/zakrasnejsivimperk.cz\/wp-content\/uploads\/2024\/12\/25\/Roklansky-potok-dnes.-2-535x357.jpg 535w, https:\/\/zakrasnejsivimperk.cz\/wp-content\/uploads\/2024\/12\/25\/Roklansky-potok-dnes.-2-724x483.jpg 724w\" sizes=\"(max-width: 1400px) 100vw, 1400px\" \/><\/p>\n<hr \/>\n<p>&nbsp;<\/p>\n<p>&nbsp;<\/p>\n","protected":false},"excerpt":{"rendered":"<p>FOTO: Pavel <\/p>\n","protected":false},"author":2,"featured_media":332721,"comment_status":"open","ping_status":"open","sticky":false,"template":"","format":"gallery","meta":{"footnotes":""},"categories":[164,71],"tags":[],"jetpack_featured_media_url":"https:\/\/zakrasnejsivimperk.cz\/wp-content\/uploads\/2024\/12\/25\/ram-sumava.jpg","_links":{"self":[{"href":"https:\/\/zakrasnejsivimperk.cz\/index.php?rest_route=\/wp\/v2\/posts\/332714"}],"collection":[{"href":"https:\/\/zakrasnejsivimperk.cz\/index.php?rest_route=\/wp\/v2\/posts"}],"about":[{"href":"https:\/\/zakrasnejsivimperk.cz\/index.php?rest_route=\/wp\/v2\/types\/post"}],"author":[{"embeddable":true,"href":"https:\/\/zakrasnejsivimperk.cz\/index.php?rest_route=\/wp\/v2\/users\/2"}],"replies":[{"embeddable":true,"href":"https:\/\/zakrasnejsivimperk.cz\/index.php?rest_route=%2Fwp%2Fv2%2Fcomments&post=332714"}],"version-history":[{"count":2,"href":"https:\/\/zakrasnejsivimperk.cz\/index.php?rest_route=\/wp\/v2\/posts\/332714\/revisions"}],"predecessor-version":[{"id":333754,"href":"https:\/\/zakrasnejsivimperk.cz\/index.php?rest_route=\/wp\/v2\/posts\/332714\/revisions\/333754"}],"wp:featuredmedia":[{"embeddable":true,"href":"https:\/\/zakrasnejsivimperk.cz\/index.php?rest_route=\/wp\/v2\/media\/332721"}],"wp:attachment":[{"href":"https:\/\/zakrasnejsivimperk.cz\/index.php?rest_route=%2Fwp%2Fv2%2Fmedia&parent=332714"}],"wp:term":[{"taxonomy":"category","embeddable":true,"href":"https:\/\/zakrasnejsivimperk.cz\/index.php?rest_route=%2Fwp%2Fv2%2Fcategories&post=332714"},{"taxonomy":"post_tag","embeddable":true,"href":"https:\/\/zakrasnejsivimperk.cz\/index.php?rest_route=%2Fwp%2Fv2%2Ftags&post=332714"}],"curies":[{"name":"wp","href":"https:\/\/api.w.org\/{rel}","templated":true}]}}