{"id":331769,"date":"2024-12-20T15:18:21","date_gmt":"2024-12-20T14:18:21","guid":{"rendered":"https:\/\/zakrasnejsivimperk.cz\/?p=331769"},"modified":"2024-12-28T19:02:27","modified_gmt":"2024-12-28T18:02:27","slug":"sumava-fotogalerie-horska-kvilda-u-hamerskych-domku-foto-radek-david","status":"publish","type":"post","link":"https:\/\/zakrasnejsivimperk.cz\/?p=331769","title":{"rendered":"\u0160UMAVA &#8211; FOTOGALERIE: Horsk\u00e1 Kvilda u Hamersk\u00fdch domk\u016f (Foto: Radek David)"},"content":{"rendered":"<p><img loading=\"lazy\" decoding=\"async\" class=\"aligncenter wp-image-331772 size-full\" src=\"https:\/\/zakrasnejsivimperk.cz\/wp-content\/uploads\/2024\/12\/15\/horska-kvilda-u-hamerskych-domku-rd-1.jpg\" alt=\"\" width=\"1920\" height=\"1079\" srcset=\"https:\/\/zakrasnejsivimperk.cz\/wp-content\/uploads\/2024\/12\/15\/horska-kvilda-u-hamerskych-domku-rd-1.jpg 1920w, https:\/\/zakrasnejsivimperk.cz\/wp-content\/uploads\/2024\/12\/15\/horska-kvilda-u-hamerskych-domku-rd-1-300x169.jpg 300w, https:\/\/zakrasnejsivimperk.cz\/wp-content\/uploads\/2024\/12\/15\/horska-kvilda-u-hamerskych-domku-rd-1-1024x575.jpg 1024w, https:\/\/zakrasnejsivimperk.cz\/wp-content\/uploads\/2024\/12\/15\/horska-kvilda-u-hamerskych-domku-rd-1-768x432.jpg 768w, https:\/\/zakrasnejsivimperk.cz\/wp-content\/uploads\/2024\/12\/15\/horska-kvilda-u-hamerskych-domku-rd-1-1536x863.jpg 1536w, https:\/\/zakrasnejsivimperk.cz\/wp-content\/uploads\/2024\/12\/15\/horska-kvilda-u-hamerskych-domku-rd-1-635x357.jpg 635w, https:\/\/zakrasnejsivimperk.cz\/wp-content\/uploads\/2024\/12\/15\/horska-kvilda-u-hamerskych-domku-rd-1-859x483.jpg 859w\" sizes=\"(max-width: 1920px) 100vw, 1920px\" \/><\/p>\n<p>&nbsp;<\/p>\n<p><img loading=\"lazy\" decoding=\"async\" class=\"aligncenter wp-image-331773 size-full\" src=\"https:\/\/zakrasnejsivimperk.cz\/wp-content\/uploads\/2024\/12\/15\/horska-kvilda-u-hamerskych-domku-rd-2.jpg\" alt=\"\" width=\"1920\" height=\"1218\" srcset=\"https:\/\/zakrasnejsivimperk.cz\/wp-content\/uploads\/2024\/12\/15\/horska-kvilda-u-hamerskych-domku-rd-2.jpg 1920w, https:\/\/zakrasnejsivimperk.cz\/wp-content\/uploads\/2024\/12\/15\/horska-kvilda-u-hamerskych-domku-rd-2-300x190.jpg 300w, https:\/\/zakrasnejsivimperk.cz\/wp-content\/uploads\/2024\/12\/15\/horska-kvilda-u-hamerskych-domku-rd-2-1024x650.jpg 1024w, https:\/\/zakrasnejsivimperk.cz\/wp-content\/uploads\/2024\/12\/15\/horska-kvilda-u-hamerskych-domku-rd-2-768x487.jpg 768w, https:\/\/zakrasnejsivimperk.cz\/wp-content\/uploads\/2024\/12\/15\/horska-kvilda-u-hamerskych-domku-rd-2-1536x974.jpg 1536w, https:\/\/zakrasnejsivimperk.cz\/wp-content\/uploads\/2024\/12\/15\/horska-kvilda-u-hamerskych-domku-rd-2-563x357.jpg 563w, https:\/\/zakrasnejsivimperk.cz\/wp-content\/uploads\/2024\/12\/15\/horska-kvilda-u-hamerskych-domku-rd-2-761x483.jpg 761w\" sizes=\"(max-width: 1920px) 100vw, 1920px\" \/><\/p>\n<p>&nbsp;<\/p>\n<p><img loading=\"lazy\" decoding=\"async\" class=\"aligncenter wp-image-331774 size-full\" src=\"https:\/\/zakrasnejsivimperk.cz\/wp-content\/uploads\/2024\/12\/15\/horska-kvilda-u-hamerskych-domku-rd-3.jpg\" alt=\"\" width=\"1920\" height=\"1016\" srcset=\"https:\/\/zakrasnejsivimperk.cz\/wp-content\/uploads\/2024\/12\/15\/horska-kvilda-u-hamerskych-domku-rd-3.jpg 1920w, https:\/\/zakrasnejsivimperk.cz\/wp-content\/uploads\/2024\/12\/15\/horska-kvilda-u-hamerskych-domku-rd-3-300x159.jpg 300w, https:\/\/zakrasnejsivimperk.cz\/wp-content\/uploads\/2024\/12\/15\/horska-kvilda-u-hamerskych-domku-rd-3-1024x542.jpg 1024w, https:\/\/zakrasnejsivimperk.cz\/wp-content\/uploads\/2024\/12\/15\/horska-kvilda-u-hamerskych-domku-rd-3-768x406.jpg 768w, https:\/\/zakrasnejsivimperk.cz\/wp-content\/uploads\/2024\/12\/15\/horska-kvilda-u-hamerskych-domku-rd-3-1536x813.jpg 1536w, https:\/\/zakrasnejsivimperk.cz\/wp-content\/uploads\/2024\/12\/15\/horska-kvilda-u-hamerskych-domku-rd-3-675x357.jpg 675w, https:\/\/zakrasnejsivimperk.cz\/wp-content\/uploads\/2024\/12\/15\/horska-kvilda-u-hamerskych-domku-rd-3-913x483.jpg 913w\" sizes=\"(max-width: 1920px) 100vw, 1920px\" \/><\/p>\n<p>&nbsp;<\/p>\n<p><img loading=\"lazy\" decoding=\"async\" class=\"aligncenter wp-image-331775 size-full\" src=\"https:\/\/zakrasnejsivimperk.cz\/wp-content\/uploads\/2024\/12\/15\/horska-kvilda-u-hamerskych-domku-rd-4.jpg\" alt=\"\" width=\"1250\" height=\"1250\" srcset=\"https:\/\/zakrasnejsivimperk.cz\/wp-content\/uploads\/2024\/12\/15\/horska-kvilda-u-hamerskych-domku-rd-4.jpg 1250w, https:\/\/zakrasnejsivimperk.cz\/wp-content\/uploads\/2024\/12\/15\/horska-kvilda-u-hamerskych-domku-rd-4-300x300.jpg 300w, https:\/\/zakrasnejsivimperk.cz\/wp-content\/uploads\/2024\/12\/15\/horska-kvilda-u-hamerskych-domku-rd-4-1024x1024.jpg 1024w, https:\/\/zakrasnejsivimperk.cz\/wp-content\/uploads\/2024\/12\/15\/horska-kvilda-u-hamerskych-domku-rd-4-150x150.jpg 150w, https:\/\/zakrasnejsivimperk.cz\/wp-content\/uploads\/2024\/12\/15\/horska-kvilda-u-hamerskych-domku-rd-4-768x768.jpg 768w, https:\/\/zakrasnejsivimperk.cz\/wp-content\/uploads\/2024\/12\/15\/horska-kvilda-u-hamerskych-domku-rd-4-357x357.jpg 357w, https:\/\/zakrasnejsivimperk.cz\/wp-content\/uploads\/2024\/12\/15\/horska-kvilda-u-hamerskych-domku-rd-4-483x483.jpg 483w, https:\/\/zakrasnejsivimperk.cz\/wp-content\/uploads\/2024\/12\/15\/horska-kvilda-u-hamerskych-domku-rd-4-210x210.jpg 210w\" sizes=\"(max-width: 1250px) 100vw, 1250px\" \/><\/p>\n<p>&nbsp;<\/p>\n<p><img loading=\"lazy\" decoding=\"async\" class=\"aligncenter wp-image-331776 size-full\" src=\"https:\/\/zakrasnejsivimperk.cz\/wp-content\/uploads\/2024\/12\/15\/horska-kvilda-u-hamerskych-domku-rd-5.jpg\" alt=\"\" width=\"1920\" height=\"1080\" srcset=\"https:\/\/zakrasnejsivimperk.cz\/wp-content\/uploads\/2024\/12\/15\/horska-kvilda-u-hamerskych-domku-rd-5.jpg 1920w, https:\/\/zakrasnejsivimperk.cz\/wp-content\/uploads\/2024\/12\/15\/horska-kvilda-u-hamerskych-domku-rd-5-300x169.jpg 300w, https:\/\/zakrasnejsivimperk.cz\/wp-content\/uploads\/2024\/12\/15\/horska-kvilda-u-hamerskych-domku-rd-5-1024x576.jpg 1024w, https:\/\/zakrasnejsivimperk.cz\/wp-content\/uploads\/2024\/12\/15\/horska-kvilda-u-hamerskych-domku-rd-5-768x432.jpg 768w, https:\/\/zakrasnejsivimperk.cz\/wp-content\/uploads\/2024\/12\/15\/horska-kvilda-u-hamerskych-domku-rd-5-1536x864.jpg 1536w, https:\/\/zakrasnejsivimperk.cz\/wp-content\/uploads\/2024\/12\/15\/horska-kvilda-u-hamerskych-domku-rd-5-635x357.jpg 635w, https:\/\/zakrasnejsivimperk.cz\/wp-content\/uploads\/2024\/12\/15\/horska-kvilda-u-hamerskych-domku-rd-5-859x483.jpg 859w\" sizes=\"(max-width: 1920px) 100vw, 1920px\" \/><\/p>\n<p>&nbsp;<\/p>\n<hr \/>\n<p>&nbsp;<\/p>\n","protected":false},"excerpt":{"rendered":"<p>&nbsp; &nbsp; <\/p>\n","protected":false},"author":2,"featured_media":331777,"comment_status":"open","ping_status":"open","sticky":false,"template":"","format":"gallery","meta":{"footnotes":""},"categories":[164,71,107],"tags":[],"jetpack_featured_media_url":"https:\/\/zakrasnejsivimperk.cz\/wp-content\/uploads\/2024\/12\/15\/ram-horska-kvilda.jpg","_links":{"self":[{"href":"https:\/\/zakrasnejsivimperk.cz\/index.php?rest_route=\/wp\/v2\/posts\/331769"}],"collection":[{"href":"https:\/\/zakrasnejsivimperk.cz\/index.php?rest_route=\/wp\/v2\/posts"}],"about":[{"href":"https:\/\/zakrasnejsivimperk.cz\/index.php?rest_route=\/wp\/v2\/types\/post"}],"author":[{"embeddable":true,"href":"https:\/\/zakrasnejsivimperk.cz\/index.php?rest_route=\/wp\/v2\/users\/2"}],"replies":[{"embeddable":true,"href":"https:\/\/zakrasnejsivimperk.cz\/index.php?rest_route=%2Fwp%2Fv2%2Fcomments&post=331769"}],"version-history":[{"count":2,"href":"https:\/\/zakrasnejsivimperk.cz\/index.php?rest_route=\/wp\/v2\/posts\/331769\/revisions"}],"predecessor-version":[{"id":331778,"href":"https:\/\/zakrasnejsivimperk.cz\/index.php?rest_route=\/wp\/v2\/posts\/331769\/revisions\/331778"}],"wp:featuredmedia":[{"embeddable":true,"href":"https:\/\/zakrasnejsivimperk.cz\/index.php?rest_route=\/wp\/v2\/media\/331777"}],"wp:attachment":[{"href":"https:\/\/zakrasnejsivimperk.cz\/index.php?rest_route=%2Fwp%2Fv2%2Fmedia&parent=331769"}],"wp:term":[{"taxonomy":"category","embeddable":true,"href":"https:\/\/zakrasnejsivimperk.cz\/index.php?rest_route=%2Fwp%2Fv2%2Fcategories&post=331769"},{"taxonomy":"post_tag","embeddable":true,"href":"https:\/\/zakrasnejsivimperk.cz\/index.php?rest_route=%2Fwp%2Fv2%2Ftags&post=331769"}],"curies":[{"name":"wp","href":"https:\/\/api.w.org\/{rel}","templated":true}]}}