{"id":331671,"date":"2024-12-14T12:00:38","date_gmt":"2024-12-14T11:00:38","guid":{"rendered":"https:\/\/zakrasnejsivimperk.cz\/?p=331671"},"modified":"2024-12-24T17:39:45","modified_gmt":"2024-12-24T16:39:45","slug":"nase-mesto-vimperk-prodej-vanocnich-stromku-v-arealu-lesniho-zavodu-boubin","status":"publish","type":"post","link":"https:\/\/zakrasnejsivimperk.cz\/?p=331671","title":{"rendered":"NA\u0160E M\u011aSTO VIMPERK: Prodej v\u00e1no\u010dn\u00edch stromk\u016f v are\u00e1lu Lesn\u00edho z\u00e1vodu Boub\u00edn"},"content":{"rendered":"<p><img loading=\"lazy\" decoding=\"async\" class=\"aligncenter wp-image-331673 size-large\" src=\"https:\/\/zakrasnejsivimperk.cz\/wp-content\/uploads\/2024\/12\/14\/lesy-prodej-stromku-2-724x1024.jpg\" alt=\"\" width=\"700\" height=\"990\" srcset=\"https:\/\/zakrasnejsivimperk.cz\/wp-content\/uploads\/2024\/12\/14\/lesy-prodej-stromku-2-724x1024.jpg 724w, https:\/\/zakrasnejsivimperk.cz\/wp-content\/uploads\/2024\/12\/14\/lesy-prodej-stromku-2-212x300.jpg 212w, https:\/\/zakrasnejsivimperk.cz\/wp-content\/uploads\/2024\/12\/14\/lesy-prodej-stromku-2-768x1086.jpg 768w, https:\/\/zakrasnejsivimperk.cz\/wp-content\/uploads\/2024\/12\/14\/lesy-prodej-stromku-2-1086x1536.jpg 1086w, https:\/\/zakrasnejsivimperk.cz\/wp-content\/uploads\/2024\/12\/14\/lesy-prodej-stromku-2-252x357.jpg 252w, https:\/\/zakrasnejsivimperk.cz\/wp-content\/uploads\/2024\/12\/14\/lesy-prodej-stromku-2-342x483.jpg 342w, https:\/\/zakrasnejsivimperk.cz\/wp-content\/uploads\/2024\/12\/14\/lesy-prodej-stromku-2.jpg 1190w\" sizes=\"(max-width: 700px) 100vw, 700px\" \/><\/p>\n<hr \/>\n<p>&nbsp;<\/p>\n","protected":false},"excerpt":{"rendered":"<p>&nbsp;<\/p>\n","protected":false},"author":2,"featured_media":331672,"comment_status":"open","ping_status":"open","sticky":false,"template":"","format":"gallery","meta":{"footnotes":""},"categories":[127],"tags":[],"jetpack_featured_media_url":"https:\/\/zakrasnejsivimperk.cz\/wp-content\/uploads\/2024\/12\/14\/lesy-prodej-stromku-1.jpg","_links":{"self":[{"href":"https:\/\/zakrasnejsivimperk.cz\/index.php?rest_route=\/wp\/v2\/posts\/331671"}],"collection":[{"href":"https:\/\/zakrasnejsivimperk.cz\/index.php?rest_route=\/wp\/v2\/posts"}],"about":[{"href":"https:\/\/zakrasnejsivimperk.cz\/index.php?rest_route=\/wp\/v2\/types\/post"}],"author":[{"embeddable":true,"href":"https:\/\/zakrasnejsivimperk.cz\/index.php?rest_route=\/wp\/v2\/users\/2"}],"replies":[{"embeddable":true,"href":"https:\/\/zakrasnejsivimperk.cz\/index.php?rest_route=%2Fwp%2Fv2%2Fcomments&post=331671"}],"version-history":[{"count":2,"href":"https:\/\/zakrasnejsivimperk.cz\/index.php?rest_route=\/wp\/v2\/posts\/331671\/revisions"}],"predecessor-version":[{"id":332699,"href":"https:\/\/zakrasnejsivimperk.cz\/index.php?rest_route=\/wp\/v2\/posts\/331671\/revisions\/332699"}],"wp:featuredmedia":[{"embeddable":true,"href":"https:\/\/zakrasnejsivimperk.cz\/index.php?rest_route=\/wp\/v2\/media\/331672"}],"wp:attachment":[{"href":"https:\/\/zakrasnejsivimperk.cz\/index.php?rest_route=%2Fwp%2Fv2%2Fmedia&parent=331671"}],"wp:term":[{"taxonomy":"category","embeddable":true,"href":"https:\/\/zakrasnejsivimperk.cz\/index.php?rest_route=%2Fwp%2Fv2%2Fcategories&post=331671"},{"taxonomy":"post_tag","embeddable":true,"href":"https:\/\/zakrasnejsivimperk.cz\/index.php?rest_route=%2Fwp%2Fv2%2Ftags&post=331671"}],"curies":[{"name":"wp","href":"https:\/\/api.w.org\/{rel}","templated":true}]}}