{"id":331415,"date":"2024-12-11T22:28:01","date_gmt":"2024-12-11T21:28:01","guid":{"rendered":"https:\/\/zakrasnejsivimperk.cz\/?p=331415"},"modified":"2024-12-13T18:18:32","modified_gmt":"2024-12-13T17:18:32","slug":"region-sumava-nove-jizdni-rady-dalkovych-autobusu-spolecnosti-svarctrans-platne-od-15-prosince-2024","status":"publish","type":"post","link":"https:\/\/zakrasnejsivimperk.cz\/?p=331415","title":{"rendered":"REGION \/ \u0160UMAVA: Nov\u00e9 j\u00edzdn\u00ed \u0159\u00e1dy d\u00e1lkov\u00fdch autobus\u016f spole\u010dnosti \u0160varctrans platn\u00e9 od 15. prosince 2024"},"content":{"rendered":"<p><img loading=\"lazy\" decoding=\"async\" class=\"aligncenter wp-image-331416 size-full\" src=\"https:\/\/zakrasnejsivimperk.cz\/wp-content\/uploads\/2024\/12\/11\/svarctrans-prehled.jpg\" alt=\"\" width=\"988\" height=\"779\" srcset=\"https:\/\/zakrasnejsivimperk.cz\/wp-content\/uploads\/2024\/12\/11\/svarctrans-prehled.jpg 988w, https:\/\/zakrasnejsivimperk.cz\/wp-content\/uploads\/2024\/12\/11\/svarctrans-prehled-300x237.jpg 300w, https:\/\/zakrasnejsivimperk.cz\/wp-content\/uploads\/2024\/12\/11\/svarctrans-prehled-768x606.jpg 768w, https:\/\/zakrasnejsivimperk.cz\/wp-content\/uploads\/2024\/12\/11\/svarctrans-prehled-453x357.jpg 453w, https:\/\/zakrasnejsivimperk.cz\/wp-content\/uploads\/2024\/12\/11\/svarctrans-prehled-613x483.jpg 613w\" sizes=\"(max-width: 988px) 100vw, 988px\" \/><\/p>\n<p>&nbsp;<\/p>\n<p><img loading=\"lazy\" decoding=\"async\" class=\"aligncenter wp-image-331417 size-full\" src=\"https:\/\/zakrasnejsivimperk.cz\/wp-content\/uploads\/2024\/12\/11\/kvilda-vpk-praha.jpg\" alt=\"\" width=\"1100\" height=\"621\" srcset=\"https:\/\/zakrasnejsivimperk.cz\/wp-content\/uploads\/2024\/12\/11\/kvilda-vpk-praha.jpg 1100w, https:\/\/zakrasnejsivimperk.cz\/wp-content\/uploads\/2024\/12\/11\/kvilda-vpk-praha-300x169.jpg 300w, https:\/\/zakrasnejsivimperk.cz\/wp-content\/uploads\/2024\/12\/11\/kvilda-vpk-praha-1024x578.jpg 1024w, https:\/\/zakrasnejsivimperk.cz\/wp-content\/uploads\/2024\/12\/11\/kvilda-vpk-praha-768x434.jpg 768w, https:\/\/zakrasnejsivimperk.cz\/wp-content\/uploads\/2024\/12\/11\/kvilda-vpk-praha-632x357.jpg 632w, https:\/\/zakrasnejsivimperk.cz\/wp-content\/uploads\/2024\/12\/11\/kvilda-vpk-praha-856x483.jpg 856w\" sizes=\"(max-width: 1100px) 100vw, 1100px\" \/><\/p>\n<h6 style=\"text-align: center;\"><a href=\"https:\/\/zakrasnejsivimperk.cz\/wp-content\/uploads\/2024\/12\/11\/kvilda-vpk-praha.pdf\" target=\"_blank\" rel=\"noopener\">J\u00edzdn\u00ed \u0159\u00e1d ve form\u00e1tu PDF<\/a><\/h6>\n<p>&nbsp;<\/p>\n<p><img loading=\"lazy\" decoding=\"async\" class=\"aligncenter wp-image-331419 size-full\" src=\"https:\/\/zakrasnejsivimperk.cz\/wp-content\/uploads\/2024\/12\/11\/vpk-pt-st-praha.jpg\" alt=\"\" width=\"1100\" height=\"506\" srcset=\"https:\/\/zakrasnejsivimperk.cz\/wp-content\/uploads\/2024\/12\/11\/vpk-pt-st-praha.jpg 1100w, https:\/\/zakrasnejsivimperk.cz\/wp-content\/uploads\/2024\/12\/11\/vpk-pt-st-praha-300x138.jpg 300w, https:\/\/zakrasnejsivimperk.cz\/wp-content\/uploads\/2024\/12\/11\/vpk-pt-st-praha-1024x471.jpg 1024w, https:\/\/zakrasnejsivimperk.cz\/wp-content\/uploads\/2024\/12\/11\/vpk-pt-st-praha-768x353.jpg 768w, https:\/\/zakrasnejsivimperk.cz\/wp-content\/uploads\/2024\/12\/11\/vpk-pt-st-praha-776x357.jpg 776w, https:\/\/zakrasnejsivimperk.cz\/wp-content\/uploads\/2024\/12\/11\/vpk-pt-st-praha-1050x483.jpg 1050w\" sizes=\"(max-width: 1100px) 100vw, 1100px\" \/><\/p>\n<h6 style=\"text-align: center;\"><a href=\"https:\/\/zakrasnejsivimperk.cz\/wp-content\/uploads\/2024\/12\/11\/vpk-pt-st-praha.pdf\" target=\"_blank\" rel=\"noopener\">J\u00edz<\/a><a href=\"https:\/\/zakrasnejsivimperk.cz\/wp-content\/uploads\/2024\/12\/11\/vpk-pt-st-praha.pdf\" target=\"_blank\" rel=\"noopener\">dn\u00ed \u0159\u00e1d ve form\u00e1tu PDF<\/a><\/h6>\n<p><img loading=\"lazy\" decoding=\"async\" class=\"aligncenter wp-image-331421 size-full\" src=\"https:\/\/zakrasnejsivimperk.cz\/wp-content\/uploads\/2024\/12\/11\/volary-pt-praha.jpg\" alt=\"\" width=\"1100\" height=\"516\" srcset=\"https:\/\/zakrasnejsivimperk.cz\/wp-content\/uploads\/2024\/12\/11\/volary-pt-praha.jpg 1100w, https:\/\/zakrasnejsivimperk.cz\/wp-content\/uploads\/2024\/12\/11\/volary-pt-praha-300x141.jpg 300w, https:\/\/zakrasnejsivimperk.cz\/wp-content\/uploads\/2024\/12\/11\/volary-pt-praha-1024x480.jpg 1024w, https:\/\/zakrasnejsivimperk.cz\/wp-content\/uploads\/2024\/12\/11\/volary-pt-praha-768x360.jpg 768w, https:\/\/zakrasnejsivimperk.cz\/wp-content\/uploads\/2024\/12\/11\/volary-pt-praha-761x357.jpg 761w, https:\/\/zakrasnejsivimperk.cz\/wp-content\/uploads\/2024\/12\/11\/volary-pt-praha-1030x483.jpg 1030w\" sizes=\"(max-width: 1100px) 100vw, 1100px\" \/><\/p>\n<h6 style=\"text-align: center;\"><a href=\"https:\/\/zakrasnejsivimperk.cz\/wp-content\/uploads\/2024\/12\/11\/volary-pt-praha.pdf\" target=\"_blank\" rel=\"noopener\">J\u00edzdn\u00ed \u0159\u00e1d ve form\u00e1tu PDF<\/a><\/h6>\n<p>&nbsp;<\/p>\n<p><img loading=\"lazy\" decoding=\"async\" class=\"aligncenter wp-image-331423 size-full\" src=\"https:\/\/zakrasnejsivimperk.cz\/wp-content\/uploads\/2024\/12\/11\/st-brno.jpg\" alt=\"\" width=\"1100\" height=\"503\" srcset=\"https:\/\/zakrasnejsivimperk.cz\/wp-content\/uploads\/2024\/12\/11\/st-brno.jpg 1100w, https:\/\/zakrasnejsivimperk.cz\/wp-content\/uploads\/2024\/12\/11\/st-brno-300x137.jpg 300w, https:\/\/zakrasnejsivimperk.cz\/wp-content\/uploads\/2024\/12\/11\/st-brno-1024x468.jpg 1024w, https:\/\/zakrasnejsivimperk.cz\/wp-content\/uploads\/2024\/12\/11\/st-brno-768x351.jpg 768w, https:\/\/zakrasnejsivimperk.cz\/wp-content\/uploads\/2024\/12\/11\/st-brno-781x357.jpg 781w, https:\/\/zakrasnejsivimperk.cz\/wp-content\/uploads\/2024\/12\/11\/st-brno-1056x483.jpg 1056w\" sizes=\"(max-width: 1100px) 100vw, 1100px\" \/><\/p>\n<h6 style=\"text-align: center;\"><a href=\"https:\/\/zakrasnejsivimperk.cz\/wp-content\/uploads\/2024\/12\/11\/st-brno.pdf\" target=\"_blank\" rel=\"noopener\">J\u00edzdn\u00ed \u0159\u00e1d ve form\u00e1tu PDF<\/a><\/h6>\n<p>&nbsp;<\/p>\n<p>Zdroj: \u0160varctrans<\/p>\n<p><strong>(red) &#8211; Za kr\u00e1sn\u011bj\u0161\u00ed Vimperk<\/strong><\/p>\n<hr \/>\n<p>&nbsp;<\/p>\n","protected":false},"excerpt":{"rendered":"<p>&nbsp; J\u00edzdn\u00ed <\/p>\n","protected":false},"author":2,"featured_media":331426,"comment_status":"open","ping_status":"open","sticky":false,"template":"","format":"gallery","meta":{"footnotes":""},"categories":[127,86],"tags":[],"jetpack_featured_media_url":"https:\/\/zakrasnejsivimperk.cz\/wp-content\/uploads\/2024\/12\/11\/ram-nove-rady.jpg","_links":{"self":[{"href":"https:\/\/zakrasnejsivimperk.cz\/index.php?rest_route=\/wp\/v2\/posts\/331415"}],"collection":[{"href":"https:\/\/zakrasnejsivimperk.cz\/index.php?rest_route=\/wp\/v2\/posts"}],"about":[{"href":"https:\/\/zakrasnejsivimperk.cz\/index.php?rest_route=\/wp\/v2\/types\/post"}],"author":[{"embeddable":true,"href":"https:\/\/zakrasnejsivimperk.cz\/index.php?rest_route=\/wp\/v2\/users\/2"}],"replies":[{"embeddable":true,"href":"https:\/\/zakrasnejsivimperk.cz\/index.php?rest_route=%2Fwp%2Fv2%2Fcomments&post=331415"}],"version-history":[{"count":1,"href":"https:\/\/zakrasnejsivimperk.cz\/index.php?rest_route=\/wp\/v2\/posts\/331415\/revisions"}],"predecessor-version":[{"id":331425,"href":"https:\/\/zakrasnejsivimperk.cz\/index.php?rest_route=\/wp\/v2\/posts\/331415\/revisions\/331425"}],"wp:featuredmedia":[{"embeddable":true,"href":"https:\/\/zakrasnejsivimperk.cz\/index.php?rest_route=\/wp\/v2\/media\/331426"}],"wp:attachment":[{"href":"https:\/\/zakrasnejsivimperk.cz\/index.php?rest_route=%2Fwp%2Fv2%2Fmedia&parent=331415"}],"wp:term":[{"taxonomy":"category","embeddable":true,"href":"https:\/\/zakrasnejsivimperk.cz\/index.php?rest_route=%2Fwp%2Fv2%2Fcategories&post=331415"},{"taxonomy":"post_tag","embeddable":true,"href":"https:\/\/zakrasnejsivimperk.cz\/index.php?rest_route=%2Fwp%2Fv2%2Ftags&post=331415"}],"curies":[{"name":"wp","href":"https:\/\/api.w.org\/{rel}","templated":true}]}}