{"id":331365,"date":"2025-12-10T14:01:01","date_gmt":"2025-12-10T13:01:01","guid":{"rendered":"https:\/\/zakrasnejsivimperk.cz\/?p=331365"},"modified":"2025-12-14T14:31:24","modified_gmt":"2025-12-14T13:31:24","slug":"ceske-tradice-svata-lucie-13-prosince","status":"publish","type":"post","link":"https:\/\/zakrasnejsivimperk.cz\/?p=331365","title":{"rendered":"\u010cESK\u00c9 TRADICE: Svat\u00e1 Lucie &#8211; 13. prosince"},"content":{"rendered":"<p><img loading=\"lazy\" decoding=\"async\" class=\"aligncenter wp-image-85541 size-full\" src=\"https:\/\/zakrasnejsivimperk.cz\/wp-content\/uploads\/2016\/12\/13\/svata-lucie.jpg\" alt=\"\" width=\"960\" height=\"960\" srcset=\"https:\/\/zakrasnejsivimperk.cz\/wp-content\/uploads\/2016\/12\/13\/svata-lucie.jpg 960w, https:\/\/zakrasnejsivimperk.cz\/wp-content\/uploads\/2016\/12\/13\/svata-lucie-150x150.jpg 150w, https:\/\/zakrasnejsivimperk.cz\/wp-content\/uploads\/2016\/12\/13\/svata-lucie-300x300.jpg 300w, https:\/\/zakrasnejsivimperk.cz\/wp-content\/uploads\/2016\/12\/13\/svata-lucie-768x768.jpg 768w, https:\/\/zakrasnejsivimperk.cz\/wp-content\/uploads\/2016\/12\/13\/svata-lucie-357x357.jpg 357w, https:\/\/zakrasnejsivimperk.cz\/wp-content\/uploads\/2016\/12\/13\/svata-lucie-483x483.jpg 483w, https:\/\/zakrasnejsivimperk.cz\/wp-content\/uploads\/2016\/12\/13\/svata-lucie-210x210.jpg 210w\" sizes=\"(max-width: 960px) 100vw, 960px\" \/><\/p>\n<p>&nbsp;<\/p>\n<h6>Svat\u00e1 Lucie noci upije, ale dne nep\u0159id\u00e1 &#8211; toto po\u0159ekadlo zn\u00e1 snad ka\u017ed\u00fd, p\u0159itom je to cel\u00e9 takov\u00e9 trochu zmaten\u00e9, aby d\u00e1valo smysl.<\/h6>\n<p>Den svat\u00e9 Lucie se slav\u00ed od 15. stolet\u00ed 13. prosince d\u00edky p\u0159echodu z Juli\u00e1nsk\u00e9ho kalend\u00e1\u0159e na Gregori\u00e1nsk\u00fd. P\u0159ed t\u00edm se svat\u00e1 Lucie slavila o 10dn\u00ed pozd\u011bji, tedy 23. prosince. Na prvn\u00ed pohled by tedy ani v jenom p\u0159\u00edpad\u011b neplatilo ono zn\u00e1m\u00e9 poke\u0159aklo. 23. prosince by ji\u017e musela sv\u011btla p\u0159idat, proto\u017ee se ji\u017e prodlu\u017euje den. Vysv\u011btlen\u00ed v\u0161ak tkv\u00ed ve zd\u00e1n\u00ed, \u017ee p\u0159ib\u00fdv\u00e1 sv\u011btla pr\u00e1v\u011b od 13. prosince, proto\u017ee slunce za\u010dne zapadat pozd\u011bji, ale je\u0161t\u011b se neprodlu\u017euje den. Slunovrat je a\u017e 21. prosince.<\/p>\n<p>Cituji: &#8220;<em>Pod\u00edv\u00e1me-li se ale na doby z\u00e1padu Slunce, tak a\u017e t\u00e9m\u011b\u0159 do poloviny prosince skute\u010dn\u011b Slunce ka\u017ed\u00fd den zapad\u00e1 o n\u011bco d\u0159\u00edve, ne\u017e p\u0159edchoz\u00ed den. Od 13. prosince se to ale m\u011bn\u00ed a Slunce zapad\u00e1 od tohoto dne u\u017e st\u00e1le pozd\u011bji! Jak je to ale mo\u017en\u00e9, kdy\u017e se a\u017e do slunovratu d\u00e9lka dne zkracuje? Je to vykompenzov\u00e1no pozd\u011bj\u0161\u00edm v\u00fdchodem Slunce r\u00e1no. Tak\u017ee m\u016f\u017eeme konstatovat, \u017ee od sv\u00e1tku svat\u00e9 Lucie za\u010d\u00edn\u00e1 Slunce zapadat pozd\u011bji, \u010d\u00edm\u017e se vysv\u011btl\u00ed ta prvn\u00ed \u010d\u00e1st pranostiky: Lucie noci upije.&#8221;<\/em><\/p>\n<p>V \u010dase p\u0159ed \u0160t\u011bdr\u00fdm dnem chod\u00edvaly Lucie po staven\u00edch a trestali ty, je\u017e nem\u011bli p\u0159\u00edbytek jako ze \u0161katulky.<br \/>\n&#8220;Lucky&#8221; chodily v p\u0159edve\u010der sv\u00e9ho sv\u00e1tku, tedy 12. prosince, na obch\u016fzku po staven\u00edch, jak v \u010cech\u00e1ch tak na Morav\u011b.<\/p>\n<p>Byly od\u011bny do b\u00edl\u00fdch prost\u011bradel a spodni\u010dek, p\u0159es obli\u010dej m\u011bly r\u016fzn\u00e9 \u0161krabo\u0161ky nebo pomou\u010dn\u011bn\u00fd obli\u010dej. V \u010cech\u00e1ch to byl nej\u010dast\u011bji velk\u00fd b\u00edl\u00fd zoban s otvory pro o\u010di, na Morav\u011b pomou\u010dn\u011bn\u00fd obli\u010dej. Chodily aspo\u0148 dv\u011b. V jedn\u00e9 ruce ko\u0161\u00edk nebo ko\u0161t\u011b a v druh\u00e9 peroutku, \u010dast\u011bji v\u0161ak hus\u00ed k\u0159\u00eddlo, je\u017e jedna m\u011bla zapr\u00e1\u0161en\u00e9 hladkou moukou. T\u00edm testovali ve staven\u00ed, zda m\u00e1 hospodyn\u011b p\u0159ed \u0160t\u011bdr\u00fdm dnem dob\u0159e naklizeno a v\u0161ude ut\u0159en\u00fd prach. Nem\u011bla-li, byla potrest\u00e1na (nikde jsem se zat\u00edm nedo\u010detla ani mi nikdo nepov\u011bd\u011bl jak &#8211; jestli v\u00edte, napi\u0161te mi a j\u00e1 dopln\u00edm). Pokud bylo v\u0161e v po\u0159\u00e1dku druh\u00e1 Lucka pohladila v\u0161echny pomou\u010dn\u011bn\u00fdm k\u0159\u00eddlem po tv\u00e1\u0159i a z ko\u0161\u00edku vyt\u00e1hla n\u011bco mal\u00e9ho dobr\u00e9ho pro d\u011bti, t\u0159eba jabl\u00ed\u010dko nebo o\u0159\u00ed\u0161ek \u010di pern\u00ed\u010dek.<\/p>\n<p>Lucie poch\u00e1z\u00ed z latinsk\u00e9ho Lux &#8211; sv\u011btlo, kter\u00e9 p\u0159in\u00e1\u0161\u00ed snad ve v\u0161ech zem\u00edch a v\u0161ude trochu jinak.<br \/>\nJe patronkou nevidom\u00fdch a posti\u017een\u00fdch onemocn\u011bn\u00edm o\u010d\u00ed, skl\u00e1\u0159\u016f, sklen\u00e1\u0159\u016f a \u0161vadlen. Je pova\u017eov\u00e1na i za patronku sv\u011btlu\u0161ek ve skautsk\u00fdch odd\u00edlech. Je vz\u00fdv\u00e1na chud\u00fdmi a m\u016f\u017ee b\u00fdt patronkou i t\u011bm, kdo \u0161\u00ed\u0159\u00ed sv\u011btlo pravdy.<\/p>\n<p>V\u00edce z jej\u00edho \u017eivotopisu zde: <a href=\"http:\/\/catholica.cz\/?id=4874\" target=\"_blank\" rel=\"noopener\"><strong>http:\/\/catholica.cz\/?id=4874<\/strong><\/a><\/p>\n<p>A pro zaj\u00edmavost, jak to bylo s juli\u00e1nsk\u00fdm kalend\u00e1\u0159em?,(P\u0159evzato ze Severn\u00edch list\u016f &#8211; prosinec 2001):<\/p>\n<p>P<em>ape\u017e \u0158eho\u0159 VIII., kter\u00fd v roce 1582 vydal tzv. Bulu Intergravissimas, podle n\u00ed\u017e se m\u011blo \u010d\u00edslov\u00e1n\u00ed dn\u016f posunout o 10 dn\u016f dop\u0159edu. A to proto, aby se vyrovnalo zpo\u017ed\u011bn\u00ed juli\u00e1nsk\u00e9ho kalend\u00e1\u0159e za \u201eastronomick\u00fdm\u201c. Jak je v\u0161eobecn\u011b zn\u00e1mo, astronomick\u00fd rok netrv\u00e1 365 dn\u00ed, ale o n\u011bco v\u00edce. Proto se ka\u017ed\u00e9 \u010dty\u0159i roky vkl\u00e1d\u00e1 p\u0159estupn\u00fd 29. \u00fanor, obdobn\u011b ani ka\u017ed\u00fd kulat\u00fd st\u00fd rok neb\u00fdv\u00e1 stejn\u011b dlouh\u00fd. Prost\u011b st\u00e1le n\u011bco p\u0159eb\u00fdv\u00e1 nebo se nedost\u00e1v\u00e1. P\u016fvodn\u011b pou\u017e\u00edvan\u00fd kalend\u00e1\u0159 Juli\u00e1nsk\u00fd s t\u011bmito odchylkami nepo\u010d\u00edtal a proto se \u201ezpo\u017e\u010foval\u201c. Nov\u00fd kalend\u00e1\u0159 byl sestaven bratry Liliov\u00fdmi a na po\u010dest pape\u017ee \u0158eho\u0159e, kter\u00fd jej uvedl v pou\u017e\u00edv\u00e1n\u00ed, se naz\u00fdv\u00e1 Gregori\u00e1nsk\u00fd. Po\u010d\u00edtal u\u017e s d\u00e9lkou dne 365 dn\u016f, 5 hodin, 49 hodin a 16 vte\u0159in (co\u017e je mimochodem hodn\u011b p\u0159esn\u00e9 a od hodnoty \u201etropick\u00e9ho roku\u201c, kter\u00fd pova\u017eujeme za p\u0159esn\u00fd my, se li\u0161\u00ed o pouh\u00fdch 30 vte\u0159in). V \u010cech\u00e1ch jsme m\u011bli takto pokrokov\u00fd kalend\u00e1\u0159 mezi prvn\u00edmi, u\u017e v 16. stolet\u00ed. Pomineme-li zem\u011b, kde pou\u017e\u00edvaj\u00ed na n\u00e1\u0161 vkus pon\u011bkud exotick\u00e9 kalend\u00e1\u0159e (japonsk\u00fd, \u010d\u00ednsk\u00fd, isl\u00e1msk\u00fd, \u017eidovsk\u00fd a \u0159adu dal\u0161\u00edch), je do dne\u0161n\u00ed doby n\u011bkolik k\u0159es\u0165ansk\u00fdch st\u00e1t\u016f, kde se gregori\u00e1nsk\u00fd kalend\u00e1\u0159 neujal. Jde o zem\u011b, kter\u00e9 nemaj\u00ed pape\u017ee p\u0159\u00edli\u0161 v l\u00e1sce a tak nikdy neuznaly jeho \u201enovoty\u201c \u2013 zem\u011b, kde je v\u011bt\u0161ina lid\u00ed vyzn\u00e1n\u00ed \u0159ecko-katolick\u00e9ho nebo pravoslavn\u00e9ho.<\/em><\/p>\n<p>P\u0159ipome\u0148me jen zn\u00e1m\u00fd p\u0159\u00edpad Velk\u00e9 \u0159\u00edjnov\u00e9 revoluce, kter\u00e1 byla v listopadu.<\/p>\n<p><strong>Zdroj:<\/strong> Vlastimil Vondru\u0161ka \u2013 C\u00edrkevn\u00ed rok a lidov\u00e9 oby\u010deje<br \/>\n\u010cen\u011bk Z\u00edbrt &#8211; Vesel\u00e9 chv\u00edle v \u017eivot\u011b \u010desk\u00e9ho lidu<br \/>\nLadislava Paterko \u2013 p\u0159edn\u00e1\u0161ky a semin\u00e1\u0159e, kniha Na\u0161e Tradice catholica.cz<br \/>\nSeversk\u00e9 listy &#8211; prosinec 2001<br \/>\nGregori\u00e1nsk\u00e1 reforma kalend\u00e1\u0159e<br \/>\n<a href=\"https:\/\/kalendar.beda.cz\/gregorianska-reforma-kalendare\" target=\"_blank\" rel=\"noopener\"><strong>https:\/\/kalendar.beda.cz\/gregorianska-reforma-kalendare<\/strong><\/a><\/p>\n<p><a href=\"https:\/\/www.prirodovedci.cz\/zeptejte-se-prirodovedcu\/4850?\" target=\"_blank\" rel=\"noopener\"><strong>https:\/\/www.prirodovedci.cz\/zeptejte-se-prirodovedcu\/4850?<\/strong><\/a><\/p>\n<p>&nbsp;<\/p>\n<p><strong>P\u0159ipravuje: Barbora ORS\u00c1GOV\u00c1<\/strong><\/p>\n<p>Foto: archiv Star\u00e1 \u0160umava<\/p>\n<hr \/>\n<p>&nbsp;<\/p>\n","protected":false},"excerpt":{"rendered":"<p>&nbsp; Svat\u00e1 <\/p>\n","protected":false},"author":2,"featured_media":269319,"comment_status":"open","ping_status":"open","sticky":false,"template":"","format":"gallery","meta":{"footnotes":""},"categories":[89],"tags":[],"jetpack_featured_media_url":"https:\/\/zakrasnejsivimperk.cz\/wp-content\/uploads\/2021\/12\/12\/r\u00e1m-lucie.jpg","_links":{"self":[{"href":"https:\/\/zakrasnejsivimperk.cz\/index.php?rest_route=\/wp\/v2\/posts\/331365"}],"collection":[{"href":"https:\/\/zakrasnejsivimperk.cz\/index.php?rest_route=\/wp\/v2\/posts"}],"about":[{"href":"https:\/\/zakrasnejsivimperk.cz\/index.php?rest_route=\/wp\/v2\/types\/post"}],"author":[{"embeddable":true,"href":"https:\/\/zakrasnejsivimperk.cz\/index.php?rest_route=\/wp\/v2\/users\/2"}],"replies":[{"embeddable":true,"href":"https:\/\/zakrasnejsivimperk.cz\/index.php?rest_route=%2Fwp%2Fv2%2Fcomments&post=331365"}],"version-history":[{"count":4,"href":"https:\/\/zakrasnejsivimperk.cz\/index.php?rest_route=\/wp\/v2\/posts\/331365\/revisions"}],"predecessor-version":[{"id":364016,"href":"https:\/\/zakrasnejsivimperk.cz\/index.php?rest_route=\/wp\/v2\/posts\/331365\/revisions\/364016"}],"wp:featuredmedia":[{"embeddable":true,"href":"https:\/\/zakrasnejsivimperk.cz\/index.php?rest_route=\/wp\/v2\/media\/269319"}],"wp:attachment":[{"href":"https:\/\/zakrasnejsivimperk.cz\/index.php?rest_route=%2Fwp%2Fv2%2Fmedia&parent=331365"}],"wp:term":[{"taxonomy":"category","embeddable":true,"href":"https:\/\/zakrasnejsivimperk.cz\/index.php?rest_route=%2Fwp%2Fv2%2Fcategories&post=331365"},{"taxonomy":"post_tag","embeddable":true,"href":"https:\/\/zakrasnejsivimperk.cz\/index.php?rest_route=%2Fwp%2Fv2%2Ftags&post=331365"}],"curies":[{"name":"wp","href":"https:\/\/api.w.org\/{rel}","templated":true}]}}