{"id":330879,"date":"2024-12-06T19:09:25","date_gmt":"2024-12-06T18:09:25","guid":{"rendered":"https:\/\/zakrasnejsivimperk.cz\/?p=330879"},"modified":"2024-12-06T19:09:25","modified_gmt":"2024-12-06T18:09:25","slug":"z-prvni-ruky-vyznam-mrtveho-dreva-navstevnici-sumavy-chapou-rozsirovali-by-bezzasahova-uzemi","status":"publish","type":"post","link":"https:\/\/zakrasnejsivimperk.cz\/?p=330879","title":{"rendered":"Z PRVN\u00cd RUKY: V\u00fdznam mrtv\u00e9ho d\u0159eva n\u00e1v\u0161t\u011bvn\u00edci \u0160umavy ch\u00e1pou. Roz\u0161i\u0159ovali by bezz\u00e1sahov\u00e1 \u00fazem\u00ed"},"content":{"rendered":"<h6><img loading=\"lazy\" decoding=\"async\" class=\"alignleft wp-image-97958\" src=\"https:\/\/zakrasnejsivimperk.cz\/wp-content\/uploads\/2017\/05\/15\/logo-nps-300x300.jpg\" alt=\"\" width=\"100\" height=\"100\" srcset=\"https:\/\/zakrasnejsivimperk.cz\/wp-content\/uploads\/2017\/05\/15\/logo-nps-300x300.jpg 300w, https:\/\/zakrasnejsivimperk.cz\/wp-content\/uploads\/2017\/05\/15\/logo-nps-150x150.jpg 150w, https:\/\/zakrasnejsivimperk.cz\/wp-content\/uploads\/2017\/05\/15\/logo-nps-768x768.jpg 768w, https:\/\/zakrasnejsivimperk.cz\/wp-content\/uploads\/2017\/05\/15\/logo-nps-357x357.jpg 357w, https:\/\/zakrasnejsivimperk.cz\/wp-content\/uploads\/2017\/05\/15\/logo-nps-483x483.jpg 483w, https:\/\/zakrasnejsivimperk.cz\/wp-content\/uploads\/2017\/05\/15\/logo-nps-210x210.jpg 210w, https:\/\/zakrasnejsivimperk.cz\/wp-content\/uploads\/2017\/05\/15\/logo-nps.jpg 960w\" sizes=\"(max-width: 100px) 100vw, 100px\" \/>Dv\u011b t\u0159etiny n\u00e1v\u0161t\u011bvn\u00edk\u016f \u0160umavy c\u00edt\u00ed smutek p\u0159i pohledu na odum\u0159el\u00e9 d\u0159evo. P\u0159itom 94 procent n\u00e1v\u0161t\u011bvn\u00edk\u016f souhlas\u00ed s t\u00edm, \u017ee odum\u0159el\u00e9 d\u0159evo je kl\u00ed\u010dovou slo\u017ekou biologick\u00e9 rozmanitosti. Takov\u00e9 jsou d\u00edl\u010d\u00ed v\u00fdsledky ankety, do kter\u00e9 se zapojilo na 400 respondent\u016f.<\/h6>\n<p>Dotazn\u00edkov\u00e9 \u0161et\u0159en\u00ed \u201eVn\u00edm\u00e1n\u00ed tlej\u00edc\u00edho d\u0159eva v N\u00e1rodn\u00edm parku \u0160umava\u201c prov\u00e1d\u011bli zam\u011bstnanci Spr\u00e1vy po cel\u00e9m \u00fazem\u00ed n\u00e1rodn\u00edho parku, v r\u00e1mci kter\u00e9ho oslovovali n\u00e1v\u0161t\u011bvn\u00edky star\u0161\u00ed 18 let v\u0161ech stup\u0148\u016f dosa\u017een\u00e9ho vzd\u011bl\u00e1n\u00ed.<\/p>\n<p><em>\u201eP\u0159ipravili jsme dev\u011bt ot\u00e1zek, t\u00fdkaj\u00edc\u00edch se problematiky tlej\u00edc\u00edho d\u0159eva. Ta je p\u0159\u00edmo spojena s bezz\u00e1sahov\u00fdm \u00fazem\u00edm, kter\u00e9 se na \u0160umav\u011b pomalu roz\u0161i\u0159uje a aktu\u00e1ln\u011b \u010din\u00ed 43 procent z celkov\u00e9 rozlohy N\u00e1rodn\u00edho parku. Ostatn\u011b, jedna z ot\u00e1zek zn\u011bla, zda velikost bezz\u00e1sahov\u00fdch ploch \u0161umavsk\u00fdch les\u016f sn\u00ed\u017eit, zachovat nebo naopak roz\u0161i\u0159ovat. Jen 8,5 procenta lid\u00ed by plochy ponechan\u00e9 p\u0159\u00edrodn\u00edm proces\u016fm zmen\u0161ila. Polovina dot\u00e1zan\u00fdch by rozlohu bezz\u00e1sahov\u00fdch ploch ponechala ve st\u00e1vaj\u00edc\u00ed rozloze, a 41 procent by bylo r\u00e1do, pokud by se p\u0159\u00edrodn\u00ed z\u00f3ny roz\u0161\u00ed\u0159ily,\u201c<\/em> vysv\u011btluje Josef \u0160temberk, kter\u00fd dotazn\u00edkov\u00e9 \u0161et\u0159en\u00ed p\u0159ipravoval a vyhodnocoval.<\/p>\n<p><em>\u201ePr\u00e1v\u011b na t\u00e9to ot\u00e1zce se ukazuje, \u017ee n\u00e1v\u0161t\u011bvn\u00edci \u0160umavy ch\u00e1pou v\u00fdznam n\u00e1rodn\u00edch park\u016f a akceptuj\u00ed to, co \u0159\u00edk\u00e1 z\u00e1kon o ochran\u011b p\u0159\u00edrody a krajiny \u2013 tedy, \u017ee \u00fazem\u00ed n\u00e1rodn\u00edch park\u016f by m\u011blo b\u00fdt z v\u011bt\u0161iny bezz\u00e1sahov\u00e9,\u201c<\/em> komentuje \u0159editel Spr\u00e1vy N\u00e1rodn\u00edho parku \u0160umava Pavel Huben\u00fd.<\/p>\n<p>Odpov\u011bdi na dal\u0161\u00ed dva dotazy se zdaj\u00ed b\u00fdt v rozporu. V t\u00e9 prvn\u00ed se respondenti vyjad\u0159ovali k tomu, zda poci\u0165uj\u00ed smutek, kdy\u017e sleduj\u00ed velkou plochu s odum\u0159el\u00fdm d\u0159evem. Skoro dv\u011b t\u0159etin z nich (59 %) se c\u00edt\u00ed smutn\u011b. Na druhou stranu skoro stejn\u00fd po\u010det lid\u00ed (57,5 %) nesouhlas\u00ed s t\u00edm, \u017ee by na ploch\u00e1ch s odum\u0159el\u00fdm stromov\u00fdm patrem do\u0161lo ke ztr\u00e1t\u011b jedine\u010dn\u00e9 p\u0159\u00edrody. A co v\u00edc, absolutn\u00ed v\u011bt\u0161ina n\u00e1v\u0161t\u011bvn\u00edk\u016f (95 %) souhlas\u00ed s tvrzen\u00edm, \u017ee odum\u0159el\u00e9 d\u0159evo je d\u016fle\u017eit\u00e9 pro vz\u00e1cn\u00e9 druhy a prakticky stejn\u00fd pod\u00edl dotazovan\u00fdch (94 %) v\u00ed, \u017ee odum\u0159el\u00e9 d\u0159evo hraje v les\u00edch d\u016fle\u017eitou \u00falohu pro biologickou rozmanitost.<\/p>\n<p><em>\u201eV odpov\u011bd\u00edch na tyto dotazy, osobn\u011b nevid\u00edm rozpor. Poci\u0165ovan\u00fd smutek toti\u017e je emoce, kter\u00e1 nutn\u011b nemus\u00ed b\u00fdt negativn\u00ed. Naopak to m\u016f\u017ee b\u00fdt emoce, se kterou maj\u00ed n\u00e1v\u0161t\u011bvn\u00edci \u0160umavu spojenou a kv\u016fli tomu ji i vyhled\u00e1vaj\u00ed. Z\u00e1dum\u010div\u00e1, tajemn\u00e1, smutn\u00e1 \u0160umava je prezentov\u00e1na v \u0159ad\u011b liter\u00e1rn\u00edch d\u011bl, v mnoh\u00fdch filmech a seri\u00e1lech, v obrazech a fotografi\u00edch. Tuto moj\u00ed domn\u011bnku podporuje v\u00edce ne\u017e polovina dot\u00e1zan\u00fdch (56 %) kter\u00e1 se odum\u0159el\u00fdm d\u0159evem nec\u00edt\u00ed stresov\u00e1na,\u201c<\/em> hodnot\u00ed dal\u0161\u00ed v\u00fdsledky aktu\u00e1ln\u00edho dotazn\u00edkov\u00e9ho \u0161et\u0159en\u00ed Pavel Huben\u00fd.<\/p>\n<p>N\u00e1v\u0161t\u011bvn\u00edci se v r\u00e1mci dotazn\u00edkov\u00e9ho \u0161et\u0159en\u00ed vyj\u00e1d\u0159ili tak\u00e9 k tomu, zda by se m\u011bly odum\u0159el\u00e9 stromy hospod\u00e1\u0159sky zhodnotit. Cel\u00fdch 69 procent to nepova\u017euje za nutn\u00e9.<\/p>\n<p><em>\u201eTo, \u017ee v\u011bt\u0161ina n\u00e1v\u0161t\u011bvn\u00edk\u016f nevn\u00edm\u00e1 N\u00e1rodn\u00ed park \u0160umava jako hospod\u00e1\u0159sk\u00fd les je pro m\u011b osobn\u011b si t\u00edm nejv\u011bt\u0161\u00edm potvrzen\u00edm toho, \u017ee posledn\u00edch v\u00edce ne\u017e 10 let vytv\u00e1\u0159\u00edme n\u00e1rodn\u00ed park, kter\u00fd \u010ce\u0161i cht\u011bj\u00ed a cht\u011bj\u00ed ho v takov\u00e9 podob\u011b, jak jsou n\u00e1rodn\u00ed parky vn\u00edm\u00e1ny celosv\u011btov\u011b. Tedy, n\u00e1\u0161 c\u00edl, aby N\u00e1rodn\u00ed park \u0160umava byl ze 75 procent bezz\u00e1sahov\u00fdm \u00fazem\u00edm, je spr\u00e1vn\u00fd,\u201c<\/em> dopl\u0148uje \u0159editel Pavel Huben\u00fd.<\/p>\n<p>T\u00e9ma tlej\u00edc\u00edho d\u0159eva bylo na \u0160umav\u011b \u00fast\u0159edn\u00edm motivem cel\u00e9ho roku 2024. V r\u00e1mci n\u011bj Spr\u00e1va mimo jin\u00e9 po\u0159\u00e1dala odborn\u00e9 doprovody do m\u00edst, kde doch\u00e1z\u00ed k samovoln\u00e9mu v\u00fdvoji lesa a uspo\u0159\u00e1dala speci\u00e1ln\u00ed programy na m\u00edstech, kde tlej\u00edc\u00ed d\u0159evo vytv\u00e1\u0159\u00ed jedine\u010dn\u00e9 p\u0159\u00edrodn\u00ed prost\u0159ed\u00ed a n\u00e1v\u0161t\u011bvn\u00edci to mohou dlouhodob\u011b sledovat (Poledn\u00edk, B\u0159ezn\u00edk, Prameny Vltavy, Ple\u0161n\u00e9 jezero).<\/p>\n<p><em>\u201eT\u00e9ma tlej\u00edc\u00edho d\u0159eva je velmi obs\u00e1hl\u00e9 a ur\u010dit\u011b se bude v ur\u010dit\u00fdch momentech objevovat i v p\u0159\u00ed\u0161t\u00edm roce. Pro rok 2025 jsme toti\u017e p\u0159ipravili t\u00e9ma s n\u00e1zvem Rok n\u00e1vrat\u016f. N\u00e1v\u0161t\u011bvn\u00edky a milovn\u00edky \u0160umav tak budeme seznamovat s p\u0159\u00edb\u011bhy vybran\u00fdch druh\u016f \u017eivo\u010dich\u016f, rostlin nebo hub, kter\u00e9 ze \u0160umavy bu\u010f \u00fapln\u011b, nebo zd\u00e1nliv\u011b vymizeli a d\u00edky roz\u0161i\u0159uj\u00edc\u00ed se bezz\u00e1sahovosti a hlavn\u011b c\u00edlen\u00e9 ochran\u011b, se bu\u010f navr\u00e1tili, nebo se roz\u0161i\u0159uj\u00ed na v\u011bt\u0161in\u011b \u00fazem\u00ed \u0160umavy,\u201c<\/em> \u0159\u00edk\u00e1 mluv\u010d\u00ed Spr\u00e1vy N\u00e1rodn\u00edho parku \u0160umava Jan Dvo\u0159\u00e1k.<\/p>\n<p><strong>(tz-np\u0161)<\/strong><\/p>\n<h1><a href=\"https:\/\/zakrasnejsivimperk.cz\/wp-content\/uploads\/2024\/12\/06\/ankety-nps.pdf\" target=\"_blank\" rel=\"noopener\">ANKETA<\/a> <em>(form\u00e1t PDF)<\/em><\/h1>\n<hr \/>\n<p>&nbsp;<\/p>\n<h6>Informujeme:<\/h6>\n<h4 class=\"entry-title\"><a href=\"https:\/\/zakrasnejsivimperk.cz\/?p=330818\" target=\"_blank\" rel=\"noopener\">Tr\u017eby v\u202fmaloobchod\u011b pokra\u010dovaly v r\u016fstu<\/a><\/h4>\n<h4 class=\"entry-title\"><a href=\"https:\/\/zakrasnejsivimperk.cz\/?p=330797\" target=\"_blank\" rel=\"noopener\">P\u0158E\u010cT\u011aTE SI U N\u00c1S: Den\u00edk Metro \u2013 6. prosince 2024<\/a><\/h4>\n<h4 class=\"entry-title\"><a href=\"https:\/\/zakrasnejsivimperk.cz\/?p=330727\" target=\"_blank\" rel=\"noopener\">Poji\u0161t\u011bnci u\u017e nebudou po p\u0159ekro\u010den\u00ed ochrann\u00e9ho limitu platit v l\u00e9k\u00e1rn\u00e1ch zapo\u010ditateln\u00fd doplatek<\/a><\/h4>\n<h4 class=\"entry-title\"><a href=\"https:\/\/zakrasnejsivimperk.cz\/?p=330652\" target=\"_blank\" rel=\"noopener\">V Jiho\u010desk\u00e9m kraji vzrostly mzdy ve 3. \u010dtvrtlet\u00ed 2024 meziro\u010dn\u011b o 2599 K\u010d<\/a><\/h4>\n<h4 class=\"entry-title\"><a href=\"https:\/\/zakrasnejsivimperk.cz\/?p=330705\" target=\"_blank\" rel=\"noopener\">P\u0158E\u010cT\u011aTE SI U N\u00c1S: Den\u00edk Metro \u2013 5. prosince 2024<\/a><\/h4>\n<h4 class=\"entry-title\"><a href=\"https:\/\/zakrasnejsivimperk.cz\/?p=330626\" target=\"_blank\" rel=\"noopener\">Prvn\u00ed v\u00fdskyt difylobotri\u00f3zy v \u010cesk\u00e9 republice \u2013 n\u00e1kazy vyvolan\u00e9 tasemnic\u00ed \u0161kulovcem \u0161irok\u00fdm po konzumaci jiker \u0161tiky<\/a><\/h4>\n<h4 class=\"entry-title\"><a href=\"https:\/\/zakrasnejsivimperk.cz\/?p=330581\" target=\"_blank\" rel=\"noopener\">Tr\u017eby v ICT sektoru loni p\u0159es\u00e1hly bilion korun<\/a><\/h4>\n<h4 class=\"entry-title\"><a href=\"https:\/\/zakrasnejsivimperk.cz\/?p=330578\" target=\"_blank\" rel=\"noopener\">Pr\u016fm\u011brn\u00e1 mzda vzrostla re\u00e1ln\u011b o 4,6 %<\/a><\/h4>\n<h4 class=\"entry-title\"><a href=\"https:\/\/zakrasnejsivimperk.cz\/?p=330562\" target=\"_blank\" rel=\"noopener\">Jak podpo\u0159it p\u0159\u00edrodn\u00ed rozmanitost? Dutiny vytvo\u0159en\u00e9 v mlad\u00fdch dubech pom\u00e1haj\u00ed ohro\u017een\u00fdm druh\u016fm<\/a><\/h4>\n<h4 class=\"entry-title\"><a href=\"https:\/\/zakrasnejsivimperk.cz\/?p=330557\" target=\"_blank\" rel=\"noopener\">Agr\u00e1rn\u00ed komora \u010cR a Lesnicko-d\u0159eva\u0159sk\u00e1 komora \u010cR zaslaly prezidentovi \u010cesk\u00e9 republiky Petru Pavlovi spole\u010dn\u00fd otev\u0159en\u00fd dopis<\/a><\/h4>\n<h4 class=\"entry-title\"><a href=\"https:\/\/zakrasnejsivimperk.cz\/?p=330514\" target=\"_blank\" rel=\"noopener\">O V\u00e1noc\u00edch bude turisty na Lipensku znovu vozit v\u00fdletn\u00ed lo\u010f Smetana<\/a><\/h4>\n<h4 class=\"entry-title\"><a href=\"https:\/\/zakrasnejsivimperk.cz\/?p=330493\" target=\"_blank\" rel=\"noopener\">Energetick\u00fd regula\u010dn\u00ed \u00fa\u0159ad (ER\u00da) vydal cenov\u00e1 rozhodnut\u00ed, kter\u00fdmi ka\u017edoro\u010dn\u011b stanovuje regulovan\u00e9 slo\u017eky cen energie na nadch\u00e1zej\u00edc\u00ed rok<\/a><\/h4>\n<h4 class=\"entry-title\"><a href=\"https:\/\/zakrasnejsivimperk.cz\/?p=330345\" target=\"_blank\" rel=\"noopener\">P\u0159i n\u00e1kupech hra\u010dek si hl\u00eddejte kvalitu, n\u011bkter\u00e9 v\u00fdrobky mohou d\u011bti ohrozit na zdrav\u00ed i na \u017eivot\u011b<\/a><\/h4>\n<h4 class=\"entry-title\"><a href=\"https:\/\/zakrasnejsivimperk.cz\/?p=330478\" target=\"_blank\" rel=\"noopener\">\u010ctvrtinu hudebn\u00edho vys\u00edl\u00e1n\u00ed r\u00e1di\u00ed tvo\u0159\u00ed sou\u010dasn\u00e1 hudba<\/a><\/h4>\n<h4 class=\"entry-title\"><a href=\"https:\/\/zakrasnejsivimperk.cz\/?p=330400\" target=\"_blank\" rel=\"noopener\">Celkov\u00e1 spot\u0159eba potravin byla loni na t\u0159icetilet\u00e9m pr\u016fm\u011bru<\/a><\/h4>\n<h4 class=\"entry-title\"><a href=\"https:\/\/zakrasnejsivimperk.cz\/?p=330462\" target=\"_blank\" rel=\"noopener\">P\u0158E\u010cT\u011aTE SI U N\u00c1S: Den\u00edk Metro \u2013 3. prosince 2024<\/a><\/h4>\n<h4 class=\"entry-title\"><a href=\"https:\/\/zakrasnejsivimperk.cz\/?p=330453\" target=\"_blank\" rel=\"noopener\">V Jiho\u010desk\u00e9m kraji bylo k 48. t\u00fddnu potvrzeno 3 187 p\u0159\u00edpad\u016f \u010dern\u00e9ho ka\u0161le, v minul\u00e9m t\u00fddnu p\u0159ibylo 42 nov\u00fdch p\u0159\u00edpad\u016f<\/a><\/h4>\n<h4 class=\"entry-title\"><a href=\"https:\/\/zakrasnejsivimperk.cz\/?p=330389\" target=\"_blank\" rel=\"noopener\">Nebezpe\u010dn\u00e9 l\u00e1tky v elektronick\u00fdch cigaret\u00e1ch po\u0161kozuj\u00ed ochrannou vrstvu plic<\/a><\/h4>\n<h4 class=\"entry-title\"><a href=\"https:\/\/zakrasnejsivimperk.cz\/?p=330384\" target=\"_blank\" rel=\"noopener\">\u010cesk\u00e1 obchodn\u00ed inspekce zjistila ve t\u0159et\u00edm \u010dtvrtlet\u00ed 165 p\u0159\u00edpad\u016f prodeje alkoholu mladistv\u00fdm, oproti druh\u00e9mu \u010dtvrtlet\u00ed jde o v\u00fdrazn\u00fd n\u00e1r\u016fst<\/a><\/h4>\n<h4 class=\"entry-title\"><a href=\"https:\/\/zakrasnejsivimperk.cz\/?p=330343\" target=\"_blank\" rel=\"noopener\">Na Strakonicku za\u010daly pr\u00e1ce na oprav\u011b silnice mezi Vod\u0148any a Lidmovicemi<\/a><\/h4>\n<h4 class=\"entry-title\"><a href=\"https:\/\/zakrasnejsivimperk.cz\/?p=330347\" target=\"_blank\" rel=\"noopener\">Zimn\u00ed Srd\u00ed\u010dkov\u00e9 dny<\/a><\/h4>\n<h4 class=\"entry-title\"><a href=\"https:\/\/zakrasnejsivimperk.cz\/?p=330356\" target=\"_blank\" rel=\"noopener\">P\u0158E\u010cT\u011aTE SI U N\u00c1S: Den\u00edk Metro \u2013 2. prosince 2024<\/a><\/h4>\n<hr \/>\n<p>&nbsp;<\/p>\n","protected":false},"excerpt":{"rendered":"<p>Dv\u011b t\u0159etiny <\/p>\n","protected":false},"author":2,"featured_media":330881,"comment_status":"open","ping_status":"open","sticky":false,"template":"","format":"gallery","meta":{"footnotes":""},"categories":[70],"tags":[],"jetpack_featured_media_url":"https:\/\/zakrasnejsivimperk.cz\/wp-content\/uploads\/2024\/12\/06\/z-ruky-nps.jpg","_links":{"self":[{"href":"https:\/\/zakrasnejsivimperk.cz\/index.php?rest_route=\/wp\/v2\/posts\/330879"}],"collection":[{"href":"https:\/\/zakrasnejsivimperk.cz\/index.php?rest_route=\/wp\/v2\/posts"}],"about":[{"href":"https:\/\/zakrasnejsivimperk.cz\/index.php?rest_route=\/wp\/v2\/types\/post"}],"author":[{"embeddable":true,"href":"https:\/\/zakrasnejsivimperk.cz\/index.php?rest_route=\/wp\/v2\/users\/2"}],"replies":[{"embeddable":true,"href":"https:\/\/zakrasnejsivimperk.cz\/index.php?rest_route=%2Fwp%2Fv2%2Fcomments&post=330879"}],"version-history":[{"count":1,"href":"https:\/\/zakrasnejsivimperk.cz\/index.php?rest_route=\/wp\/v2\/posts\/330879\/revisions"}],"predecessor-version":[{"id":330882,"href":"https:\/\/zakrasnejsivimperk.cz\/index.php?rest_route=\/wp\/v2\/posts\/330879\/revisions\/330882"}],"wp:featuredmedia":[{"embeddable":true,"href":"https:\/\/zakrasnejsivimperk.cz\/index.php?rest_route=\/wp\/v2\/media\/330881"}],"wp:attachment":[{"href":"https:\/\/zakrasnejsivimperk.cz\/index.php?rest_route=%2Fwp%2Fv2%2Fmedia&parent=330879"}],"wp:term":[{"taxonomy":"category","embeddable":true,"href":"https:\/\/zakrasnejsivimperk.cz\/index.php?rest_route=%2Fwp%2Fv2%2Fcategories&post=330879"},{"taxonomy":"post_tag","embeddable":true,"href":"https:\/\/zakrasnejsivimperk.cz\/index.php?rest_route=%2Fwp%2Fv2%2Ftags&post=330879"}],"curies":[{"name":"wp","href":"https:\/\/api.w.org\/{rel}","templated":true}]}}