{"id":330857,"date":"2024-12-06T15:02:13","date_gmt":"2024-12-06T14:02:13","guid":{"rendered":"https:\/\/zakrasnejsivimperk.cz\/?p=330857"},"modified":"2024-12-06T15:02:13","modified_gmt":"2024-12-06T14:02:13","slug":"nase-mesto-vimperk-zapis-ze-zasedani-mestske-rady-2-prosince-2024","status":"publish","type":"post","link":"https:\/\/zakrasnejsivimperk.cz\/?p=330857","title":{"rendered":"NA\u0160E M\u011aSTO VIMPERK: Z\u00e1pis ze zased\u00e1n\u00ed m\u011bstsk\u00e9 rady \u2013 2. prosince 2024"},"content":{"rendered":"<p><img loading=\"lazy\" decoding=\"async\" class=\"aligncenter wp-image-129874 size-full\" src=\"https:\/\/zakrasnejsivimperk.cz\/wp-content\/uploads\/2018\/05\/06\/dokumenty.jpg\" alt=\"\" width=\"799\" height=\"527\" srcset=\"https:\/\/zakrasnejsivimperk.cz\/wp-content\/uploads\/2018\/05\/06\/dokumenty.jpg 799w, https:\/\/zakrasnejsivimperk.cz\/wp-content\/uploads\/2018\/05\/06\/dokumenty-300x198.jpg 300w, https:\/\/zakrasnejsivimperk.cz\/wp-content\/uploads\/2018\/05\/06\/dokumenty-768x507.jpg 768w, https:\/\/zakrasnejsivimperk.cz\/wp-content\/uploads\/2018\/05\/06\/dokumenty-100x65.jpg 100w, https:\/\/zakrasnejsivimperk.cz\/wp-content\/uploads\/2018\/05\/06\/dokumenty-541x357.jpg 541w, https:\/\/zakrasnejsivimperk.cz\/wp-content\/uploads\/2018\/05\/06\/dokumenty-732x483.jpg 732w\" sizes=\"(max-width: 799px) 100vw, 799px\" \/><\/p>\n<p>&nbsp;<\/p>\n<h6>Rada m\u011bsta Vimperk na sv\u00e9m zased\u00e1n\u00ed 2. prosince 2024 projednala a schv\u00e1lila <em>(p\u0159in\u00e1\u0161\u00edme doslovn\u00fd p\u0159epis n\u011bkter\u00fdch usnesen\u00ed bez redak\u010dn\u00ed \u00fapravy)<\/em>:<\/h6>\n<p>&nbsp;<\/p>\n<p><strong>Usnesen\u00ed \u010d. 1103<\/strong><br \/>\nRada m\u011bsta rozhodla jmenovat \u010dleny \u0161kolsk\u00e9 rady za z\u0159izovatele pro Z\u00e1kladn\u00ed \u0161kolu T. G. Masaryka Vimperk, okres Prachatice v souladu s \u00a7 167z\u00e1kona \u010d. 561\/2004 Sb. ve zn\u011bn\u00ed pozd\u011bj\u0161\u00edch p\u0159edpis\u016f, v tomto slo\u017een\u00ed Ing. Michal Jan\u010de, Marcela Kobrov\u00e1, Bc. Krist\u00fdna Samkov\u00e1 pro funk\u010dn\u00ed obdob\u00ed 2024 \u2013 2027.<\/p>\n<p>&nbsp;<\/p>\n<p><strong>Usnesen\u00ed \u010d. 1104<\/strong><br \/>\nRada m\u011bsta rozhodla uzav\u0159\u00edt d\u00edl\u010d\u00ed smlouvu \u010d. 4 k r\u00e1mcov\u00e9 smlouv\u011b o d\u00edlo se spole\u010dnost\u00ed Chabera s. r. o., jej\u00edm\u017e p\u0159edm\u011btem je grafick\u00e9 zpracov\u00e1n\u00ed panel\u016f na atraktivit\u00e1ch m\u011bsta a Pivovarsk\u00fdch teras\u00e1ch dle p\u0159edlo\u017een\u00e9ho n\u00e1vrhu.<\/p>\n<p>&nbsp;<\/p>\n<p><strong>Usnesen\u00ed \u010d. 1106<\/strong><br \/>\nRada m\u011bsta rozhodla zve\u0159ejnit z\u00e1m\u011br pachtu \u010d\u00e1st\u00ed pozemk\u016f zapsan\u00fdch u Katastr\u00e1ln\u00edho \u00fa\u0159adu pro Jiho\u010desk\u00fd kraj, Katastr\u00e1ln\u00edho pracovi\u0161t\u011b Prachatice, v katastru nemovitost\u00ed pro obec a katastr\u00e1ln\u00ed \u00fazem\u00ed Vimperk, na LV \u010d. 10001 pro m\u011bsto Vimperk, ozna\u010den\u00fdch jako parcely katastru nemovitost\u00ed parc. \u010d. 718\/1 \u2013 ostatn\u00ed plocha, manipula\u010dn\u00ed plocha, \u010d\u00e1st o v\u00fdm\u011b\u0159e 4 m2, parc. \u010d. 759\/1 \u2013 trval\u00fd travn\u00ed porost, \u010d\u00e1st o v\u00fdm\u011b\u0159e 80 m2 a parc.<br \/>\n\u010d. 760\/35 \u2013 ostatn\u00ed plocha, jin\u00e1 plocha, \u010d\u00e1st o v\u00fdm\u011b\u0159e 198 m2, celkov\u00e1 pronaj\u00edman\u00e1 plocha tedy \u010dinn\u00ed 282 m2<br \/>\n, za \u00fa\u010delem jejich vyu\u017eit\u00ed k voln\u00e9mu \u010dasu, rekreaci a individu\u00e1ln\u00edmu zahr\u00e1dka\u0159en\u00ed. Pachtovn\u00ed smlouva bude uzav\u0159ena na dobu neur\u010ditou s t\u0159\u00edm\u011bs\u00ed\u010dn\u00ed v\u00fdpov\u011bdn\u00ed lh\u016ftou. Pachtovn\u00e9 bude ve v\u00fd\u0161i minim\u00e1ln\u011b 10 K\u010d\/m2\/rok.<\/p>\n<p>&nbsp;<\/p>\n<p><strong>Usnesen\u00ed \u010d. 1107<\/strong><br \/>\nRada m\u011bsta zastupuj\u00edc\u00ed m\u011bsto Vimperk jako provozovatele ve\u0159ejn\u00e9ho poh\u0159ebi\u0161t\u011b rozhodla zru\u0161it sv\u00fdm nov\u00fdm na\u0159\u00edzen\u00edm Na\u0159\u00edzen\u00ed Rady m\u011bsta Vimperk \u010d. 4\/2024, kter\u00fdm se stanovuj\u00ed maxim\u00e1ln\u00ed ceny za h\u0159bitovn\u00ed slu\u017eby poskytovan\u00e9 v souvislosti s pron\u00e1jmem a u\u017e\u00edv\u00e1n\u00edm ve\u0159ejn\u00e9ho poh\u0159ebi\u0161t\u011b a pov\u011b\u0159uje starostku m\u011bsta a m\u00edstostarostu m\u011bsta jeho podpisem. Rada m\u011bsta rozhodla vydat, s platnost\u00ed od 01.01.2025, nov\u00fd cen\u00edk za n\u00e1jem hrobov\u00fdch m\u00edst a za slu\u017eby s n\u00e1jmem spojen\u00e9 na ve\u0159ejn\u00e9m poh\u0159ebi\u0161ti m\u011bsta Vimperk, dle p\u0159edlo\u017een\u00e9ho n\u00e1vrhu. Tento cen\u00edk nahrazuje zru\u0161en\u00e9 Na\u0159\u00edzen\u00ed Rady m\u011bsta Vimperk \u010d. 4\/2024.<\/p>\n<p>&nbsp;<\/p>\n<p><strong>Usnesen\u00ed \u010d. 1116<\/strong><br \/>\nRada m\u011bsta souhlas\u00ed s realizac\u00ed stavebn\u00edch \u00faprav na pronajat\u00e9m majetku v budov\u011b v ulici Pivovarsk\u00e1 \u010dp 158 na vlastn\u00ed n\u00e1klady n\u00e1jemcem \u2013 BH &#8211; Nemocnice Vimperk a. s. v rozsahu n\u00ed\u017ee uveden\u00fdch oprav realizace optick\u00e9ho propojen\u00ed mezi objektem \u0159editelstv\u00ed a objektem nemocnice Vimperk. Rada m\u011bsta d\u00e1le souhlas\u00ed s t\u00edm, aby n\u00e1jemce (BH &#8211; Nemocnice Vimperk a. s.) odepisoval technick\u00e9 zhodnocen\u00ed, kter\u00e9 na p\u0159edm\u011btu n\u00e1jmu takto provede dle \u00a7 28 odst. 3 z\u00e1kona 586\/1992 Sb. a to od okam\u017eiku realizace takov\u00e9ho technick\u00e9ho zhodnocen\u00ed s t\u00edm, \u017ee po\u0159izovac\u00ed cena technick\u00e9ho zhodnocen\u00ed proveden\u00e1 n\u00e1jemcem nesm\u00ed p\u0159es\u00e1hnout \u010d\u00e1stku 67.039 K\u010d bez DPH.<\/p>\n<p>&nbsp;<\/p>\n<p><strong>Usnesen\u00ed \u010d. 1118<\/strong><br \/>\nRada m\u011bsta souhlas\u00ed s realizac\u00ed stavebn\u00edch \u00faprav na pronajat\u00e9m majetku v budov\u011b v ulici Pivovarsk\u00e1 \u010dp 158 na vlastn\u00ed n\u00e1klady n\u00e1jemcem \u2013 BH &#8211; Nemocnice Vimperk a. s. v rozsahu n\u00ed\u017ee uveden\u00fdch oprav rekonstrukce pokoj\u016f 2.06 a 2.29 na odd\u011blen\u00ed LDN \u2013 komplexn\u00ed rekonstrukce pokoj\u016f (v\u00fdm\u011bna podlahov\u00e9 krytiny, opravy om\u00edtek, obklady, v\u00fdmalba, oprava ZTI v\u010detn\u011b sanity a koncov\u00fdch prvk\u016f, proveden\u00ed nov\u00fdch rozvod\u016f el.<br \/>\nv\u010detn\u011b v\u00fdm\u011bny koncov\u00fdch prvk\u016f, n\u00e1t\u011br z\u00e1rubn\u00ed, rekonstrukce koridoru na odd\u011blen\u00ed DS 1.b + 1.c \u2013 v\u00fdm\u011bna podlahov\u00fdch krytin, opravy om\u00edtek, v\u00fdmalba, rekonstrukce pokoj\u016f 2.12, 2.11, 2.06, 2.07, 2.13, 2.30 na odd\u011blen\u00ed DS \u2013 rekonstrukce pokoj\u016f (v\u00fdm\u011bna podlahov\u00e9 krytiny, opravy om\u00edtek, obklady, v\u00fdmalba, v\u00fdm\u011bna ZTI sanity a koncov\u00fdch prvk\u016f, proveden\u00ed v\u00fdm\u011bny el. koncov\u00fdch prvk\u016f, n\u00e1t\u011br z\u00e1rubn\u00ed. Rada m\u011bsta d\u00e1le souhlas\u00ed s t\u00edm, aby n\u00e1jemce (BH &#8211; Nemocnice Vimperk a. s.) odepisoval technick\u00e9 zhodnocen\u00ed, kter\u00e9 na p\u0159edm\u011btu n\u00e1jmu takto provede dle \u00a7 28 odst. 3 z\u00e1kona 586\/1992 Sb., a to od okam\u017eiku realizace takov\u00e9ho technick\u00e9ho zhodnocen\u00ed s t\u00edm, \u017ee po\u0159izovac\u00ed cena technick\u00e9ho zhodnocen\u00ed proveden\u00e1 n\u00e1jemcem nesm\u00ed p\u0159es\u00e1hnout \u010d\u00e1stku 1 652.304,93 K\u010d bez DPH.<\/p>\n<p>&nbsp;<\/p>\n<p><strong>Usnesen\u00ed \u010d. 1121<\/strong><br \/>\nRada m\u011bsta souhlas\u00ed s vyplacen\u00edm odm\u011bny Tom\u00e1\u0161i Ji\u0159i\u010dkovi \u0159editeli M\u011bstsk\u00e9ho kulturn\u00edho st\u0159ediska Vimperk dle p\u0159edlo\u017een\u00e9ho n\u00e1vrhu. Odm\u011bna bude vyplacena z finan\u010dn\u00edch prost\u0159edk\u016f p\u0159\u00edsp\u011bvkov\u00e9 organizace M\u011bstsk\u00e9 kulturn\u00ed st\u0159edisko Vimperk.<\/p>\n<p>&nbsp;<\/p>\n<p><strong>Usnesen\u00ed \u010d. 1122<\/strong><br \/>\nRada m\u011bsta rozhodla uzav\u0159\u00edt darovac\u00ed smlouvu o poskytnut\u00ed finan\u010dn\u00edho daru ve v\u00fd\u0161i 15.000 K\u010d na \u010d\u00e1ste\u010dnou \u00fahradu n\u00e1klad\u016f spojen\u00fdch s nat\u00e1\u010den\u00edm filmu o \u017eivot\u011b na dvou stran\u00e1ch hranice \u0160umava\/M\u00fchlviertel (Rakousko) se spolkem Gesellschaft f\u00fcr grenzenlose Kultur und Geschichte f\u00fcr Bayern, B\u00f6hmen und \u00d6sterreich e.V., Gebr\u00fcder Asamstra\u00dfe 9, 94105 Aldersbach, N\u011bmecko, zastoupen\u00e9 panem Heinrichem Vierlingerem dle p\u0159edlo\u017een\u00e9ho n\u00e1vrhu.<\/p>\n<p>&nbsp;<\/p>\n<p><strong>(red)<\/strong><\/p>\n<p>Ilustra\u010dn\u00ed foto: archiv (red) \u2013 Za kr\u00e1sn\u011bj\u0161\u00ed Vimperk<\/p>\n<h6><a href=\"https:\/\/www.vimperk.cz\/zapisy-ze-zasedani-rady\/ds-1128\/p1=9521\" target=\"_blank\" rel=\"noopener\">Cel\u00fd z\u00e1pis z jedn\u00e1n\u00ed<\/a><\/h6>\n<hr \/>\n<p>&nbsp;<\/p>\n","protected":false},"excerpt":{"rendered":"<p>&nbsp; Rada <\/p>\n","protected":false},"author":2,"featured_media":129874,"comment_status":"open","ping_status":"open","sticky":false,"template":"","format":"gallery","meta":{"footnotes":""},"categories":[115],"tags":[],"jetpack_featured_media_url":"https:\/\/zakrasnejsivimperk.cz\/wp-content\/uploads\/2018\/05\/06\/dokumenty.jpg","_links":{"self":[{"href":"https:\/\/zakrasnejsivimperk.cz\/index.php?rest_route=\/wp\/v2\/posts\/330857"}],"collection":[{"href":"https:\/\/zakrasnejsivimperk.cz\/index.php?rest_route=\/wp\/v2\/posts"}],"about":[{"href":"https:\/\/zakrasnejsivimperk.cz\/index.php?rest_route=\/wp\/v2\/types\/post"}],"author":[{"embeddable":true,"href":"https:\/\/zakrasnejsivimperk.cz\/index.php?rest_route=\/wp\/v2\/users\/2"}],"replies":[{"embeddable":true,"href":"https:\/\/zakrasnejsivimperk.cz\/index.php?rest_route=%2Fwp%2Fv2%2Fcomments&post=330857"}],"version-history":[{"count":1,"href":"https:\/\/zakrasnejsivimperk.cz\/index.php?rest_route=\/wp\/v2\/posts\/330857\/revisions"}],"predecessor-version":[{"id":330858,"href":"https:\/\/zakrasnejsivimperk.cz\/index.php?rest_route=\/wp\/v2\/posts\/330857\/revisions\/330858"}],"wp:featuredmedia":[{"embeddable":true,"href":"https:\/\/zakrasnejsivimperk.cz\/index.php?rest_route=\/wp\/v2\/media\/129874"}],"wp:attachment":[{"href":"https:\/\/zakrasnejsivimperk.cz\/index.php?rest_route=%2Fwp%2Fv2%2Fmedia&parent=330857"}],"wp:term":[{"taxonomy":"category","embeddable":true,"href":"https:\/\/zakrasnejsivimperk.cz\/index.php?rest_route=%2Fwp%2Fv2%2Fcategories&post=330857"},{"taxonomy":"post_tag","embeddable":true,"href":"https:\/\/zakrasnejsivimperk.cz\/index.php?rest_route=%2Fwp%2Fv2%2Ftags&post=330857"}],"curies":[{"name":"wp","href":"https:\/\/api.w.org\/{rel}","templated":true}]}}