{"id":330429,"date":"2024-12-02T22:43:36","date_gmt":"2024-12-02T21:43:36","guid":{"rendered":"https:\/\/zakrasnejsivimperk.cz\/?p=330429"},"modified":"2024-12-02T22:43:36","modified_gmt":"2024-12-02T21:43:36","slug":"nase-mesto-vimperk-informace-z-radnice-korkusovu-hut-ozdobil-pusobivy-kriz","status":"publish","type":"post","link":"https:\/\/zakrasnejsivimperk.cz\/?p=330429","title":{"rendered":"NA\u0160E M\u011aSTO VIMPERK \u2013 INFORMACE Z RADNICE: Korkusovu Hu\u0165 ozdobil p\u016fsobiv\u00fd k\u0159\u00ed\u017e"},"content":{"rendered":"<h4><a href=\"https:\/\/zakrasnejsivimperk.cz\/wp-content\/uploads\/2024\/12\/02\/kriz-korkusovka.jpg\" target=\"_blank\" rel=\"noopener\"><img loading=\"lazy\" decoding=\"async\" class=\"alignright wp-image-330430\" src=\"https:\/\/zakrasnejsivimperk.cz\/wp-content\/uploads\/2024\/12\/02\/kriz-korkusovka.jpg\" alt=\"\" width=\"350\" height=\"692\" srcset=\"https:\/\/zakrasnejsivimperk.cz\/wp-content\/uploads\/2024\/12\/02\/kriz-korkusovka.jpg 450w, https:\/\/zakrasnejsivimperk.cz\/wp-content\/uploads\/2024\/12\/02\/kriz-korkusovka-152x300.jpg 152w, https:\/\/zakrasnejsivimperk.cz\/wp-content\/uploads\/2024\/12\/02\/kriz-korkusovka-181x357.jpg 181w, https:\/\/zakrasnejsivimperk.cz\/wp-content\/uploads\/2024\/12\/02\/kriz-korkusovka-244x483.jpg 244w\" sizes=\"(max-width: 350px) 100vw, 350px\" \/><\/a>Na m\u00edst\u011b b\u00fdval\u00e9ho h\u0159bitova v Korkusov\u011b Huti byl v listopadu vzty\u010den d\u0159ev\u011bn\u00fd k\u0159\u00ed\u017e jako pietn\u00ed p\u0159ipom\u00ednka historie m\u00edsta.<\/h4>\n<h4>P\u0159edch\u00e1zelo tomu tak\u00e9 vy\u010di\u0161t\u011bn\u00ed nyn\u011bj\u0161\u00edho palou\u010dku od plevele a n\u00e1letov\u00fdch d\u0159evin a nov\u00e9 zam\u011b\u0159en\u00ed pozemku, kter\u00fd je ve vlastnictv\u00ed m\u011bsta. K\u0159\u00ed\u017e vyrobil tesa\u0159 a \u0159ezb\u00e1\u0159 Libor Kuz\u010fas z Veselky pod Boub\u00ednem, ozdobn\u00e9 kov\u00e1n\u00ed zhotovil a na osazen\u00ed k\u0159\u00ed\u017ee se pod\u00edlel Radek Ma\u0159\u00edk z Husince.<\/h4>\n<h4>Instalaci k\u0159\u00ed\u017ee zajistily M\u011bstsk\u00e9 lesy Vimperk, s. r. o.<\/h4>\n<h4>H\u0159bitov byl zlikvidov\u00e1n v dob\u011b komunismu po odsunu m\u00edstn\u00edch n\u011bmeck\u00fdch obyvatel, z\u016fstal z n\u011bj jen kamenn\u00fd zlomek zdi a dva mohutn\u00e9 javory, kter\u00e9 stoj\u00ed na m\u00edst\u011b b\u00fdval\u00e9ho vstupu. Kolem vede \u017elut\u00e1 turistick\u00e1 trasa kop\u00edruj\u00edc\u00ed Zlatou stezku z Vimperka ke st\u00e1tn\u00edm hranic\u00edm.<\/h4>\n<p>&nbsp;<\/p>\n<p><strong>Milan BRABEC, vedouc\u00ed komunikace m\u011bsta<\/strong><\/p>\n<hr \/>\n<p>&nbsp;<\/p>\n","protected":false},"excerpt":{"rendered":"<p>Na m\u00edst\u011b <\/p>\n","protected":false},"author":2,"featured_media":330434,"comment_status":"open","ping_status":"open","sticky":false,"template":"","format":"gallery","meta":{"footnotes":""},"categories":[179],"tags":[],"jetpack_featured_media_url":"https:\/\/zakrasnejsivimperk.cz\/wp-content\/uploads\/2024\/12\/02\/nove-kriz.jpg","_links":{"self":[{"href":"https:\/\/zakrasnejsivimperk.cz\/index.php?rest_route=\/wp\/v2\/posts\/330429"}],"collection":[{"href":"https:\/\/zakrasnejsivimperk.cz\/index.php?rest_route=\/wp\/v2\/posts"}],"about":[{"href":"https:\/\/zakrasnejsivimperk.cz\/index.php?rest_route=\/wp\/v2\/types\/post"}],"author":[{"embeddable":true,"href":"https:\/\/zakrasnejsivimperk.cz\/index.php?rest_route=\/wp\/v2\/users\/2"}],"replies":[{"embeddable":true,"href":"https:\/\/zakrasnejsivimperk.cz\/index.php?rest_route=%2Fwp%2Fv2%2Fcomments&post=330429"}],"version-history":[{"count":4,"href":"https:\/\/zakrasnejsivimperk.cz\/index.php?rest_route=\/wp\/v2\/posts\/330429\/revisions"}],"predecessor-version":[{"id":330435,"href":"https:\/\/zakrasnejsivimperk.cz\/index.php?rest_route=\/wp\/v2\/posts\/330429\/revisions\/330435"}],"wp:featuredmedia":[{"embeddable":true,"href":"https:\/\/zakrasnejsivimperk.cz\/index.php?rest_route=\/wp\/v2\/media\/330434"}],"wp:attachment":[{"href":"https:\/\/zakrasnejsivimperk.cz\/index.php?rest_route=%2Fwp%2Fv2%2Fmedia&parent=330429"}],"wp:term":[{"taxonomy":"category","embeddable":true,"href":"https:\/\/zakrasnejsivimperk.cz\/index.php?rest_route=%2Fwp%2Fv2%2Fcategories&post=330429"},{"taxonomy":"post_tag","embeddable":true,"href":"https:\/\/zakrasnejsivimperk.cz\/index.php?rest_route=%2Fwp%2Fv2%2Ftags&post=330429"}],"curies":[{"name":"wp","href":"https:\/\/api.w.org\/{rel}","templated":true}]}}