{"id":329653,"date":"2024-11-25T17:27:43","date_gmt":"2024-11-25T16:27:43","guid":{"rendered":"https:\/\/zakrasnejsivimperk.cz\/?p=329653"},"modified":"2024-11-25T17:27:43","modified_gmt":"2024-11-25T16:27:43","slug":"jizni-cechy-co-se-deje-v-prachaticich-informace-z-jednani-zastupitelu-mesta","status":"publish","type":"post","link":"https:\/\/zakrasnejsivimperk.cz\/?p=329653","title":{"rendered":"JI\u017dN\u00cd \u010cECHY: Co se d\u011bje v Prachatic\u00edch. Informace z jedn\u00e1n\u00ed zastupitel\u016f m\u011bsta"},"content":{"rendered":"<figure id=\"attachment_279928\" aria-describedby=\"caption-attachment-279928\" style=\"width: 1100px\" class=\"wp-caption aligncenter\"><img loading=\"lazy\" decoding=\"async\" class=\"wp-image-279928 size-full\" src=\"https:\/\/zakrasnejsivimperk.cz\/wp-content\/uploads\/2023\/05\/30\/prachatice-5.jpg\" alt=\"\" width=\"1100\" height=\"749\" srcset=\"https:\/\/zakrasnejsivimperk.cz\/wp-content\/uploads\/2023\/05\/30\/prachatice-5.jpg 1100w, https:\/\/zakrasnejsivimperk.cz\/wp-content\/uploads\/2023\/05\/30\/prachatice-5-300x204.jpg 300w, https:\/\/zakrasnejsivimperk.cz\/wp-content\/uploads\/2023\/05\/30\/prachatice-5-1024x697.jpg 1024w, https:\/\/zakrasnejsivimperk.cz\/wp-content\/uploads\/2023\/05\/30\/prachatice-5-768x523.jpg 768w, https:\/\/zakrasnejsivimperk.cz\/wp-content\/uploads\/2023\/05\/30\/prachatice-5-524x357.jpg 524w, https:\/\/zakrasnejsivimperk.cz\/wp-content\/uploads\/2023\/05\/30\/prachatice-5-709x483.jpg 709w\" sizes=\"(max-width: 1100px) 100vw, 1100px\" \/><figcaption id=\"caption-attachment-279928\" class=\"wp-caption-text\">Prachatice &#8211; ilustra\u010dn\u00ed foto (red) &#8211; Za kr\u00e1sn\u011bj\u0161\u00ed Vimperk<\/figcaption><\/figure>\n<hr \/>\n<p>&nbsp;<\/p>\n<h6><b>Aktualizovan\u00e1 Obecn\u011b z\u00e1vazn\u00e1 vyhl\u00e1\u0161ka m\u011bsta Prachatice o m\u00edstn\u00edch poplatc\u00edch vstoup\u00ed v\u00a0platnost od 1.1.2025<\/b><\/h6>\n<p>Od 1. 1. 2024 nabyla \u00fa\u010dinnosti novela z\u00e1kona o m\u00edstn\u00edch poplatc\u00edch, kde doch\u00e1z\u00ed ke zm\u011bn\u00e1m zejm\u00e9na v\u00a0procesn\u00edch ustanoven\u00ed, kter\u00e1 se mimo jin\u00e9 tak\u00e9 t\u00fdkaj\u00ed obsahov\u00e9 str\u00e1nky m\u011bstsk\u00e9 Obecn\u011b z\u00e1vazn\u00e9 vyhl\u00e1\u0161ky a bylo nutn\u00e9 st\u00e1vaj\u00edc\u00ed vyhl\u00e1\u0161ku novelizovat s \u00fa\u010dinnost\u00ed od 1.1.2025. \u00a0Mimo tyto nutn\u00e9 procesn\u00ed ustanoven\u00ed doch\u00e1z\u00ed k \u00faprav\u011b splatnosti poplatku ze ps\u016f, kdy nov\u011b je splatnost cel\u00e9ho poplatku stanovena na jeden term\u00edn a to 31.5. D\u00e1le vyhl\u00e1\u0161ka obsahuje osvobozen\u00ed od poplatku za u\u017e\u00edv\u00e1n\u00ed ve\u0159ejn\u00e9ho prostranstv\u00ed, kdy celkov\u00e1 \u010d\u00e1stka poplatku nep\u0159esahuje 100 K\u010d. K\u00a0osvobozen\u00ed doch\u00e1z\u00ed p\u0159edev\u0161\u00edm z ekonomick\u00fdch d\u016fvod\u016f, proto\u017ee administrace takto n\u00edzk\u00e9ho poplatku je nerentabiln\u00ed. V\u00fdrazn\u011bj\u0161\u00ed zm\u011bna se t\u00fdk\u00e1 pouze v\u00fd\u0161e poplatku z\u00a0pobytu, tzv. turistick\u00fd poplatek, kter\u00fd ji\u017e historicky \u010dinil symbolick\u00e9 2 K\u010d\/ osoba\/ den. Tato \u010d\u00e1stka samoz\u0159ejm\u011b ji\u017e neodpov\u00edd\u00e1 sou\u010dasn\u00e9 dob\u011b a schv\u00e1len\u00e1 v\u00fd\u0161e 20 K\u010d koresponduje s\u00a0aktu\u00e1ln\u00ed v\u00fd\u0161\u00ed poplatk\u016f v okoln\u00edch m\u011bstech. Zv\u00fd\u0161en\u00fd v\u00fdb\u011br od n\u00e1v\u0161t\u011bvn\u00edk\u016f m\u011bsta m\u016f\u017ee \u010d\u00e1ste\u010dn\u011b kompenzovat nap\u0159\u00edklad st\u00e1le se zvy\u0161uj\u00edc\u00ed n\u00e1klady na odpadov\u00e9 hospod\u00e1\u0159stv\u00ed, kter\u00e9 jinak nesou v\u0161ichni ob\u010dan\u00e9 m\u011bsta, a\u0165 ji\u017e p\u0159\u00edmo \u010di nep\u0159\u00edmo v\u00a0r\u00e1mci rozpo\u010dtu m\u011bsta.<\/p>\n<p>&nbsp;<\/p>\n<h6><b>Poplatek za obecn\u00ed syst\u00e9m odpadov\u00e9ho hospod\u00e1\u0159stv\u00ed na rok 2025 z\u016fst\u00e1v\u00e1 ve stejn\u00e9 v\u00fd\u0161i<\/b><\/h6>\n<p>Zastupitel\u00e9 na pond\u011bln\u00edm jedn\u00e1n\u00ed schv\u00e1lili obecn\u011b z\u00e1vaznou vyhl\u00e1\u0161ku m\u011bsta Prachatice o m\u00edstn\u00edm poplatku za obecn\u00ed syst\u00e9m odpadov\u00e9ho hospod\u00e1\u0159stv\u00ed, s \u00fa\u010dinnost\u00ed vyhl\u00e1\u0161ky od 1. 1. 2025. I u t\u00e9to vyhl\u00e1\u0161ky byla nutn\u00e1 aktualizace procesn\u00edch ustanoven\u00edch na z\u00e1klad\u011b novely z\u00e1kona o m\u00edstn\u00edch poplatc\u00edch, kter\u00e1 nabyla \u00fa\u010dinnosti 1.1. 2024. V\u00fd\u0161e poplatku 500 K\u010d\/ rok za obecn\u00ed syst\u00e9m odpadov\u00e9ho hospod\u00e1\u0159stv\u00ed z\u016fst\u00e1v\u00e1 pro ob\u010dany m\u011bsta Prachatice nezm\u011bn\u011bna, pouze doch\u00e1z\u00ed ke zm\u011bn\u011b term\u00edn\u016f splatnosti, kdy z\u00a0p\u016fvodn\u00edch dvou term\u00edn\u016f splatnosti 15.3. a 15.9. doch\u00e1z\u00ed k\u00a0posunu a slou\u010den\u00ed pouze v jeden term\u00edn, a to k 31.5. D\u016fvodem t\u00e9to zm\u011bny je zefektivn\u011bn\u00ed samotn\u00e9ho v\u00fdb\u011bru, zm\u00edrn\u011bn\u00ed navy\u0161ov\u00e1n\u00ed n\u00e1klad\u016f na vym\u00e1h\u00e1n\u00ed nezaplacen\u00fdch poplatk\u016f a sn\u00ed\u017een\u00ed administrativn\u00ed z\u00e1t\u011b\u017ee pro obyvatele a nutn\u00fdch n\u00e1v\u0161t\u011bv \u00fa\u0159adu v\u00a0p\u0159\u00edpad\u011b hotovostn\u00ed platby, kterou v\u00a0Prachatic\u00edch vyu\u017e\u00edv\u00e1 st\u00e1le vysok\u00fd po\u010det ob\u010dan\u016f.<\/p>\n<p>&nbsp;<\/p>\n<h6><b>Zastupitel\u00e9 jednomysln\u011b podpo\u0159ili vybran\u00e1 m\u011bsta posti\u017een\u00e1 povodn\u011bmi<\/b><\/h6>\n<p>Zastupitel\u00e9 jednomysln\u011b schv\u00e1lili pen\u011b\u017eitou pomoc m\u011bst\u016fm a obc\u00edm, kter\u00e9 se vyrovn\u00e1vaj\u00ed s popovod\u0148ov\u00fdm stavem p\u0159i odstra\u0148ov\u00e1n\u00ed katastrof\u00e1ln\u00edch n\u00e1sledk\u016f, zp\u016fsoben\u00fdch \u017eiveln\u00ed pohromou v z\u00e1\u0159\u00ed 2024. \u201e<em>Jedn\u00e1 se o m\u011bsta Moravskoslezsk\u00e9ho kraje \u2013 m\u011bsto M\u011bsto Albrechtice a m\u011bsto Vrbno pod Prad\u011bdem, d\u00e1le pak m\u011bsto a obec Zl\u00ednsk\u00e9ho kraje &#8211; m\u011bsto Krom\u011b\u0159\u00ed\u017e a obec Sazovice v\u00a0\u010d\u00e1stce 150 tis. K\u010d ka\u017ed\u00e9mu z uveden\u00fdch m\u011bst a obc\u00ed. Oslovili jsme hejtmany Moravskoslezsk\u00e9ho a Zl\u00ednsk\u00e9ho kraje, kte\u0159\u00ed n\u00e1m doporu\u010dili sm\u011b\u0159ovat pomoc do t\u011bchto nejv\u00edce posti\u017een\u00fdch lokalit. Pr\u00e1v\u011b tyto regiony v roce 2002 pomohly m\u011bstu Prachatice v\u00a0obdobn\u00e9 situaci,\u201c<\/em> up\u0159esnil alokaci pomoci po povodn\u00edch starosta m\u011bsta Jan Bauer.<\/p>\n<p>&nbsp;<\/p>\n<p><strong>Jana HULE\u0160OV\u00c1, M\u011bsto Prachatice<\/strong><\/p>\n<hr \/>\n<p>&nbsp;<\/p>\n<h6>Jin\u00e9 zpr\u00e1vy z Prachatic:<\/h6>\n<h4 class=\"entry-title\"><a href=\"https:\/\/zakrasnejsivimperk.cz\/?p=329131\" target=\"_blank\" rel=\"noopener\">JI\u017dN\u00cd \u010cECHY: Co se d\u011bje v Prachatic\u00edch. Informace o jedn\u00e1n\u00ed rady m\u011bsta \u2013 11.11.<\/a><\/h4>\n<h4 class=\"entry-title\"><a href=\"https:\/\/zakrasnejsivimperk.cz\/?p=328415\" target=\"_blank\" rel=\"noopener\">JI\u017dN\u00cd \u010cECHY: Multifunk\u010dn\u00ed knihovnick\u00e9 a vzd\u011bl\u00e1vac\u00ed centrum vznikne p\u0159em\u011bnou d\u0159\u00edv\u011bj\u0161\u00ed hasi\u010dsk\u00e9 zbrojnice<\/a><\/h4>\n<h4 class=\"entry-title\"><a href=\"https:\/\/zakrasnejsivimperk.cz\/?p=326786\" target=\"_blank\" rel=\"noopener\">JI\u017dN\u00cd \u010cECHY: Co se d\u011bje v Prachatic\u00edch. Informace o jedn\u00e1n\u00ed rady m\u011bsta \u2013 21.10.<\/a><\/h4>\n<h4 class=\"entry-title\"><a href=\"https:\/\/zakrasnejsivimperk.cz\/?p=325496\" target=\"_blank\" rel=\"noopener\">JI\u017dN\u00cd \u010cECHY: Co se d\u011bje v Prachatic\u00edch. Informace o jedn\u00e1n\u00ed rady m\u011bsta \u2013 7.10.<\/a><\/h4>\n<h4 class=\"entry-title\"><a href=\"https:\/\/zakrasnejsivimperk.cz\/?p=324158\" target=\"_blank\" rel=\"noopener\">JI\u017dN\u00cd \u010cECHY: Prachatice maj\u00ed nejp\u0159\u00edv\u011btiv\u011bj\u0161\u00ed m\u011bstsk\u00fd \u00fa\u0159ad v Jiho\u010desk\u00e9m kraji<\/a><\/h4>\n<h4 class=\"entry-title\"><a href=\"https:\/\/zakrasnejsivimperk.cz\/?p=323452\" target=\"_blank\" rel=\"noopener\">JI\u017dN\u00cd \u010cECHY: Co se d\u011bje v Prachatic\u00edch. Informace o jedn\u00e1n\u00ed rady m\u011bsta \u2013 23. 9.<\/a><\/h4>\n<h4 class=\"entry-title\"><a href=\"https:\/\/zakrasnejsivimperk.cz\/?p=321160\" target=\"_blank\" rel=\"noopener\">JI\u017dN\u00cd \u010cECHY: Co se d\u011bje v Prachatic\u00edch. Informace z jedn\u00e1n\u00ed zastupitel\u016f m\u011bsta<\/a><\/h4>\n<h4><a href=\"https:\/\/zakrasnejsivimperk.cz\/?p=320521\" target=\"_blank\" rel=\"noopener\">JI\u017dN\u00cd \u010cECHY: Nemocnice chyst\u00e1 projekt na prevenci kolorekt\u00e1ln\u00edho karcinomu<\/a><\/h4>\n<h4><a href=\"https:\/\/zakrasnejsivimperk.cz\/?p=319364\" target=\"_blank\" rel=\"noopener\">JI\u017dN\u00cd \u010cECHY: Co se d\u011bje v Prachatic\u00edch. Informace o jedn\u00e1n\u00ed rady m\u011bsta \u2013 26. 8.<\/a><\/h4>\n<h4><a href=\"https:\/\/zakrasnejsivimperk.cz\/?p=319096\" target=\"_blank\" rel=\"noopener\">JI\u017dN\u00cd \u010cECHY: Stavba\u0159i na t\u0159i dny uzav\u0159ou silnici z Prachatic na Lib\u00ednsk\u00e9 Sedlo<\/a><\/h4>\n<h4><a href=\"https:\/\/zakrasnejsivimperk.cz\/?p=317672\" target=\"_blank\" rel=\"noopener\">JI\u017dN\u00cd \u010cECHY: Prachatick\u00e9 Kole\u010dko bude slou\u017eit lidem, kte\u0159\u00ed se po nehod\u011b, \u00farazu \u010di nemoci ocitli na voz\u00ed\u010dku<\/a><\/h4>\n<h4><a href=\"https:\/\/zakrasnejsivimperk.cz\/?p=316967\" target=\"_blank\" rel=\"noopener\">JI\u017dN\u00cd \u010cECHY: Prachatick\u00e1 nemocnice po rekonstrukci znovu otev\u00edr\u00e1 porodn\u00ed s\u00e1ly<\/a><\/h4>\n<h4><a href=\"https:\/\/zakrasnejsivimperk.cz\/?p=315416\" target=\"_blank\" rel=\"noopener\">JI\u017dN\u00cd \u010cECHY: Co se d\u011bje v Prachatic\u00edch. Informace o jedn\u00e1n\u00ed rady m\u011bsta \u2013 22. 7.<\/a><\/h4>\n<h4><a href=\"https:\/\/zakrasnejsivimperk.cz\/?p=312427\" target=\"_blank\" rel=\"noopener\">JI\u017dN\u00cd \u010cECHY: Co se d\u011bje v Prachatic\u00edch. Informace o jedn\u00e1n\u00ed rady m\u011bsta \u2013 24. 6.<\/a><\/h4>\n<h4><a href=\"https:\/\/zakrasnejsivimperk.cz\/?p=311044\" target=\"_blank\" rel=\"noopener\">JI\u017dN\u00cd \u010cECHY: Co se d\u011bje v Prachatic\u00edch. Informace o jedn\u00e1n\u00ed rady m\u011bsta \u2013 10. 6.<\/a><\/h4>\n<h4 class=\"entry-title\"><a href=\"https:\/\/zakrasnejsivimperk.cz\/?p=309241\" target=\"_blank\" rel=\"noopener\">JI\u017dN\u00cd \u010cECHY: Co se d\u011bje v Prachatic\u00edch. Informace o jedn\u00e1n\u00ed rady m\u011bsta \u2013 27. 5.<\/a><\/h4>\n<h4><a href=\"https:\/\/zakrasnejsivimperk.cz\/?p=308244\" target=\"_blank\" rel=\"noopener\">JI\u017dN\u00cd \u010cECHY: Prachatice maj\u00ed novou kv\u011btinovou v\u00fdzdobu v centru m\u011bsta<\/a><\/h4>\n<h4><a href=\"https:\/\/zakrasnejsivimperk.cz\/?p=306574\" target=\"_blank\" rel=\"noopener\">JI\u017dN\u00cd \u010cECHY: Co se d\u011bje v Prachatic\u00edch. Informace o jedn\u00e1n\u00ed rady m\u011bsta 29. 4.<\/a><\/h4>\n<h4><a href=\"https:\/\/zakrasnejsivimperk.cz\/?p=306137\" target=\"_blank\" rel=\"noopener\">JI\u017dN\u00cd \u010cECHY: Co se d\u011bje v Prachatic\u00edch. Informace o jedn\u00e1n\u00ed zastupitel\u016f 29. 4.<\/a><\/h4>\n<h4><a href=\"https:\/\/zakrasnejsivimperk.cz\/?p=306578\" target=\"_blank\" rel=\"noopener\">JI\u017dN\u00cd \u010cECHY: Uzav\u0159en\u00edm Po\u0161tovn\u00ed ulice vznikl klidn\u00fd ve\u0159ejn\u00fd prostor v centru<\/a><\/h4>\n<h4><a href=\"https:\/\/zakrasnejsivimperk.cz\/?p=299453\" target=\"_blank\" rel=\"noopener\">JI\u017dN\u00cd \u010cECHY: Prachatice op\u011bt odpust\u00ed poplatek za provozov\u00e1n\u00ed p\u0159edzahr\u00e1dek<\/a><\/h4>\n<h4><a href=\"https:\/\/zakrasnejsivimperk.cz\/?p=305487\" target=\"_blank\" rel=\"noopener\">JI\u017dN\u00cd \u010cECHY: Oprava unik\u00e1tn\u00edch slune\u010dn\u00edch hodin na Mal\u00e9m n\u00e1m\u011bst\u00ed v Prachatic\u00edch je dokon\u010dena<\/a><\/h4>\n<h4><a href=\"https:\/\/zakrasnejsivimperk.cz\/?p=303157\" target=\"_blank\" rel=\"noopener\">JI\u017dN\u00cd \u010cECHY: Prachatice v sobotu slavnostn\u011b otev\u0159ely kongresov\u00e9 centrum, jak\u00e9 Vimperk m\u016f\u017ee jen z\u00e1vid\u011bt<\/a><\/h4>\n<hr \/>\n<p>&nbsp;<\/p>\n","protected":false},"excerpt":{"rendered":"<p>&nbsp; Aktualizovan\u00e1 <\/p>\n","protected":false},"author":2,"featured_media":279928,"comment_status":"open","ping_status":"open","sticky":false,"template":"","format":"gallery","meta":{"footnotes":""},"categories":[10],"tags":[],"jetpack_featured_media_url":"https:\/\/zakrasnejsivimperk.cz\/wp-content\/uploads\/2023\/05\/30\/prachatice-5.jpg","_links":{"self":[{"href":"https:\/\/zakrasnejsivimperk.cz\/index.php?rest_route=\/wp\/v2\/posts\/329653"}],"collection":[{"href":"https:\/\/zakrasnejsivimperk.cz\/index.php?rest_route=\/wp\/v2\/posts"}],"about":[{"href":"https:\/\/zakrasnejsivimperk.cz\/index.php?rest_route=\/wp\/v2\/types\/post"}],"author":[{"embeddable":true,"href":"https:\/\/zakrasnejsivimperk.cz\/index.php?rest_route=\/wp\/v2\/users\/2"}],"replies":[{"embeddable":true,"href":"https:\/\/zakrasnejsivimperk.cz\/index.php?rest_route=%2Fwp%2Fv2%2Fcomments&post=329653"}],"version-history":[{"count":1,"href":"https:\/\/zakrasnejsivimperk.cz\/index.php?rest_route=\/wp\/v2\/posts\/329653\/revisions"}],"predecessor-version":[{"id":329654,"href":"https:\/\/zakrasnejsivimperk.cz\/index.php?rest_route=\/wp\/v2\/posts\/329653\/revisions\/329654"}],"wp:featuredmedia":[{"embeddable":true,"href":"https:\/\/zakrasnejsivimperk.cz\/index.php?rest_route=\/wp\/v2\/media\/279928"}],"wp:attachment":[{"href":"https:\/\/zakrasnejsivimperk.cz\/index.php?rest_route=%2Fwp%2Fv2%2Fmedia&parent=329653"}],"wp:term":[{"taxonomy":"category","embeddable":true,"href":"https:\/\/zakrasnejsivimperk.cz\/index.php?rest_route=%2Fwp%2Fv2%2Fcategories&post=329653"},{"taxonomy":"post_tag","embeddable":true,"href":"https:\/\/zakrasnejsivimperk.cz\/index.php?rest_route=%2Fwp%2Fv2%2Ftags&post=329653"}],"curies":[{"name":"wp","href":"https:\/\/api.w.org\/{rel}","templated":true}]}}