{"id":329559,"date":"2024-11-24T20:59:08","date_gmt":"2024-11-24T19:59:08","guid":{"rendered":"https:\/\/zakrasnejsivimperk.cz\/?p=329559"},"modified":"2024-11-29T23:26:57","modified_gmt":"2024-11-29T22:26:57","slug":"cesky-hydrometeorologicky-ustav-vyvoj-situace-a-predpoved-pocasi-pro-ceskou-republiku-do-2-prosince","status":"publish","type":"post","link":"https:\/\/zakrasnejsivimperk.cz\/?p=329559","title":{"rendered":"\u010cESK\u00dd HYDROMETEOROLOGICK\u00dd \u00daSTAV: V\u00fdvoj situace a p\u0159edpov\u011b\u010f po\u010das\u00ed pro \u010ceskou republiku do 2. prosince"},"content":{"rendered":"<figure id=\"attachment_329561\" aria-describedby=\"caption-attachment-329561\" style=\"width: 1100px\" class=\"wp-caption aligncenter\"><img loading=\"lazy\" decoding=\"async\" class=\"wp-image-329561 size-full\" src=\"https:\/\/zakrasnejsivimperk.cz\/wp-content\/uploads\/2024\/11\/24\/pocasi-2411-2.jpg\" alt=\"\" width=\"1100\" height=\"825\" srcset=\"https:\/\/zakrasnejsivimperk.cz\/wp-content\/uploads\/2024\/11\/24\/pocasi-2411-2.jpg 1100w, https:\/\/zakrasnejsivimperk.cz\/wp-content\/uploads\/2024\/11\/24\/pocasi-2411-2-300x225.jpg 300w, https:\/\/zakrasnejsivimperk.cz\/wp-content\/uploads\/2024\/11\/24\/pocasi-2411-2-1024x768.jpg 1024w, https:\/\/zakrasnejsivimperk.cz\/wp-content\/uploads\/2024\/11\/24\/pocasi-2411-2-768x576.jpg 768w, https:\/\/zakrasnejsivimperk.cz\/wp-content\/uploads\/2024\/11\/24\/pocasi-2411-2-476x357.jpg 476w, https:\/\/zakrasnejsivimperk.cz\/wp-content\/uploads\/2024\/11\/24\/pocasi-2411-2-644x483.jpg 644w\" sizes=\"(max-width: 1100px) 100vw, 1100px\" \/><figcaption id=\"caption-attachment-329561\" class=\"wp-caption-text\">Ilustra\u010dn\u00ed foto: (red) &#8211; Za kr\u00e1sn\u011bj\u0161\u00ed Vimperk<\/figcaption><\/figure>\n<hr \/>\n<p>&nbsp;<\/p>\n<h6 class=\"textik1\">Situace: P\u0159ed studenou frontou, kter\u00e1 bude v\u00a0\u00fater\u00fd postupovat p\u0159es\u00a0st\u0159edn\u00ed Evropu k\u00a0v\u00fdchodu, k\u00a0n\u00e1m bude zejm\u00e9na ve vy\u0161\u0161\u00edch vrstv\u00e1ch atmosf\u00e9ry proudit od jihoz\u00e1padu tepl\u00fd vzduch. Postupn\u011b se bude z\u00a0Britsk\u00fdch ostrov\u016f do st\u0159edn\u00ed Evropy p\u0159esouvat tlakov\u00e1 n\u00ed\u017ee. Jej\u00ed vliv\u00a0zesl\u00e1bne a kolem tlakov\u00e9 v\u00fd\u0161e nad v\u00fdchodn\u00ed Evropou k\u00a0n\u00e1m bude proudit tepl\u00fd vzduch od jihu, zejm\u00e9na ve vy\u0161\u0161\u00edch vrstv\u00e1ch atmosf\u00e9ry.<\/h6>\n<p>&nbsp;<\/p>\n<h6 class=\"textik1\"><img loading=\"lazy\" decoding=\"async\" class=\"alignright wp-image-191184\" src=\"https:\/\/zakrasnejsivimperk.cz\/wp-content\/uploads\/2020\/05\/07\/\u010dhm\u00fa-logo-nov\u00e9-300x123.jpg\" alt=\"\" width=\"400\" height=\"164\" srcset=\"https:\/\/zakrasnejsivimperk.cz\/wp-content\/uploads\/2020\/05\/07\/\u010dhm\u00fa-logo-nov\u00e9-300x123.jpg 300w, https:\/\/zakrasnejsivimperk.cz\/wp-content\/uploads\/2020\/05\/07\/\u010dhm\u00fa-logo-nov\u00e9-768x316.jpg 768w, https:\/\/zakrasnejsivimperk.cz\/wp-content\/uploads\/2020\/05\/07\/\u010dhm\u00fa-logo-nov\u00e9.jpg 861w\" sizes=\"(max-width: 400px) 100vw, 400px\" \/>P\u0159edpov\u011b\u010f na pond\u011bl\u00ed 25. listopadu:<\/h6>\n<p class=\"textik2\">Polojasno a\u017e jasno. Ojedin\u011ble, b\u011bhem dne postupn\u011b na v\u011bt\u0161in\u011b \u00fazem\u00ed Moravy, k\u00a0ve\u010deru i v\u00a0\u010cech\u00e1ch n\u00edzk\u00e1 obla\u010dnost nebo mlhy a ojedin\u011ble mrholen\u00ed. Pozd\u011bji ve\u010der na z\u00e1pad\u011b \u010cech p\u0159ib\u00fdv\u00e1n\u00ed front\u00e1ln\u00ed obla\u010dnosti a ojedin\u011ble p\u0159eh\u00e1\u0148ky. Nejni\u017e\u0161\u00ed no\u010dn\u00ed teploty +3 a\u017e -2\u00a0\u00b0C, na Morav\u011b a\u017e -4\u00a0\u00b0C, na Javornicku a Fr\u00fddlantsku kolem 8\u00a0\u00b0C. Nejvy\u0161\u0161\u00ed denn\u00ed teploty 4 a\u017e 9\u00a0\u00b0C, ojedin\u011ble kolem 12\u00a0\u00b0C, p\u0159i celodenn\u00ed n\u00edzk\u00e9 obla\u010dnosti kolem 2\u00a0\u00b0C, v\u00a01000 m na hor\u00e1ch kolem 5\u00a0\u00b0C, na \u0160umav\u011b a\u017e 10\u00a0\u00b0C. M\u00edrn\u00fd v\u00edtr z\u00a0ji\u017en\u00edch sm\u011br\u016f 3 a\u017e 7 m\/s, na \u010ceskomoravsk\u00e9 vrchovin\u011b m\u00edsty s\u00a0n\u00e1razy kolem 15 m\/s, Fr\u00fddlantsku a ve Slezsku m\u00edsty v\u00edtr \u010derstv\u00fd 5 a\u017e 10 m\/s\u00a0s\u00a0n\u00e1razy 15 a\u017e 20 m\/s\u00a0(70 km\/h), na hor\u00e1ch i kolem 25 m\/s\u00a0(90 km\/h). V\u00a0z\u00e1padn\u00ed polovin\u011b \u010cech v\u00edtr jen slab\u00fd prom\u011bnliv\u00fd do 4 m\/s.<\/p>\n<p>&nbsp;<\/p>\n<h6 class=\"textik1\">P\u0159edpov\u011b\u010f na \u00fater\u00fd 26. istopadu:<\/h6>\n<p class=\"textik2\">P\u0159ev\u00e1\u017en\u011b zata\u017eeno, zpo\u010d\u00e1tku na hor\u00e1ch a na v\u00fdchod\u011b skoro jasno a ojedin\u011ble mlhy. Od z\u00e1padu na v\u011bt\u0161in\u011b \u00fazem\u00ed d\u00e9\u0161\u0165 nebo p\u0159eh\u00e1\u0148ky, postupn\u011b nad 1100 m i sr\u00e1\u017eky sn\u011bhov\u00e9. B\u011bhem dne od z\u00e1padu ust\u00e1v\u00e1n\u00ed sr\u00e1\u017eek\u00a0a m\u00edsty ub\u00fdv\u00e1n\u00ed obla\u010dnosti. Nejni\u017e\u0161\u00ed no\u010dn\u00ed teploty 4 a\u017e 0\u00a0\u00b0C, zejm\u00e9na na v\u00fdchod\u011b ojedin\u011ble a\u017e -2\u00a0\u00b0C. Nejvy\u0161\u0161\u00ed denn\u00ed teploty 6 a\u017e 11\u00a0\u00b0C, v\u00a0severov\u00fdchodn\u00edch \u010cech\u00e1ch a na Morav\u011b m\u00edsty kolem 5\u00a0\u00b0C. Slab\u00fd, m\u00edsty m\u00edrn\u00fd ji\u017en\u00ed v\u00edtr 2 a\u017e 6 m\/s\u00a0se bude m\u011bnit na z\u00e1padn\u00ed.<\/p>\n<p>&nbsp;<\/p>\n<h6 class=\"textik1\">P\u0159edpov\u011b\u010f na st\u0159edu 27. listopadu:<\/h6>\n<p class=\"textik2\">Obla\u010dno a\u017e zata\u017eeno, m\u00edsty p\u0159echodn\u011b polojasno. Ojedin\u011ble p\u0159eh\u00e1\u0148ky, pozd\u011bji ve\u010der na z\u00e1pad\u011b m\u00edsty d\u00e9\u0161\u0165. Nejni\u017e\u0161\u00ed no\u010dn\u00ed teploty +3 a\u017e -1\u00a0\u00b0C. Nejvy\u0161\u0161\u00ed denn\u00ed teploty 4 a\u017e 8\u00a0\u00b0C. Slab\u00fd v\u00edtr z\u00a0ji\u017en\u00edch sm\u011br\u016f 1 a\u017e 4 m\/s.<\/p>\n<p>&nbsp;<\/p>\n<h6 class=\"textik1\">P\u0159edpov\u011b\u010f na \u010dtvrtek 28. listopadu:<\/h6>\n<p class=\"textik2\">Zata\u017eeno a\u017e obla\u010dno, od severoz\u00e1padu s\u00a0de\u0161t\u011bm nebo p\u0159eh\u00e1\u0148kami, postupn\u011b nad 700 m, ve\u010der na severu nad 500 m sr\u00e1\u017eky sn\u011bhov\u00e9. Nejni\u017e\u0161\u00ed no\u010dn\u00ed teploty 4 a\u017e 0\u00a0\u00b0C. Nejvy\u0161\u0161\u00ed denn\u00ed teploty 4 a\u017e 8\u00a0\u00b0C. M\u00edrn\u00fd ji\u017en\u00ed, postupn\u011b \u010derstv\u00fd jihoz\u00e1padn\u00ed a\u017e z\u00e1padn\u00ed v\u00edtr 4 a\u017e 8 m\/s, m\u00edsty s\u00a0n\u00e1razy kolem 15 m\/s.<\/p>\n<p>&nbsp;<\/p>\n<h6 class=\"textik1\">P\u0159edpov\u011b\u010f na p\u00e1tek 29. listopadu:<\/h6>\n<p class=\"textik2\">Zata\u017eeno a\u017e obla\u010dno, na v\u011bt\u0161in\u011b \u00fazem\u00ed p\u0159eh\u00e1\u0148ky nebo d\u00e9\u0161\u0165, nad 500 m sr\u00e1\u017eky sn\u011bhov\u00e9. Nejni\u017e\u0161\u00ed no\u010dn\u00ed teploty 4 a\u017e 0\u00a0\u00b0C. Nejvy\u0161\u0161\u00ed denn\u00ed teploty 2 a\u017e 6\u00a0\u00b0C. M\u00edrn\u00fd severoz\u00e1padn\u00ed a\u017e severn\u00ed v\u00edtr 2 a\u017e 6 m\/s.<\/p>\n<p>&nbsp;<\/p>\n<h6 class=\"textik1\">Vyhl\u00eddka po\u010das\u00ed od soboty 30. listopadu do pond\u011bl\u00ed 2. prosince:<\/h6>\n<p class=\"textik2\">Zata\u017eeno a\u017e obla\u010dno, zpo\u010d\u00e1tku m\u00edsty p\u0159eh\u00e1\u0148ky nebo d\u00e9\u0161\u0165, od st\u0159edn\u00edch poloh sr\u00e1\u017eky sn\u011bhov\u00e9. Postupn\u011b m\u00edsty, zejm\u00e9na na hor\u00e1ch jasno a\u017e polojasno. Ojedin\u011ble mlhy, i mrznouc\u00ed. Nejni\u017e\u0161\u00ed no\u010dn\u00ed teploty +4 a\u017e -1\u00a0\u00b0C, p\u0159i zmen\u0161en\u00e9 obla\u010dnosti a\u017e -3\u00a0\u00b0C. Nejvy\u0161\u0161\u00ed denn\u00ed teploty 2 a\u017e 7\u00a0\u00b0C.<\/p>\n<p>&nbsp;<\/p>\n<p>&nbsp;<\/p>\n<p><a href=\"https:\/\/www.chmi.cz\/\" target=\"_blank\" rel=\"noopener\"><strong>\u010cESK\u00dd HYDROMETEOROLOGICK\u00dd \u00daSTAV<\/strong><\/a><\/p>\n<p>&nbsp;<\/p>\n<h4><a href=\"https:\/\/zakrasnejsivimperk.cz\/?p=231510\" target=\"_blank\" rel=\"noopener\">V\u00fdstrahy \u010cesk\u00e9ho hydrometeorologick\u00e9ho \u00fastavu pro regiony a m\u011bsta najdete ZDE<\/a><\/h4>\n<hr \/>\n<p>&nbsp;<\/p>\n","protected":false},"excerpt":{"rendered":"<p>&nbsp; Situace: <\/p>\n","protected":false},"author":2,"featured_media":329560,"comment_status":"open","ping_status":"open","sticky":false,"template":"","format":"gallery","meta":{"footnotes":""},"categories":[110],"tags":[],"jetpack_featured_media_url":"https:\/\/zakrasnejsivimperk.cz\/wp-content\/uploads\/2024\/11\/24\/pocasi-2411-1.jpg","_links":{"self":[{"href":"https:\/\/zakrasnejsivimperk.cz\/index.php?rest_route=\/wp\/v2\/posts\/329559"}],"collection":[{"href":"https:\/\/zakrasnejsivimperk.cz\/index.php?rest_route=\/wp\/v2\/posts"}],"about":[{"href":"https:\/\/zakrasnejsivimperk.cz\/index.php?rest_route=\/wp\/v2\/types\/post"}],"author":[{"embeddable":true,"href":"https:\/\/zakrasnejsivimperk.cz\/index.php?rest_route=\/wp\/v2\/users\/2"}],"replies":[{"embeddable":true,"href":"https:\/\/zakrasnejsivimperk.cz\/index.php?rest_route=%2Fwp%2Fv2%2Fcomments&post=329559"}],"version-history":[{"count":4,"href":"https:\/\/zakrasnejsivimperk.cz\/index.php?rest_route=\/wp\/v2\/posts\/329559\/revisions"}],"predecessor-version":[{"id":330215,"href":"https:\/\/zakrasnejsivimperk.cz\/index.php?rest_route=\/wp\/v2\/posts\/329559\/revisions\/330215"}],"wp:featuredmedia":[{"embeddable":true,"href":"https:\/\/zakrasnejsivimperk.cz\/index.php?rest_route=\/wp\/v2\/media\/329560"}],"wp:attachment":[{"href":"https:\/\/zakrasnejsivimperk.cz\/index.php?rest_route=%2Fwp%2Fv2%2Fmedia&parent=329559"}],"wp:term":[{"taxonomy":"category","embeddable":true,"href":"https:\/\/zakrasnejsivimperk.cz\/index.php?rest_route=%2Fwp%2Fv2%2Fcategories&post=329559"},{"taxonomy":"post_tag","embeddable":true,"href":"https:\/\/zakrasnejsivimperk.cz\/index.php?rest_route=%2Fwp%2Fv2%2Ftags&post=329559"}],"curies":[{"name":"wp","href":"https:\/\/api.w.org\/{rel}","templated":true}]}}