{"id":329424,"date":"2024-11-23T11:11:13","date_gmt":"2024-11-23T10:11:13","guid":{"rendered":"https:\/\/zakrasnejsivimperk.cz\/?p=329424"},"modified":"2024-11-23T11:13:20","modified_gmt":"2024-11-23T10:13:20","slug":"nase-mesto-vimperk-snih-na-vodniku-zajisti-bezkarum-nova-cerpaci-stanice","status":"publish","type":"post","link":"https:\/\/zakrasnejsivimperk.cz\/?p=329424","title":{"rendered":"NA\u0160E M\u011aSTO VIMPERK: Sn\u00edh v are\u00e1lu na Vodn\u00edku zajist\u00ed nov\u00e1 \u010derpac\u00ed stanice"},"content":{"rendered":"<p><img loading=\"lazy\" decoding=\"async\" class=\"aligncenter wp-image-329425 size-full\" src=\"https:\/\/zakrasnejsivimperk.cz\/wp-content\/uploads\/2024\/11\/22\/vodnik-cerpaci-stanice.jpg\" alt=\"\" width=\"1481\" height=\"684\" srcset=\"https:\/\/zakrasnejsivimperk.cz\/wp-content\/uploads\/2024\/11\/22\/vodnik-cerpaci-stanice.jpg 1481w, https:\/\/zakrasnejsivimperk.cz\/wp-content\/uploads\/2024\/11\/22\/vodnik-cerpaci-stanice-300x139.jpg 300w, https:\/\/zakrasnejsivimperk.cz\/wp-content\/uploads\/2024\/11\/22\/vodnik-cerpaci-stanice-1024x473.jpg 1024w, https:\/\/zakrasnejsivimperk.cz\/wp-content\/uploads\/2024\/11\/22\/vodnik-cerpaci-stanice-768x355.jpg 768w, https:\/\/zakrasnejsivimperk.cz\/wp-content\/uploads\/2024\/11\/22\/vodnik-cerpaci-stanice-773x357.jpg 773w, https:\/\/zakrasnejsivimperk.cz\/wp-content\/uploads\/2024\/11\/22\/vodnik-cerpaci-stanice-1046x483.jpg 1046w\" sizes=\"(max-width: 1481px) 100vw, 1481px\" \/><\/p>\n<p>&nbsp;<\/p>\n<h6>Nov\u00e1 \u010derpac\u00ed vysokotlak\u00e1 stanice a podzemn\u00ed potrub\u00ed p\u0159iv\u00e1d\u011bj\u00edc\u00ed vodu k zasn\u011b\u017eov\u00e1n\u00ed Sportovn\u011b rekrea\u010dn\u00edho are\u00e1lu Vodn\u00edk jsou hotov\u00e9. Pro b\u011b\u017eka\u0159e to znamen\u00e1 v\u00fdkonn\u011bj\u0161\u00ed syst\u00e9m, snaz\u0161\u00ed obsluhu a stabiln\u011bj\u0161\u00ed podm\u00ednky pro tr\u00e9ninky i rekrea\u010dn\u00ed sportov\u00e1n\u00ed. Are\u00e1l ve vlastnictv\u00ed m\u011bsta Vimperk je voln\u011b p\u0159\u00edstupn\u00fd ve\u0159ejnosti.<\/h6>\n<p><em>\u201eV minulosti byla voda p\u0159iv\u00e1d\u011bna hadicemi ta\u017een\u00fdmi po povrchu. Provizorn\u00ed syst\u00e9m byl m\u00e1lo v\u00fdkonn\u00fd, n\u00e1ro\u010dn\u00fd na spu\u0161t\u011bn\u00ed a odstaven\u00ed a hadice byly n\u00e1chyln\u00e9 k po\u0161kozen\u00ed. Nyn\u00ed i d\u00edky investici vlastn\u00edka vodn\u00ed n\u00e1dr\u017ee pana Martina Pa\u0161tiky proveden\u00e9 v n\u00e1dr\u017ei a na jeho p\u0159ilehl\u00e9m pozemku je voda zcela vedena nov\u011b vybudovan\u00fdm pevn\u00fdm podzemn\u00edm potrub\u00edm a tla\u010dena ke sn\u011b\u017en\u00fdm d\u011bl\u016fm novou v\u00fdkonnou \u010derpac\u00ed stanic\u00ed s inteligentn\u00edm ovl\u00e1d\u00e1n\u00edm,\u201c<\/em> vysv\u011btlil p\u0159edseda SKI klubu \u0160umava Vimperk Karel Hude\u010dek.<\/p>\n<p>Investice m\u011bsta \u010dinila 4,642 mil. K\u010d bez DPH, ale projekt byl spolufinancov\u00e1n z prost\u0159edk\u016f N\u00e1rodn\u00ed sportovn\u00ed agentury v objemu 3,25 mil. K\u010d. Jedn\u00e1 se o dal\u0161\u00ed etapu postupn\u00e9ho rozvoje are\u00e1lu podle dlouhodob\u00e9 koncepce p\u0159ijat\u00e9 v roce 2019, kter\u00e1 se p\u0159ipravovala od roku 2015. V roce 2022 bylo nap\u0159\u00edklad v are\u00e1lu rekonstruov\u00e1no ve\u0159ejn\u00e9 osv\u011btlen\u00ed, d\u00edky n\u011bmu\u017e je mo\u017en\u00e9 na Vodn\u00edku sportovat i ve\u010der.<\/p>\n<p>Sportovn\u00ed are\u00e1l Vodn\u00edk v zimn\u00edm obdob\u00ed slou\u017e\u00ed pro b\u011b\u017eka\u0159sk\u00e9 tr\u00e9ninky m\u00edstn\u00edho SKI klubu \u0160umava Vimperk, kter\u00fd je mimo jin\u00e9 i garantem sportovn\u00ed p\u0159\u00edpravy na V\u0161eobecn\u00e9m a sportovn\u00edm gymn\u00e1ziu Vimperk. Are\u00e1l je tak\u00e9 bezplatn\u011b p\u0159\u00edstupn\u00fd \u0161irok\u00e9 ve\u0159ejnosti.<\/p>\n<p>Multifunk\u010dn\u00ed sportovn\u00ed are\u00e1l poskytuje sportovn\u00ed vy\u017eit\u00ed po cel\u00fd rok. Kilometr dlouh\u00e1 asfaltov\u00e1 dr\u00e1ha je v letn\u00edm obdob\u00ed vhodn\u00e1 pro in-line bruslen\u00ed nebo kole\u010dkov\u00e9 ly\u017ee, d\u00e1le jsou v are\u00e1lu trasy pro b\u011bh, i horsk\u00e1 kola, prostor je i zmapov\u00e1n pro orienta\u010dn\u00ed b\u011bh. V letn\u00edm obdob\u00ed Vodn\u00edk host\u00ed z\u00e1vody v b\u011bhu, na horsk\u00fdch kolech i kole\u010dkov\u00fdch ly\u017e\u00edch.<\/p>\n<p>V zimn\u00edm obdob\u00ed jsou zde pravideln\u011b upravov\u00e1ny trat\u011b pro b\u011b\u017eeck\u00e9 ly\u017eov\u00e1n\u00ed. Kdykoli to klimatick\u00e9 podm\u00ednky dovol\u00ed, je vyu\u017e\u00edv\u00e1no um\u011bl\u00e9 zasn\u011b\u017eov\u00e1n\u00ed. Are\u00e1l je tak\u00e9 osv\u011btlen, tak\u017ee umo\u017e\u0148uje i ve\u010dern\u00ed ly\u017eov\u00e1n\u00ed. Konaj\u00ed se zde z\u00e1vody v b\u011bhu na ly\u017e\u00edch, zimn\u00ed triatlon nebo ly\u017ea\u0159sk\u00fd orienta\u010dn\u00ed b\u011bh, pro mal\u00e9 biatlonisty je zde i st\u0159elnice pro vzduchov\u00e9 pu\u0161ky.<\/p>\n<p>&nbsp;<\/p>\n<p><strong>Milan BRABEC, vedouc\u00ed komunikace m\u011bsta<\/strong><\/p>\n<hr \/>\n<p>&nbsp;<\/p>\n","protected":false},"excerpt":{"rendered":"<p>&nbsp; Nov\u00e1 <\/p>\n","protected":false},"author":2,"featured_media":322970,"comment_status":"open","ping_status":"open","sticky":false,"template":"","format":"gallery","meta":{"footnotes":""},"categories":[115],"tags":[],"jetpack_featured_media_url":"https:\/\/zakrasnejsivimperk.cz\/wp-content\/uploads\/2024\/09\/23\/ram-info-z-radnice.jpg","_links":{"self":[{"href":"https:\/\/zakrasnejsivimperk.cz\/index.php?rest_route=\/wp\/v2\/posts\/329424"}],"collection":[{"href":"https:\/\/zakrasnejsivimperk.cz\/index.php?rest_route=\/wp\/v2\/posts"}],"about":[{"href":"https:\/\/zakrasnejsivimperk.cz\/index.php?rest_route=\/wp\/v2\/types\/post"}],"author":[{"embeddable":true,"href":"https:\/\/zakrasnejsivimperk.cz\/index.php?rest_route=\/wp\/v2\/users\/2"}],"replies":[{"embeddable":true,"href":"https:\/\/zakrasnejsivimperk.cz\/index.php?rest_route=%2Fwp%2Fv2%2Fcomments&post=329424"}],"version-history":[{"count":4,"href":"https:\/\/zakrasnejsivimperk.cz\/index.php?rest_route=\/wp\/v2\/posts\/329424\/revisions"}],"predecessor-version":[{"id":329494,"href":"https:\/\/zakrasnejsivimperk.cz\/index.php?rest_route=\/wp\/v2\/posts\/329424\/revisions\/329494"}],"wp:featuredmedia":[{"embeddable":true,"href":"https:\/\/zakrasnejsivimperk.cz\/index.php?rest_route=\/wp\/v2\/media\/322970"}],"wp:attachment":[{"href":"https:\/\/zakrasnejsivimperk.cz\/index.php?rest_route=%2Fwp%2Fv2%2Fmedia&parent=329424"}],"wp:term":[{"taxonomy":"category","embeddable":true,"href":"https:\/\/zakrasnejsivimperk.cz\/index.php?rest_route=%2Fwp%2Fv2%2Fcategories&post=329424"},{"taxonomy":"post_tag","embeddable":true,"href":"https:\/\/zakrasnejsivimperk.cz\/index.php?rest_route=%2Fwp%2Fv2%2Ftags&post=329424"}],"curies":[{"name":"wp","href":"https:\/\/api.w.org\/{rel}","templated":true}]}}