{"id":329411,"date":"2024-11-23T11:07:11","date_gmt":"2024-11-23T10:07:11","guid":{"rendered":"https:\/\/zakrasnejsivimperk.cz\/?p=329411"},"modified":"2024-11-23T11:07:11","modified_gmt":"2024-11-23T10:07:11","slug":"nase-mesto-vimperk-informace-z-radnice-verejne-projednani-areal-letni-sceny-a-arboreta","status":"publish","type":"post","link":"https:\/\/zakrasnejsivimperk.cz\/?p=329411","title":{"rendered":"NA\u0160E M\u011aSTO VIMPERK \u2013 INFORMACE Z RADNICE: Ve\u0159ejn\u00e9 projedn\u00e1n\u00ed &#8211; are\u00e1l letn\u00ed sc\u00e9ny a arboreta"},"content":{"rendered":"<p><img loading=\"lazy\" decoding=\"async\" class=\"aligncenter wp-image-329412 size-full\" src=\"https:\/\/zakrasnejsivimperk.cz\/wp-content\/uploads\/2024\/11\/22\/projednani-letni-scena.png\" alt=\"\" width=\"1152\" height=\"911\" srcset=\"https:\/\/zakrasnejsivimperk.cz\/wp-content\/uploads\/2024\/11\/22\/projednani-letni-scena.png 1152w, https:\/\/zakrasnejsivimperk.cz\/wp-content\/uploads\/2024\/11\/22\/projednani-letni-scena-300x237.png 300w, https:\/\/zakrasnejsivimperk.cz\/wp-content\/uploads\/2024\/11\/22\/projednani-letni-scena-1024x810.png 1024w, https:\/\/zakrasnejsivimperk.cz\/wp-content\/uploads\/2024\/11\/22\/projednani-letni-scena-768x607.png 768w, https:\/\/zakrasnejsivimperk.cz\/wp-content\/uploads\/2024\/11\/22\/projednani-letni-scena-451x357.png 451w, https:\/\/zakrasnejsivimperk.cz\/wp-content\/uploads\/2024\/11\/22\/projednani-letni-scena-611x483.png 611w\" sizes=\"(max-width: 1152px) 100vw, 1152px\" \/><\/p>\n<p>&nbsp;<\/p>\n<h6>Architekti z ateli\u00e9ru gogol\u00e1k+grasse p\u0159edstav\u00ed fin\u00e1ln\u00ed podobu sv\u00e9 studie revitalizace are\u00e1lu letn\u00ed sc\u00e9ny a arboreta ve Vimperku. Ve\u0159ejn\u00e9 projedn\u00e1n\u00ed se kon\u00e1 v pond\u011bl\u00ed 25. listopadu od 17 hodin v M\u011bstsk\u00e9m kulturn\u00edm st\u0159edisku Vimperk.<\/h6>\n<p>Studie definuje funkce jednotliv\u00fdch \u010d\u00e1st\u00ed are\u00e1lu, krajin\u00e1\u0159sk\u00e9 \u0159e\u0161en\u00ed a rozlo\u017een\u00ed r\u016fzn\u00fdch aktivit \u010di objekt\u016f. Na z\u00e1klad\u011b studie bude m\u011bsto postupn\u011b are\u00e1l rozv\u00edjet podle sv\u00fdch rozpo\u010dtov\u00fdch mo\u017enost\u00ed \u010di dota\u010dn\u00edch p\u0159\u00edle\u017eitost\u00ed.<\/p>\n<p>P\u0159\u00edb\u011bh revitalizace za\u010dal u\u017e v\u00a0roce 2019 zapojen\u00edm ob\u010dan\u016f do p\u0159\u00edpravy zad\u00e1n\u00ed \u2013\u00a0Vimper\u00e1ci si sami \u0159ekli, co vlastn\u011b od are\u00e1lu o\u010dek\u00e1vaj\u00ed a jak si p\u0159edstavuj\u00ed jeho budoucnost. Na z\u00e1klad\u011b v\u00fdstupu z participace se m\u011bsto rozhodlo uspo\u0159\u00e1dat architektonickou sout\u011b\u017e osloven\u00edm t\u0159\u00ed ateli\u00e9r\u016f, kterou v\u00a0roce 2022 vyhr\u00e1l ateli\u00e9r gogol\u00e1k+grasse.<\/p>\n<p>&nbsp;<\/p>\n<p><strong>Milan BRABEC, vedouc\u00ed komunikace m\u011bsta<\/strong><\/p>\n<p>&nbsp;<\/p>\n<h1 style=\"text-align: center;\"><a href=\"https:\/\/zakrasnejsivimperk.cz\/wp-content\/uploads\/2024\/11\/22\/studie-letni-scena.pdf\" target=\"_blank\" rel=\"noopener\">Studie &#8211; revitalizace Letn\u00ed sc\u00e9ny a Arboreta VIMPERK<\/a> <em>(form\u00e1t PDF)<\/em><\/h1>\n<hr \/>\n<p>&nbsp;<\/p>\n<h4>Z HISTORIE M\u011aSTA: Toto byla letn\u00ed sc\u00e9na ve Vimperku &#8211; letn\u00ed divadlo na sn\u00edmku z \u010dervna 1981 p\u0159i Setk\u00e1n\u00ed ml\u00e1de\u017ee na \u0160umav\u011b<\/h4>\n<figure id=\"attachment_329433\" aria-describedby=\"caption-attachment-329433\" style=\"width: 861px\" class=\"wp-caption aligncenter\"><img loading=\"lazy\" decoding=\"async\" class=\"wp-image-329433 size-full\" src=\"https:\/\/zakrasnejsivimperk.cz\/wp-content\/uploads\/2024\/11\/22\/Letni-divadlo-Vpk-1981.jpg\" alt=\"\" width=\"861\" height=\"567\" srcset=\"https:\/\/zakrasnejsivimperk.cz\/wp-content\/uploads\/2024\/11\/22\/Letni-divadlo-Vpk-1981.jpg 861w, https:\/\/zakrasnejsivimperk.cz\/wp-content\/uploads\/2024\/11\/22\/Letni-divadlo-Vpk-1981-300x198.jpg 300w, https:\/\/zakrasnejsivimperk.cz\/wp-content\/uploads\/2024\/11\/22\/Letni-divadlo-Vpk-1981-768x506.jpg 768w, https:\/\/zakrasnejsivimperk.cz\/wp-content\/uploads\/2024\/11\/22\/Letni-divadlo-Vpk-1981-100x65.jpg 100w, https:\/\/zakrasnejsivimperk.cz\/wp-content\/uploads\/2024\/11\/22\/Letni-divadlo-Vpk-1981-542x357.jpg 542w, https:\/\/zakrasnejsivimperk.cz\/wp-content\/uploads\/2024\/11\/22\/Letni-divadlo-Vpk-1981-733x483.jpg 733w\" sizes=\"(max-width: 861px) 100vw, 861px\" \/><figcaption id=\"caption-attachment-329433\" class=\"wp-caption-text\">Foto: Zden\u011bk JUNGVIRT<\/figcaption><\/figure>\n<hr \/>\n<p>&nbsp;<\/p>\n","protected":false},"excerpt":{"rendered":"<p>&nbsp; Architekti <\/p>\n","protected":false},"author":2,"featured_media":329415,"comment_status":"open","ping_status":"open","sticky":false,"template":"","format":"gallery","meta":{"footnotes":""},"categories":[86],"tags":[],"jetpack_featured_media_url":"https:\/\/zakrasnejsivimperk.cz\/wp-content\/uploads\/2024\/11\/22\/ram-projednani.jpg","_links":{"self":[{"href":"https:\/\/zakrasnejsivimperk.cz\/index.php?rest_route=\/wp\/v2\/posts\/329411"}],"collection":[{"href":"https:\/\/zakrasnejsivimperk.cz\/index.php?rest_route=\/wp\/v2\/posts"}],"about":[{"href":"https:\/\/zakrasnejsivimperk.cz\/index.php?rest_route=\/wp\/v2\/types\/post"}],"author":[{"embeddable":true,"href":"https:\/\/zakrasnejsivimperk.cz\/index.php?rest_route=\/wp\/v2\/users\/2"}],"replies":[{"embeddable":true,"href":"https:\/\/zakrasnejsivimperk.cz\/index.php?rest_route=%2Fwp%2Fv2%2Fcomments&post=329411"}],"version-history":[{"count":2,"href":"https:\/\/zakrasnejsivimperk.cz\/index.php?rest_route=\/wp\/v2\/posts\/329411\/revisions"}],"predecessor-version":[{"id":329434,"href":"https:\/\/zakrasnejsivimperk.cz\/index.php?rest_route=\/wp\/v2\/posts\/329411\/revisions\/329434"}],"wp:featuredmedia":[{"embeddable":true,"href":"https:\/\/zakrasnejsivimperk.cz\/index.php?rest_route=\/wp\/v2\/media\/329415"}],"wp:attachment":[{"href":"https:\/\/zakrasnejsivimperk.cz\/index.php?rest_route=%2Fwp%2Fv2%2Fmedia&parent=329411"}],"wp:term":[{"taxonomy":"category","embeddable":true,"href":"https:\/\/zakrasnejsivimperk.cz\/index.php?rest_route=%2Fwp%2Fv2%2Fcategories&post=329411"},{"taxonomy":"post_tag","embeddable":true,"href":"https:\/\/zakrasnejsivimperk.cz\/index.php?rest_route=%2Fwp%2Fv2%2Ftags&post=329411"}],"curies":[{"name":"wp","href":"https:\/\/api.w.org\/{rel}","templated":true}]}}