{"id":329131,"date":"2024-11-20T19:37:56","date_gmt":"2024-11-20T18:37:56","guid":{"rendered":"https:\/\/zakrasnejsivimperk.cz\/?p=329131"},"modified":"2024-11-20T19:37:56","modified_gmt":"2024-11-20T18:37:56","slug":"jizni-cechy-co-se-deje-v-prachaticich-informace-o-jednani-rady-mesta-11-11","status":"publish","type":"post","link":"https:\/\/zakrasnejsivimperk.cz\/?p=329131","title":{"rendered":"JI\u017dN\u00cd \u010cECHY: Co se d\u011bje v Prachatic\u00edch. Informace o jedn\u00e1n\u00ed rady m\u011bsta \u2013 11.11."},"content":{"rendered":"<figure id=\"attachment_279952\" aria-describedby=\"caption-attachment-279952\" style=\"width: 1100px\" class=\"wp-caption aligncenter\"><img loading=\"lazy\" decoding=\"async\" class=\"wp-image-279952 size-full\" src=\"https:\/\/zakrasnejsivimperk.cz\/wp-content\/uploads\/2023\/05\/30\/prachatice-37.jpg\" alt=\"\" width=\"1100\" height=\"711\" srcset=\"https:\/\/zakrasnejsivimperk.cz\/wp-content\/uploads\/2023\/05\/30\/prachatice-37.jpg 1100w, https:\/\/zakrasnejsivimperk.cz\/wp-content\/uploads\/2023\/05\/30\/prachatice-37-300x194.jpg 300w, https:\/\/zakrasnejsivimperk.cz\/wp-content\/uploads\/2023\/05\/30\/prachatice-37-1024x662.jpg 1024w, https:\/\/zakrasnejsivimperk.cz\/wp-content\/uploads\/2023\/05\/30\/prachatice-37-768x496.jpg 768w, https:\/\/zakrasnejsivimperk.cz\/wp-content\/uploads\/2023\/05\/30\/prachatice-37-100x65.jpg 100w, https:\/\/zakrasnejsivimperk.cz\/wp-content\/uploads\/2023\/05\/30\/prachatice-37-552x357.jpg 552w, https:\/\/zakrasnejsivimperk.cz\/wp-content\/uploads\/2023\/05\/30\/prachatice-37-747x483.jpg 747w, https:\/\/zakrasnejsivimperk.cz\/wp-content\/uploads\/2023\/05\/30\/prachatice-37-745x483.jpg 745w\" sizes=\"(max-width: 1100px) 100vw, 1100px\" \/><figcaption id=\"caption-attachment-279952\" class=\"wp-caption-text\">Prachatice \/ Foto: (red) \u2013 Za kr\u00e1sn\u011bj\u0161\u00ed Vimperk<\/figcaption><\/figure>\n<hr \/>\n<p>&nbsp;<\/p>\n<h6>V Prachatic\u00edch p\u0159\u00ed\u0161t\u00ed rok p\u0159ibydou dva nov\u00e9 p\u0159\u00edst\u0159e\u0161ky na kontejnery<\/h6>\n<p>Radn\u00ed na sv\u00e9m pond\u011bln\u00edm jedn\u00e1n\u00ed schv\u00e1lili v\u00fdsledek v\u00fdb\u011brov\u00e9ho \u0159\u00edzen\u00ed na p\u0159\u00edst\u0159e\u0161ky na kontejnery v ulici Nemocni\u010dn\u00ed a Pivovarsk\u00e1. Jedn\u00e1 se o kompletn\u00ed v\u00fdstavbu dvou p\u0159\u00edst\u0159e\u0161k\u016f v nov\u00e9m designu v\u010detn\u011b zpevn\u011bn\u00e9 plochy pro kontejnery na komun\u00e1ln\u00ed a t\u0159\u00edd\u011bn\u00fd odpad, s t\u00edm, \u017ee v ulici Pivovarsk\u00e1 bude p\u0159\u00edst\u0159e\u0161ek obohacen o modern\u00ed zelenou st\u0159echu, kter\u00e1 v t\u00e9to lokalit\u011b pom\u016f\u017ee vytvo\u0159it p\u0159\u00edjemn\u00e9 mikroklima. Zelen\u00e9 st\u0159echy jsou \u00fa\u010dinn\u00fdm n\u00e1strojem pro zm\u00edrn\u011bn\u00ed dopad\u016f klimatick\u00e9 zm\u011bny a efektivn\u00edm \u0159e\u0161en\u00edm pro boj s n\u00e1r\u016fstem teplot ve m\u011bstech. Nab\u00eddku prost\u0159ednictv\u00edm elektronick\u00e9ho n\u00e1stroje Tender Ar\u00e9na podali dva uchaze\u010di. Rada m\u011bsta na z\u00e1klad\u011b doporu\u010den\u00ed hodnot\u00edc\u00ed komise schv\u00e1lila uzav\u0159en\u00ed smlouvy s dodavatelem PV STAV eu s.r.o., s nab\u00eddkovou cenou 1 194 707 K\u010d v\u010detn\u011b DPH.<\/p>\n<p>&nbsp;<\/p>\n<h6>P\u0159\u00edsp\u011bvkov\u00e9 organizace p\u0159edlo\u017eily ke schv\u00e1len\u00ed radn\u00edm v\u00fdro\u010dn\u00ed zpr\u00e1vy a rozpo\u010dty na p\u0159\u00ed\u0161t\u00ed rok<\/h6>\n<p>P\u0159\u00edsp\u011bvkov\u00e9 organizace m\u011bsta Prachatice na pond\u011bln\u00edm jedn\u00e1n\u00ed p\u0159edlo\u017eily radn\u00edm jak v\u00fdro\u010dn\u00ed zpr\u00e1vy, tak i rozpo\u010det na p\u0159\u00ed\u0161t\u00ed rok dopln\u011bn\u00fd st\u0159edn\u011bdob\u00fdmi v\u00fdhledy na rok 2026 a 2027. Z\u00e1kladn\u00ed \u0161kola Prachatice, Vod\u0148ansk\u00e1 287 v leto\u0161n\u00edm roce zrealizovala p\u0159es pr\u00e1zdniny modernizaci gastroprovozu ve sv\u00e9 \u0161koln\u00ed j\u00eddeln\u011b a zrekonstruovala dv\u011b odd\u011blen\u00ed \u0161koln\u00ed dru\u017einy. V r\u00e1mci rozpo\u010dtu na p\u0159\u00ed\u0161t\u00ed rok po\u010d\u00edt\u00e1 \u0161kola s vypracov\u00e1n\u00edm projektov\u00e9 dokumentace na odvlh\u010den\u00ed \u010d\u00e1sti budovy a jako prioritu pova\u017euje pan\u00ed \u0159editelka investici do rekonstrukce soci\u00e1ln\u00edho za\u0159\u00edzen\u00ed. Z\u00e1kladn\u00ed \u0161kola Prachatice, Zlat\u00e1 stezka 240 zainvestovala v leto\u0161n\u00edm roce do vylep\u0161en\u00ed prostor \u0161koly, v p\u0159\u00ed\u0161t\u00edm roce pl\u00e1nuje zmodernizovat vybaven\u00ed d\u00edlen a \u0161koln\u00ed dru\u017einy a pro rok 2026 p\u0159ipravuje projekt na rozs\u00e1hlej\u0161\u00ed rekonstrukci provozu \u0161koln\u00ed j\u00eddelny. Z\u00e1kladn\u00ed \u0161kola a Montessori mate\u0159sk\u00e1 \u0161kola Prachatice, N\u00e1rodn\u00ed 1018 letos kompletn\u011b zrekonstruovala laborato\u0159e chemie a v p\u0159\u00ed\u0161t\u00edm roce se takt\u00e9\u017e chyst\u00e1 zmodernizovat gastroprovoz.<\/p>\n<p>Aktu\u00e1ln\u00ed kapacita mate\u0159sk\u00fdch \u0161kolek je dosta\u010duj\u00edc\u00ed, v M\u0160 Krumlovsk\u00e1 vybudovalo m\u011bsto Prachatice v leto\u0161n\u00edm roce nov\u00e9 d\u011btsk\u00e9 h\u0159i\u0161t\u011b, kter\u00e9 ji\u017e d\u011bti z m\u00edstn\u00ed \u0161kolky od podzimu intenzivn\u011b vyu\u017e\u00edvaj\u00ed. V p\u0159\u00ed\u0161t\u00edm roce vznikne nov\u00e9 d\u011btsk\u00e9 h\u0159i\u0161t\u011b na \u0161koln\u00ed zahrad\u011b M\u0160 Skalka. Aktu\u00e1ln\u011b v t\u00e9to mate\u0159sk\u00e9 \u0161kolce prob\u00edh\u00e1 oprava st\u0159echy, kter\u00e1 byla ji\u017e v havarijn\u00edm stavu. Sportovn\u00ed za\u0159\u00edzen\u00ed m\u011bsta<\/p>\n<p>Prachatice investovalo v leto\u0161n\u00edm roce do oprav venkovn\u00edho ve\u0159ejn\u00e9ho koupali\u0161t\u011b Hul\u00e1k a nakoupilo novou robotickou seka\u010dku pro efektivn\u011bj\u0161\u00ed \u00fadr\u017ebu fotbalov\u00e9ho tr\u00e1vn\u00edku. Jednou z priorit \u0159editele Sportovn\u00edho za\u0159\u00edzen\u00ed v p\u0159\u00ed\u0161t\u00edm roce budou dal\u0161\u00ed nemal\u00e9 opravy na venkovn\u00edm koupali\u0161ti Hul\u00e1k.<\/p>\n<p>&nbsp;<\/p>\n<h6>Radn\u00ed doporu\u010dili zastupitel\u016fm podpo\u0159it vybran\u00e1 m\u011bsta posti\u017een\u00e1 povodn\u011bmi<\/h6>\n<p>Rada m\u011bsta na sv\u00e9m p\u0159edchoz\u00edm jedn\u00e1n\u00ed dne 21. \u0159\u00edjna doporu\u010dila zastupitelstvu m\u011bsta schv\u00e1lit pen\u011b\u017eitou pomoc m\u011bst\u016fm a obc\u00edm, kter\u00e9 se vyrovn\u00e1vaj\u00ed s popovod\u0148ov\u00fdm stavem p\u0159i odstra\u0148ov\u00e1n\u00ed katastrof\u00e1ln\u00edch n\u00e1sledk\u016f, zp\u016fsoben\u00fdch \u017eiveln\u00ed pohromou v z\u00e1\u0159\u00ed 2024. Aktu\u00e1ln\u011b se radn\u00ed zab\u00fdvali rozpo\u010dtov\u00fdm opat\u0159en\u00edm, kter\u00e9 doporu\u010dili zastupitel\u016fm ke schv\u00e1len\u00ed na jedn\u00e1n\u00ed 18. listopadu. \u201e<em>Jedn\u00e1 se o m\u011bsta Moravskoslezsk\u00e9ho kraje &#8211; m\u011bsto Albrechtice a m\u011bsto Vrbno pod Prad\u011bdem, d\u00e1le pak m\u011bsto a obec Zl\u00ednsk\u00e9ho kraje &#8211; m\u011bsto Krom\u011b\u0159\u00ed\u017e a obec Sazovice. Pr\u00e1v\u011b tyto regiony v roce 2002 pomohly m\u011bstu Prachatice v obdobn\u00e9 situaci,\u201c<\/em> up\u0159esnil starosta m\u011bsta Jan Bauer.<\/p>\n<p>&nbsp;<\/p>\n<p><strong>Jana HULE\u0160OV\u00c1, M\u011bsto Prachatice<\/strong><\/p>\n<hr \/>\n<p>&nbsp;<\/p>\n<h6>Jin\u00e9 zpr\u00e1vy z Prachatic:<\/h6>\n<h4 class=\"entry-title\"><a href=\"https:\/\/zakrasnejsivimperk.cz\/?p=328415\" target=\"_blank\" rel=\"noopener\">JI\u017dN\u00cd \u010cECHY: Multifunk\u010dn\u00ed knihovnick\u00e9 a vzd\u011bl\u00e1vac\u00ed centrum vznikne p\u0159em\u011bnou d\u0159\u00edv\u011bj\u0161\u00ed hasi\u010dsk\u00e9 zbrojnice<\/a><\/h4>\n<h4 class=\"entry-title\"><a href=\"https:\/\/zakrasnejsivimperk.cz\/?p=326786\" target=\"_blank\" rel=\"noopener\">JI\u017dN\u00cd \u010cECHY: Co se d\u011bje v Prachatic\u00edch. Informace o jedn\u00e1n\u00ed rady m\u011bsta \u2013 21.10.<\/a><\/h4>\n<h4 class=\"entry-title\"><a href=\"https:\/\/zakrasnejsivimperk.cz\/?p=325496\" target=\"_blank\" rel=\"noopener\">JI\u017dN\u00cd \u010cECHY: Co se d\u011bje v Prachatic\u00edch. Informace o jedn\u00e1n\u00ed rady m\u011bsta \u2013 7.10.<\/a><\/h4>\n<h4 class=\"entry-title\"><a href=\"https:\/\/zakrasnejsivimperk.cz\/?p=324158\" target=\"_blank\" rel=\"noopener\">JI\u017dN\u00cd \u010cECHY: Prachatice maj\u00ed nejp\u0159\u00edv\u011btiv\u011bj\u0161\u00ed m\u011bstsk\u00fd \u00fa\u0159ad v Jiho\u010desk\u00e9m kraji<\/a><\/h4>\n<h4 class=\"entry-title\"><a href=\"https:\/\/zakrasnejsivimperk.cz\/?p=323452\" target=\"_blank\" rel=\"noopener\">JI\u017dN\u00cd \u010cECHY: Co se d\u011bje v Prachatic\u00edch. Informace o jedn\u00e1n\u00ed rady m\u011bsta \u2013 23. 9.<\/a><\/h4>\n<h4 class=\"entry-title\"><a href=\"https:\/\/zakrasnejsivimperk.cz\/?p=321160\" target=\"_blank\" rel=\"noopener\">JI\u017dN\u00cd \u010cECHY: Co se d\u011bje v Prachatic\u00edch. Informace z jedn\u00e1n\u00ed zastupitel\u016f m\u011bsta<\/a><\/h4>\n<h4><a href=\"https:\/\/zakrasnejsivimperk.cz\/?p=320521\" target=\"_blank\" rel=\"noopener\">JI\u017dN\u00cd \u010cECHY: Nemocnice chyst\u00e1 projekt na prevenci kolorekt\u00e1ln\u00edho karcinomu<\/a><\/h4>\n<h4><a href=\"https:\/\/zakrasnejsivimperk.cz\/?p=319364\" target=\"_blank\" rel=\"noopener\">JI\u017dN\u00cd \u010cECHY: Co se d\u011bje v Prachatic\u00edch. Informace o jedn\u00e1n\u00ed rady m\u011bsta \u2013 26. 8.<\/a><\/h4>\n<h4><a href=\"https:\/\/zakrasnejsivimperk.cz\/?p=319096\" target=\"_blank\" rel=\"noopener\">JI\u017dN\u00cd \u010cECHY: Stavba\u0159i na t\u0159i dny uzav\u0159ou silnici z Prachatic na Lib\u00ednsk\u00e9 Sedlo<\/a><\/h4>\n<h4><a href=\"https:\/\/zakrasnejsivimperk.cz\/?p=317672\" target=\"_blank\" rel=\"noopener\">JI\u017dN\u00cd \u010cECHY: Prachatick\u00e9 Kole\u010dko bude slou\u017eit lidem, kte\u0159\u00ed se po nehod\u011b, \u00farazu \u010di nemoci ocitli na voz\u00ed\u010dku<\/a><\/h4>\n<h4><a href=\"https:\/\/zakrasnejsivimperk.cz\/?p=316967\" target=\"_blank\" rel=\"noopener\">JI\u017dN\u00cd \u010cECHY: Prachatick\u00e1 nemocnice po rekonstrukci znovu otev\u00edr\u00e1 porodn\u00ed s\u00e1ly<\/a><\/h4>\n<h4><a href=\"https:\/\/zakrasnejsivimperk.cz\/?p=315416\" target=\"_blank\" rel=\"noopener\">JI\u017dN\u00cd \u010cECHY: Co se d\u011bje v Prachatic\u00edch. Informace o jedn\u00e1n\u00ed rady m\u011bsta \u2013 22. 7.<\/a><\/h4>\n<h4><a href=\"https:\/\/zakrasnejsivimperk.cz\/?p=312427\" target=\"_blank\" rel=\"noopener\">JI\u017dN\u00cd \u010cECHY: Co se d\u011bje v Prachatic\u00edch. Informace o jedn\u00e1n\u00ed rady m\u011bsta \u2013 24. 6.<\/a><\/h4>\n<h4><a href=\"https:\/\/zakrasnejsivimperk.cz\/?p=311044\" target=\"_blank\" rel=\"noopener\">JI\u017dN\u00cd \u010cECHY: Co se d\u011bje v Prachatic\u00edch. Informace o jedn\u00e1n\u00ed rady m\u011bsta \u2013 10. 6.<\/a><\/h4>\n<h4 class=\"entry-title\"><a href=\"https:\/\/zakrasnejsivimperk.cz\/?p=309241\" target=\"_blank\" rel=\"noopener\">JI\u017dN\u00cd \u010cECHY: Co se d\u011bje v Prachatic\u00edch. Informace o jedn\u00e1n\u00ed rady m\u011bsta \u2013 27. 5.<\/a><\/h4>\n<h4><a href=\"https:\/\/zakrasnejsivimperk.cz\/?p=308244\" target=\"_blank\" rel=\"noopener\">JI\u017dN\u00cd \u010cECHY: Prachatice maj\u00ed novou kv\u011btinovou v\u00fdzdobu v centru m\u011bsta<\/a><\/h4>\n<h4><a href=\"https:\/\/zakrasnejsivimperk.cz\/?p=306574\" target=\"_blank\" rel=\"noopener\">JI\u017dN\u00cd \u010cECHY: Co se d\u011bje v Prachatic\u00edch. Informace o jedn\u00e1n\u00ed rady m\u011bsta 29. 4.<\/a><\/h4>\n<h4><a href=\"https:\/\/zakrasnejsivimperk.cz\/?p=306137\" target=\"_blank\" rel=\"noopener\">JI\u017dN\u00cd \u010cECHY: Co se d\u011bje v Prachatic\u00edch. Informace o jedn\u00e1n\u00ed zastupitel\u016f 29. 4.<\/a><\/h4>\n<h4><a href=\"https:\/\/zakrasnejsivimperk.cz\/?p=306578\" target=\"_blank\" rel=\"noopener\">JI\u017dN\u00cd \u010cECHY: Uzav\u0159en\u00edm Po\u0161tovn\u00ed ulice vznikl klidn\u00fd ve\u0159ejn\u00fd prostor v centru<\/a><\/h4>\n<h4><a href=\"https:\/\/zakrasnejsivimperk.cz\/?p=299453\" target=\"_blank\" rel=\"noopener\">JI\u017dN\u00cd \u010cECHY: Prachatice op\u011bt odpust\u00ed poplatek za provozov\u00e1n\u00ed p\u0159edzahr\u00e1dek<\/a><\/h4>\n<h4><a href=\"https:\/\/zakrasnejsivimperk.cz\/?p=305487\" target=\"_blank\" rel=\"noopener\">JI\u017dN\u00cd \u010cECHY: Oprava unik\u00e1tn\u00edch slune\u010dn\u00edch hodin na Mal\u00e9m n\u00e1m\u011bst\u00ed v Prachatic\u00edch je dokon\u010dena<\/a><\/h4>\n<h4><a href=\"https:\/\/zakrasnejsivimperk.cz\/?p=303157\" target=\"_blank\" rel=\"noopener\">JI\u017dN\u00cd \u010cECHY: Prachatice v sobotu slavnostn\u011b otev\u0159ely kongresov\u00e9 centrum, jak\u00e9 Vimperk m\u016f\u017ee jen z\u00e1vid\u011bt<\/a><\/h4>\n<hr \/>\n<p>&nbsp;<\/p>\n","protected":false},"excerpt":{"rendered":"<p>&nbsp; V <\/p>\n","protected":false},"author":2,"featured_media":279952,"comment_status":"open","ping_status":"open","sticky":false,"template":"","format":"gallery","meta":{"footnotes":""},"categories":[24],"tags":[],"jetpack_featured_media_url":"https:\/\/zakrasnejsivimperk.cz\/wp-content\/uploads\/2023\/05\/30\/prachatice-37.jpg","_links":{"self":[{"href":"https:\/\/zakrasnejsivimperk.cz\/index.php?rest_route=\/wp\/v2\/posts\/329131"}],"collection":[{"href":"https:\/\/zakrasnejsivimperk.cz\/index.php?rest_route=\/wp\/v2\/posts"}],"about":[{"href":"https:\/\/zakrasnejsivimperk.cz\/index.php?rest_route=\/wp\/v2\/types\/post"}],"author":[{"embeddable":true,"href":"https:\/\/zakrasnejsivimperk.cz\/index.php?rest_route=\/wp\/v2\/users\/2"}],"replies":[{"embeddable":true,"href":"https:\/\/zakrasnejsivimperk.cz\/index.php?rest_route=%2Fwp%2Fv2%2Fcomments&post=329131"}],"version-history":[{"count":1,"href":"https:\/\/zakrasnejsivimperk.cz\/index.php?rest_route=\/wp\/v2\/posts\/329131\/revisions"}],"predecessor-version":[{"id":329132,"href":"https:\/\/zakrasnejsivimperk.cz\/index.php?rest_route=\/wp\/v2\/posts\/329131\/revisions\/329132"}],"wp:featuredmedia":[{"embeddable":true,"href":"https:\/\/zakrasnejsivimperk.cz\/index.php?rest_route=\/wp\/v2\/media\/279952"}],"wp:attachment":[{"href":"https:\/\/zakrasnejsivimperk.cz\/index.php?rest_route=%2Fwp%2Fv2%2Fmedia&parent=329131"}],"wp:term":[{"taxonomy":"category","embeddable":true,"href":"https:\/\/zakrasnejsivimperk.cz\/index.php?rest_route=%2Fwp%2Fv2%2Fcategories&post=329131"},{"taxonomy":"post_tag","embeddable":true,"href":"https:\/\/zakrasnejsivimperk.cz\/index.php?rest_route=%2Fwp%2Fv2%2Ftags&post=329131"}],"curies":[{"name":"wp","href":"https:\/\/api.w.org\/{rel}","templated":true}]}}