{"id":328415,"date":"2024-11-12T17:09:00","date_gmt":"2024-11-12T16:09:00","guid":{"rendered":"https:\/\/zakrasnejsivimperk.cz\/?p=328415"},"modified":"2024-11-12T17:17:20","modified_gmt":"2024-11-12T16:17:20","slug":"jizni-cechy-drivejsi-hasicskou-zbrojnici-premeni-na-multifunkcni-knihovnicke-a-vzdelavaci-centrum","status":"publish","type":"post","link":"https:\/\/zakrasnejsivimperk.cz\/?p=328415","title":{"rendered":"JI\u017dN\u00cd \u010cECHY: Multifunk\u010dn\u00ed knihovnick\u00e9 a vzd\u011bl\u00e1vac\u00ed centrum vznikne p\u0159em\u011bnou d\u0159\u00edv\u011bj\u0161\u00ed hasi\u010dsk\u00e9 zbrojnice"},"content":{"rendered":"<p><img loading=\"lazy\" decoding=\"async\" class=\"aligncenter wp-image-328416 size-full\" src=\"https:\/\/zakrasnejsivimperk.cz\/wp-content\/uploads\/2024\/11\/12\/pt-zahajeni-prestavby-zbrojnice-1.jpg\" alt=\"\" width=\"1184\" height=\"890\" srcset=\"https:\/\/zakrasnejsivimperk.cz\/wp-content\/uploads\/2024\/11\/12\/pt-zahajeni-prestavby-zbrojnice-1.jpg 1184w, https:\/\/zakrasnejsivimperk.cz\/wp-content\/uploads\/2024\/11\/12\/pt-zahajeni-prestavby-zbrojnice-1-300x226.jpg 300w, https:\/\/zakrasnejsivimperk.cz\/wp-content\/uploads\/2024\/11\/12\/pt-zahajeni-prestavby-zbrojnice-1-1024x770.jpg 1024w, https:\/\/zakrasnejsivimperk.cz\/wp-content\/uploads\/2024\/11\/12\/pt-zahajeni-prestavby-zbrojnice-1-768x577.jpg 768w, https:\/\/zakrasnejsivimperk.cz\/wp-content\/uploads\/2024\/11\/12\/pt-zahajeni-prestavby-zbrojnice-1-475x357.jpg 475w, https:\/\/zakrasnejsivimperk.cz\/wp-content\/uploads\/2024\/11\/12\/pt-zahajeni-prestavby-zbrojnice-1-643x483.jpg 643w\" sizes=\"(max-width: 1184px) 100vw, 1184px\" \/><\/p>\n<p>&nbsp;<\/p>\n<h6>M\u011bsto Prachatice v \u00fater\u00fd 12. listopadu slavnostn\u011b zah\u00e1jilo rekonstrukci b\u00fdval\u00e9 hasi\u010dsk\u00e9 zbrojnice v \u0160ev\u010d\u00edkov\u011b ulici \u010dp. 260, kter\u00e1 bude po dokon\u010den\u00ed v \u010dervnu 2026 slou\u017eit jako Multifunk\u010dn\u00ed knihovnick\u00e9 a vzd\u011bl\u00e1vac\u00ed centrum (MKVC). Projekt je spolufinancov\u00e1n z Integrovan\u00e9ho region\u00e1ln\u00edho opera\u010dn\u00edho programu 2021\u20132027.<\/h6>\n<p>Rekonstrukce zch\u00e1tral\u00e9ho objektu je dlouho o\u010dek\u00e1van\u00fdm krokem. P\u0159\u00edpravy zapo\u010daly studi\u00ed ji\u017e v roce 2012. Projekt podpo\u0159ila drtiv\u00e1 v\u011bt\u0161ina zastupitel\u016f m\u011bsta. Nov\u00e9 MKVC roz\u0161\u00ed\u0159\u00ed mo\u017enosti pro kulturn\u00ed a vzd\u011bl\u00e1vac\u00ed aktivity v\u010detn\u011b celo\u017eivotn\u00edho vzd\u011bl\u00e1v\u00e1n\u00ed a pro komunitn\u00ed setk\u00e1v\u00e1n\u00ed. Realizace byla na z\u00e1klad\u011b otev\u0159en\u00e9ho nadlimitn\u00edho v\u00fdb\u011brov\u00e9ho \u0159\u00edzen\u00ed sv\u011b\u0159ena sdru\u017een\u00ed stavebn\u00edch firem Aub\u00f6ck a Protom Strakonice pod odborn\u00fdm dozorem spole\u010dnosti Safety Pro.<\/p>\n<p>MKVC bude v\u00fdznamn\u00fdm spole\u010densk\u00fdm centrem. Ji\u017e st\u00e1vaj\u00edc\u00ed knihovna v Husov\u011b ulici v roce 2023 p\u0159iv\u00edtala v\u00edce ne\u017e 90 tis\u00edc n\u00e1v\u0161t\u011bvn\u00edk\u016f a uspo\u0159\u00e1dala v\u00edce ne\u017e 300 kulturn\u00edch a vzd\u011bl\u00e1vac\u00edch akc\u00ed. Rovn\u011b\u017e provozuje univerzitu t\u0159et\u00edho v\u011bku, \u010d\u00edm\u017e roz\u0161i\u0159uje nab\u00eddku celo\u017eivotn\u00edho vzd\u011bl\u00e1v\u00e1n\u00ed. Nar\u00e1\u017e\u00ed ale na strop kapacitn\u00edch mo\u017enost\u00ed st\u00e1vaj\u00edc\u00edch prostor a zastaral\u00e9 technick\u00e9 vybaven\u00ed, kter\u00e9 v podm\u00ednk\u00e1ch historick\u00e9ho objektu leze ji\u017e jen t\u011b\u017eko rozv\u00edjet. Sou\u010d\u00e1st\u00ed nov\u00e9ho centra tak bude nap\u0159. centr\u00e1ln\u00ed v\u00fdp\u016fj\u010dn\u00ed pult a odd\u011blen\u00ed pro dosp\u011bl\u00e9 \u010dten\u00e1\u0159e, studovna s region\u00e1ln\u00edm fondem, odd\u011blen\u00ed pro d\u011bti, \u010d\u00edt\u00e1rna s liter\u00e1rn\u00ed kav\u00e1rnou, prostory pro celo\u017eivotn\u00ed vzd\u011bl\u00e1v\u00e1n\u00ed a setk\u00e1v\u00e1n\u00ed. Modern\u00ed technologie, jako jsou automatizovan\u00e9 v\u00fdp\u016fj\u010dn\u00ed a n\u00e1vratov\u00e9 boxy, self-checky a RFID zabezpe\u010den\u00ed, zajist\u00ed efektivn\u00ed a pohodln\u00fd p\u0159\u00edstup k slu\u017eb\u00e1m knihovny.<\/p>\n<p><em>\u201eTento projekt je velmi v\u00fdznamn\u00fd pro cel\u00e9 m\u011bsto Prachatice a \u0161irok\u00fd region. Krom\u011b toho, \u017ee se vy\u0159e\u0161\u00ed probl\u00e9m s nevyu\u017e\u00edvan\u00fdm zch\u00e1tral\u00fdm objektem, p\u0159inese centrum nov\u00e9 mo\u017enosti pro vzd\u011bl\u00e1v\u00e1n\u00ed a kulturn\u00ed \u017eivot. Jsem p\u0159esv\u011bd\u010den o tom, \u017ee toto m\u00edsto, kter\u00e9mu se dnes n\u011bkte\u0159\u00ed vyh\u00fdbali, bude \u017eiv\u00e9, \u00fatuln\u00e9 a p\u0159ita\u017eliv\u00e9 pro v\u0161echny,\u201c<\/em> uvedl starosta m\u011bsta Prachatice Jan Bauer.<\/p>\n<p><em>\u201eM\u00e1m velkou radost, \u017ee jsou krom\u011b stamilionov\u00fdch investic do silnic, nemocnic, ve\u0159ejn\u00e9 dopravy a dal\u0161\u00edch oblast\u00ed, p\u0159ipraveny evropsk\u00e9 pen\u00edze tak\u00e9 na rekonstrukce knihoven a modern\u00edch vzd\u011bl\u00e1vac\u00edch center. Jsou toti\u017e bezpochyby nem\u00e9n\u011b d\u016fle\u017eit\u00e9 a v podpo\u0159e IROP proto maj\u00ed sv\u00e9 pevn\u00e9 m\u00edsto,\u201c<\/em> \u0159\u00edk\u00e1 Petr Bou\u0161ka, \u0159editel jiho\u010desk\u00e9 pobo\u010dky Centra pro region\u00e1ln\u00ed rozvoj, kter\u00e9 projekty IROP v regionech zast\u0159e\u0161uje od pomoci p\u0159\u00edjemc\u016fm s \u017e\u00e1dostmi a\u017e po administraci a kontrolu hotov\u00fdch projekt\u016f.<\/p>\n<p><em>\u201eM\u011bsto Prachatice spolu s prachatick\u00fdmi \u0161kolami jsou v \u010derp\u00e1n\u00ed zdroj\u016f z EU prost\u0159ednictv\u00edm IROP velmi \u00fasp\u011b\u0161n\u00ed. Na kont\u011b maj\u00ed u\u017e 27 dokon\u010den\u00fdch, nebo aktu\u00e1ln\u011b realizovan\u00fdch projekt\u016f a celkov\u00e1 podpora tak m\u016f\u017ee dos\u00e1hnout na a\u017e 151,5 milionu korun,\u201c<\/em> dod\u00e1v\u00e1 Bou\u0161ka.<\/p>\n<p><em>\u201e12. listopad se nezapomenuteln\u011b zap\u00ed\u0161e do historie Prachatic, proto\u017ee poprv\u00e9 v historii tohoto kr\u00e1sn\u00e9ho m\u011bsta zapo\u010dne rekonstrukce budovy, kter\u00e1 je ur\u010dena pro modern\u00ed knihovnick\u00e9 slu\u017eby s vybaven\u00edm ve 21. stolet\u00ed. T\u00edmto bude tak\u00e9 podpo\u0159eno jak celo\u017eivotn\u00ed vzd\u011bl\u00e1v\u00e1n\u00ed pro v\u0161echny obyvatele, tak i komunitn\u00ed princip a podpora v\u0161ech typ\u016f knihoven na\u0161eho regionu,\u201c<\/em> uvedla \u0159editelka knihovny Hana Mr\u00e1zov\u00e1.<\/p>\n<p>&nbsp;<\/p>\n<article id=\"post-326786\" class=\"post-326786 post type-post status-publish format-gallery has-post-thumbnail hentry category-nas-kraj-jizni-cechy post_format-post-format-gallery\">\n<div class=\"td-post-text-content\">\n<p><strong>Jana HULE\u0160OV\u00c1, M\u011bsto Prachatice<\/strong><\/p>\n<p>Foto: M\u011bsto Prachatice<\/p>\n<p>&nbsp;<\/p>\n<\/div>\n<p><img loading=\"lazy\" decoding=\"async\" class=\"aligncenter wp-image-328417 size-full\" src=\"https:\/\/zakrasnejsivimperk.cz\/wp-content\/uploads\/2024\/11\/12\/pt-zahajeni-prestavby-zbrojnice-2.jpg\" alt=\"\" width=\"1186\" height=\"890\" srcset=\"https:\/\/zakrasnejsivimperk.cz\/wp-content\/uploads\/2024\/11\/12\/pt-zahajeni-prestavby-zbrojnice-2.jpg 1186w, https:\/\/zakrasnejsivimperk.cz\/wp-content\/uploads\/2024\/11\/12\/pt-zahajeni-prestavby-zbrojnice-2-300x225.jpg 300w, https:\/\/zakrasnejsivimperk.cz\/wp-content\/uploads\/2024\/11\/12\/pt-zahajeni-prestavby-zbrojnice-2-1024x768.jpg 1024w, https:\/\/zakrasnejsivimperk.cz\/wp-content\/uploads\/2024\/11\/12\/pt-zahajeni-prestavby-zbrojnice-2-768x576.jpg 768w, https:\/\/zakrasnejsivimperk.cz\/wp-content\/uploads\/2024\/11\/12\/pt-zahajeni-prestavby-zbrojnice-2-476x357.jpg 476w, https:\/\/zakrasnejsivimperk.cz\/wp-content\/uploads\/2024\/11\/12\/pt-zahajeni-prestavby-zbrojnice-2-644x483.jpg 644w\" sizes=\"(max-width: 1186px) 100vw, 1186px\" \/><\/p>\n<div class=\"td-post-text-content\">\n<hr \/>\n<p>&nbsp;<\/p>\n<h6>Jin\u00e9 zpr\u00e1vy z Prachatic:<\/h6>\n<h4 class=\"entry-title\"><a href=\"https:\/\/zakrasnejsivimperk.cz\/?p=326786\" target=\"_blank\" rel=\"noopener\">JI\u017dN\u00cd \u010cECHY: Co se d\u011bje v Prachatic\u00edch. Informace o jedn\u00e1n\u00ed rady m\u011bsta \u2013 21.10.<\/a><\/h4>\n<h4 class=\"entry-title\"><a href=\"https:\/\/zakrasnejsivimperk.cz\/?p=325496\" target=\"_blank\" rel=\"noopener\">JI\u017dN\u00cd \u010cECHY: Co se d\u011bje v Prachatic\u00edch. Informace o jedn\u00e1n\u00ed rady m\u011bsta \u2013 7.10.<\/a><\/h4>\n<h4 class=\"entry-title\"><a href=\"https:\/\/zakrasnejsivimperk.cz\/?p=324158\" target=\"_blank\" rel=\"noopener\">JI\u017dN\u00cd \u010cECHY: Prachatice maj\u00ed nejp\u0159\u00edv\u011btiv\u011bj\u0161\u00ed m\u011bstsk\u00fd \u00fa\u0159ad v Jiho\u010desk\u00e9m kraji<\/a><\/h4>\n<h4 class=\"entry-title\"><a href=\"https:\/\/zakrasnejsivimperk.cz\/?p=323452\" target=\"_blank\" rel=\"noopener\">JI\u017dN\u00cd \u010cECHY: Co se d\u011bje v Prachatic\u00edch. Informace o jedn\u00e1n\u00ed rady m\u011bsta \u2013 23. 9.<\/a><\/h4>\n<h4 class=\"entry-title\"><a href=\"https:\/\/zakrasnejsivimperk.cz\/?p=321160\" target=\"_blank\" rel=\"noopener\">JI\u017dN\u00cd \u010cECHY: Co se d\u011bje v Prachatic\u00edch. Informace z jedn\u00e1n\u00ed zastupitel\u016f m\u011bsta<\/a><\/h4>\n<h4><a href=\"https:\/\/zakrasnejsivimperk.cz\/?p=320521\" target=\"_blank\" rel=\"noopener\">JI\u017dN\u00cd \u010cECHY: Nemocnice chyst\u00e1 projekt na prevenci kolorekt\u00e1ln\u00edho karcinomu<\/a><\/h4>\n<h4><a href=\"https:\/\/zakrasnejsivimperk.cz\/?p=319364\" target=\"_blank\" rel=\"noopener\">JI\u017dN\u00cd \u010cECHY: Co se d\u011bje v Prachatic\u00edch. Informace o jedn\u00e1n\u00ed rady m\u011bsta \u2013 26. 8.<\/a><\/h4>\n<h4><a href=\"https:\/\/zakrasnejsivimperk.cz\/?p=319096\" target=\"_blank\" rel=\"noopener\">JI\u017dN\u00cd \u010cECHY: Stavba\u0159i na t\u0159i dny uzav\u0159ou silnici z Prachatic na Lib\u00ednsk\u00e9 Sedlo<\/a><\/h4>\n<h4><a href=\"https:\/\/zakrasnejsivimperk.cz\/?p=317672\" target=\"_blank\" rel=\"noopener\">JI\u017dN\u00cd \u010cECHY: Prachatick\u00e9 Kole\u010dko bude slou\u017eit lidem, kte\u0159\u00ed se po nehod\u011b, \u00farazu \u010di nemoci ocitli na voz\u00ed\u010dku<\/a><\/h4>\n<h4><a href=\"https:\/\/zakrasnejsivimperk.cz\/?p=316967\" target=\"_blank\" rel=\"noopener\">JI\u017dN\u00cd \u010cECHY: Prachatick\u00e1 nemocnice po rekonstrukci znovu otev\u00edr\u00e1 porodn\u00ed s\u00e1ly<\/a><\/h4>\n<h4><a href=\"https:\/\/zakrasnejsivimperk.cz\/?p=315416\" target=\"_blank\" rel=\"noopener\">JI\u017dN\u00cd \u010cECHY: Co se d\u011bje v Prachatic\u00edch. Informace o jedn\u00e1n\u00ed rady m\u011bsta \u2013 22. 7.<\/a><\/h4>\n<h4><a href=\"https:\/\/zakrasnejsivimperk.cz\/?p=312427\" target=\"_blank\" rel=\"noopener\">JI\u017dN\u00cd \u010cECHY: Co se d\u011bje v Prachatic\u00edch. Informace o jedn\u00e1n\u00ed rady m\u011bsta \u2013 24. 6.<\/a><\/h4>\n<h4><a href=\"https:\/\/zakrasnejsivimperk.cz\/?p=311044\" target=\"_blank\" rel=\"noopener\">JI\u017dN\u00cd \u010cECHY: Co se d\u011bje v Prachatic\u00edch. Informace o jedn\u00e1n\u00ed rady m\u011bsta \u2013 10. 6.<\/a><\/h4>\n<h4 class=\"entry-title\"><a href=\"https:\/\/zakrasnejsivimperk.cz\/?p=309241\" target=\"_blank\" rel=\"noopener\">JI\u017dN\u00cd \u010cECHY: Co se d\u011bje v Prachatic\u00edch. Informace o jedn\u00e1n\u00ed rady m\u011bsta \u2013 27. 5.<\/a><\/h4>\n<h4><a href=\"https:\/\/zakrasnejsivimperk.cz\/?p=308244\" target=\"_blank\" rel=\"noopener\">JI\u017dN\u00cd \u010cECHY: Prachatice maj\u00ed novou kv\u011btinovou v\u00fdzdobu v centru m\u011bsta<\/a><\/h4>\n<h4><a href=\"https:\/\/zakrasnejsivimperk.cz\/?p=306574\" target=\"_blank\" rel=\"noopener\">JI\u017dN\u00cd \u010cECHY: Co se d\u011bje v Prachatic\u00edch. Informace o jedn\u00e1n\u00ed rady m\u011bsta 29. 4.<\/a><\/h4>\n<h4><a href=\"https:\/\/zakrasnejsivimperk.cz\/?p=306137\" target=\"_blank\" rel=\"noopener\">JI\u017dN\u00cd \u010cECHY: Co se d\u011bje v Prachatic\u00edch. Informace o jedn\u00e1n\u00ed zastupitel\u016f 29. 4.<\/a><\/h4>\n<h4><a href=\"https:\/\/zakrasnejsivimperk.cz\/?p=306578\" target=\"_blank\" rel=\"noopener\">JI\u017dN\u00cd \u010cECHY: Uzav\u0159en\u00edm Po\u0161tovn\u00ed ulice vznikl klidn\u00fd ve\u0159ejn\u00fd prostor v centru<\/a><\/h4>\n<h4><a href=\"https:\/\/zakrasnejsivimperk.cz\/?p=299453\" target=\"_blank\" rel=\"noopener\">JI\u017dN\u00cd \u010cECHY: Prachatice op\u011bt odpust\u00ed poplatek za provozov\u00e1n\u00ed p\u0159edzahr\u00e1dek<\/a><\/h4>\n<h4><a href=\"https:\/\/zakrasnejsivimperk.cz\/?p=305487\" target=\"_blank\" rel=\"noopener\">JI\u017dN\u00cd \u010cECHY: Oprava unik\u00e1tn\u00edch slune\u010dn\u00edch hodin na Mal\u00e9m n\u00e1m\u011bst\u00ed v Prachatic\u00edch je dokon\u010dena<\/a><\/h4>\n<h4><a href=\"https:\/\/zakrasnejsivimperk.cz\/?p=303157\" target=\"_blank\" rel=\"noopener\">JI\u017dN\u00cd \u010cECHY: Prachatice v sobotu slavnostn\u011b otev\u0159ely kongresov\u00e9 centrum, jak\u00e9 Vimperk m\u016f\u017ee jen z\u00e1vid\u011bt<\/a><\/h4>\n<hr \/>\n<p>&nbsp;<\/p>\n<\/div>\n<div class=\"clearfix\"><\/div>\n<footer>\n<div class=\"td-social-sharing\"><\/div>\n<\/footer>\n<\/article>\n<div class=\"wpdiscuz_top_clearing\"><\/div>\n<div id=\"comments\" class=\"comments-area\">\n<div id=\"respond\"><\/div>\n<div id=\"wpd-post-rating\" class=\"wpd-not-rated\">\n<div class=\"wpd-rating-wrap\"><\/div>\n<\/div>\n<\/div>\n<p>&nbsp;<\/p>\n","protected":false},"excerpt":{"rendered":"<p>&nbsp; M\u011bsto <\/p>\n","protected":false},"author":2,"featured_media":328419,"comment_status":"open","ping_status":"open","sticky":false,"template":"","format":"gallery","meta":{"footnotes":""},"categories":[10],"tags":[],"jetpack_featured_media_url":"https:\/\/zakrasnejsivimperk.cz\/wp-content\/uploads\/2024\/11\/12\/pt-zahajeni-prestavby-zbrojnice-1-ttt.jpg","_links":{"self":[{"href":"https:\/\/zakrasnejsivimperk.cz\/index.php?rest_route=\/wp\/v2\/posts\/328415"}],"collection":[{"href":"https:\/\/zakrasnejsivimperk.cz\/index.php?rest_route=\/wp\/v2\/posts"}],"about":[{"href":"https:\/\/zakrasnejsivimperk.cz\/index.php?rest_route=\/wp\/v2\/types\/post"}],"author":[{"embeddable":true,"href":"https:\/\/zakrasnejsivimperk.cz\/index.php?rest_route=\/wp\/v2\/users\/2"}],"replies":[{"embeddable":true,"href":"https:\/\/zakrasnejsivimperk.cz\/index.php?rest_route=%2Fwp%2Fv2%2Fcomments&post=328415"}],"version-history":[{"count":8,"href":"https:\/\/zakrasnejsivimperk.cz\/index.php?rest_route=\/wp\/v2\/posts\/328415\/revisions"}],"predecessor-version":[{"id":328426,"href":"https:\/\/zakrasnejsivimperk.cz\/index.php?rest_route=\/wp\/v2\/posts\/328415\/revisions\/328426"}],"wp:featuredmedia":[{"embeddable":true,"href":"https:\/\/zakrasnejsivimperk.cz\/index.php?rest_route=\/wp\/v2\/media\/328419"}],"wp:attachment":[{"href":"https:\/\/zakrasnejsivimperk.cz\/index.php?rest_route=%2Fwp%2Fv2%2Fmedia&parent=328415"}],"wp:term":[{"taxonomy":"category","embeddable":true,"href":"https:\/\/zakrasnejsivimperk.cz\/index.php?rest_route=%2Fwp%2Fv2%2Fcategories&post=328415"},{"taxonomy":"post_tag","embeddable":true,"href":"https:\/\/zakrasnejsivimperk.cz\/index.php?rest_route=%2Fwp%2Fv2%2Ftags&post=328415"}],"curies":[{"name":"wp","href":"https:\/\/api.w.org\/{rel}","templated":true}]}}