{"id":327887,"date":"2024-11-07T10:57:53","date_gmt":"2024-11-07T09:57:53","guid":{"rendered":"https:\/\/zakrasnejsivimperk.cz\/?p=327887"},"modified":"2024-11-07T10:57:53","modified_gmt":"2024-11-07T09:57:53","slug":"z-prvni-ruky-zajem-o-burzy-skol-stoupa-rodice-i-zaci-se-intenzivne-zajimaji-o-vyber-stredni-skoly","status":"publish","type":"post","link":"https:\/\/zakrasnejsivimperk.cz\/?p=327887","title":{"rendered":"Z PRVN\u00cd RUKY: Z\u00e1jem o burzy \u0161kol stoup\u00e1, rodi\u010de i \u017e\u00e1ci se intenzivn\u011b zaj\u00edmaj\u00ed o v\u00fdb\u011br st\u0159edn\u00ed \u0161koly"},"content":{"rendered":"<h6><img loading=\"lazy\" decoding=\"async\" class=\"size-medium wp-image-183166 alignleft\" src=\"https:\/\/zakrasnejsivimperk.cz\/wp-content\/uploads\/2020\/01\/27\/jhk-logo-300x146.jpg\" alt=\"\" width=\"300\" height=\"146\" srcset=\"https:\/\/zakrasnejsivimperk.cz\/wp-content\/uploads\/2020\/01\/27\/jhk-logo-300x146.jpg 300w, https:\/\/zakrasnejsivimperk.cz\/wp-content\/uploads\/2020\/01\/27\/jhk-logo-326x159.jpg 326w, https:\/\/zakrasnejsivimperk.cz\/wp-content\/uploads\/2020\/01\/27\/jhk-logo.jpg 632w\" sizes=\"(max-width: 300px) 100vw, 300px\" \/>Leto\u0161n\u00ed ro\u010dn\u00edk burz \u0161kol po\u0159\u00e1dan\u00fdch Jiho\u010deskou hospod\u00e1\u0159skou komorou (Jhk) zaznamenal vy\u0161\u0161\u00ed z\u00e1jem ne\u017e kdy d\u0159\u00edv, zejm\u00e9na ze strany rodi\u010d\u016f, kte\u0159\u00ed sv\u00e9 d\u011bti na akce doprov\u00e1zeli ve v\u011bt\u0161\u00edm po\u010dtu. Tento trend ukazuje na rostouc\u00ed zapojen\u00ed rodi\u010d\u016f do v\u00fdb\u011bru vzd\u011bl\u00e1vac\u00edch mo\u017enost\u00ed, co\u017e organiz\u00e1to\u0159i a samotn\u00e9 \u0161koly v\u00edtaj\u00ed jako pozitivn\u00ed sm\u011br. Rodi\u010de \u010dasto hraj\u00ed z\u00e1sadn\u00ed roli v rozhodov\u00e1n\u00ed o dal\u0161\u00edm vzd\u011bl\u00e1n\u00ed sv\u00fdch d\u011bt\u00ed, a jejich \u00fa\u010dast tak m\u016f\u017ee v\u00fdznamn\u011b ovlivnit fin\u00e1ln\u00ed volbu budouc\u00edho oboru \u010di \u0161koly.<\/h6>\n<p>Jiho\u010desk\u00e1 hospod\u00e1\u0159sk\u00e1 komora letos uspo\u0159\u00e1dala celkem dev\u011bt burz \u0161kol v jiho\u010desk\u00fdch m\u011bstech, kam zav\u00edtalo rekordn\u00edch 6366 n\u00e1v\u0161t\u011bvn\u00edk\u016f. Pro rodi\u010de, \u017e\u00e1ky a dal\u0161\u00ed ve\u0159ejnost bylo p\u0159ipraveno 319 vystavovatel\u016f z \u0159ad \u0161kol i firem, kter\u00e9 m\u011bli za c\u00edl uk\u00e1zat propojenost obor\u016f na st\u0159edn\u00edch \u0161kol\u00e1ch s nab\u00edzej\u00edc\u00edmi profesemi. \u0158editel Jhk, Lud\u011bk Keist, komentuje zv\u00fd\u0161enou n\u00e1v\u0161t\u011bvnost slovy: <em>\u201eStoupaj\u00edc\u00ed \u00fa\u010dast rodi\u010d\u016f je pro n\u00e1s d\u016fkazem, \u017ee roste d\u016fle\u017eitost rozhodovac\u00edho procesu, ve kter\u00e9m hraj\u00ed rodi\u010de kl\u00ed\u010dovou roli. Jsme r\u00e1di, \u017ee mohou z\u00edskat p\u0159esn\u00e9 informace o mo\u017enostech vzd\u011bl\u00e1v\u00e1n\u00ed sv\u00fdch d\u011bt\u00ed a osobn\u011b komunikovat se z\u00e1stupci \u0161kol.\u201c<\/em><\/p>\n<p>Z\u00e1jem rodi\u010d\u016f tak\u00e9 souvis\u00ed s dostupnost\u00ed a pohodl\u00edm akce \u2013 Jhk zaji\u0161\u0165uje svozovou dopravu pro z\u00e1kladn\u00ed \u0161koly v odlehl\u00fdch oblastech, jako je nap\u0159\u00edklad \u0160umavsko. Kate\u0159ina T\u0159\u00edskov\u00e1, vedouc\u00ed prachatick\u00e9 oblastn\u00ed kancel\u00e1\u0159e Jhk, \u0159\u00edk\u00e1: \u201e<em>Ji\u017e pravideln\u011b organizujeme svozy \u017e\u00e1k\u016f z\u00e1kladn\u00edch \u0161kol ze vzd\u00e1len\u011bj\u0161\u00edch oblast\u00ed \u010di men\u0161\u00edch obc\u00ed, pro kter\u00e9 by byla \u00fa\u010dast na akci jinak velmi n\u00e1ro\u010dn\u00e1.\u201c<\/em> Ka\u017edoro\u010dn\u00ed akce, je\u017e se za dobu sv\u00e9ho trv\u00e1n\u00ed stala ji\u017e tradic\u00ed, p\u0159itahuje tak\u00e9 st\u00e1le v\u00edce st\u0159edn\u00edch \u0161kol, v\u010detn\u011b t\u011bch z okoln\u00edch kraj\u016f. St\u0159edn\u00ed \u0161koly oce\u0148uj\u00ed zejm\u00e9na to, \u017ee akce umo\u017e\u0148uje p\u0159edstavit se \u017e\u00e1k\u016fm a rodi\u010d\u016fm p\u0159\u00edmo v m\u00edst\u011b jejich bydli\u0161t\u011b. To je v\u00fdznamn\u00e1 v\u00fdhoda pro ty, kte\u0159\u00ed by jinak nem\u011bli dostatek p\u0159\u00edle\u017eitost\u00ed se o jednotliv\u00fdch \u0161kol\u00e1ch a jejich nab\u00eddk\u00e1ch dozv\u011bd\u011bt v\u00edce.<\/p>\n<p><em>\u201eL\u00edbilo se n\u00e1m, \u017ee m\u016f\u017eeme na jednom m\u00edst\u011b nav\u0161t\u00edvit tolik st\u0159edn\u00edch \u0161kol a ujasnit si co vlastn\u011b \u0161koly nab\u00edz\u00ed a o \u010dem jsou konkr\u00e9tn\u00ed obory. Hodn\u011b n\u00e1m to usnadn\u00ed rozhodov\u00e1n\u00ed,\u201c<\/em> \u0159\u00edk\u00e1 Petra M., kter\u00e1 doprov\u00e1z\u00ed sv\u00e9ho syna Tom\u00e1\u0161e M. na Burzu \u0161kol v Jind\u0159ichov\u011b Hradci. \u201e<em>Mn\u011b se l\u00edbilo, \u017ee jsem si mohl promluvit p\u0159\u00edmo s \u017e\u00e1ky \u0161kol a vlastn\u011b jsem pochopil, co se na \u0161kole studuje a kde m\u016f\u017eu potom pracovat, kdy\u017e vystuduji\u201c,<\/em> dod\u00e1v\u00e1 Tom\u00e1\u0161 M.<\/p>\n<p>Burzy \u0161kol tak\u00e9 kvituj\u00ed p\u0159edstavitel\u00e9 jednotliv\u00fdch m\u011bst a obc\u00ed v Jiho\u010desk\u00e9m kraji a podporuj\u00ed tento druh aktivit, kter\u00e9 pom\u00e1haj\u00ed m\u00edstn\u00edm obyvatel\u016fm z\u00edskat komplexn\u00ed p\u0159ehled o dostupn\u00fdch vzd\u011bl\u00e1vac\u00edch mo\u017enostech. Jejich podpora je kl\u00ed\u010dov\u00e1, proto\u017ee pom\u00e1h\u00e1 propojit \u0161koly s m\u00edstn\u00ed komunitou a z\u00e1rove\u0148 podporuje rozvoj vzd\u011blanosti a kvalifikace p\u0159\u00edmo v regionu. D\u00edky tomu mohou obce l\u00e9pe reagovat na pot\u0159eby m\u00edstn\u00edch pracovn\u00edch trh\u016f a p\u0159isp\u011bt k dlouhodob\u00e9 stabilit\u011b a r\u016fstu regionu.<\/p>\n<p>I v p\u0159\u00ed\u0161t\u00edm roce na podzim se m\u016f\u017eete t\u011b\u0161it na dal\u0161\u00ed ro\u010dn\u00edk burz \u0161kol, kter\u00e9 ji\u017e nyn\u00ed pl\u00e1nujeme. Rodi\u010de, kte\u0159\u00ed budou hledat vhodn\u00e9 \u0161koly se sv\u00fdmi d\u011btmi, na webu <a href=\"https:\/\/www.burzyskol.cz\/\" target=\"_blank\" rel=\"noopener\"><strong>www.burzyskol.cz<\/strong><\/a> najdou ve\u0161ker\u00e9 pot\u0159ebn\u00e9 informace na jednom m\u00edst\u011b.<\/p>\n<p><strong>(tz-jhk)<\/strong><\/p>\n<hr \/>\n<p>&nbsp;<\/p>\n<h6>Informujeme:<\/h6>\n<h4 class=\"entry-title\"><a href=\"https:\/\/zakrasnejsivimperk.cz\/?p=327884\" target=\"_blank\" rel=\"noopener\">Nejv\u00edce rostly tr\u017eby v internetov\u00fdch obchodech<\/a><\/h4>\n<h4 class=\"entry-title\"><a href=\"https:\/\/zakrasnejsivimperk.cz\/?p=327874\" target=\"_blank\" rel=\"noopener\">P\u0158E\u010cT\u011aTE SI U N\u00c1S: Den\u00edk Metro \u2013 7. listopadu 2024<\/a><\/h4>\n<h4 class=\"entry-title\"><a href=\"https:\/\/zakrasnejsivimperk.cz\/?p=327793\" target=\"_blank\" rel=\"noopener\">MF DNES \u2013 Pro\u010d je dnes m\u00e1slo luxusn\u00ed potravina<\/a><\/h4>\n<h4 class=\"entry-title\"><a href=\"https:\/\/zakrasnejsivimperk.cz\/?p=327781\" target=\"_blank\" rel=\"noopener\">Lesy \u010cR se Spr\u00e1vou \u017eeleznic cht\u011bj\u00ed urychlit p\u0159\u00edpravu staveb i budov\u00e1n\u00ed strategick\u00e9 infrastruktury<\/a><\/h4>\n<h4 class=\"entry-title\"><a href=\"https:\/\/zakrasnejsivimperk.cz\/?p=327763\" target=\"_blank\" rel=\"noopener\">Stavebn\u00ed produkce v z\u00e1\u0159\u00ed klesla<\/a><\/h4>\n<h4 class=\"entry-title\"><a href=\"https:\/\/zakrasnejsivimperk.cz\/?p=327751\" target=\"_blank\" rel=\"noopener\">Pr\u016fmyslov\u00e1 produkce v\u202fz\u00e1\u0159\u00ed meziro\u010dn\u011b m\u00edrn\u011b vzrostla<\/a><\/h4>\n<h4 class=\"entry-title\"><a href=\"https:\/\/zakrasnejsivimperk.cz\/?p=327735\" target=\"_blank\" rel=\"noopener\">P\u0158E\u010cT\u011aTE SI U N\u00c1S: Den\u00edk Metro \u2013 6. listopadu 2024<\/a><\/h4>\n<h4 class=\"entry-title\"><a href=\"https:\/\/zakrasnejsivimperk.cz\/?p=327688\" target=\"_blank\" rel=\"noopener\">Z PRVN\u00cd RUKY: \u00da\u0159ad pr\u00e1ce zve\u0159ejnil seznam pobo\u010dek ke zru\u0161en\u00ed<\/a><\/h4>\n<h4 class=\"entry-title\"><a href=\"https:\/\/zakrasnejsivimperk.cz\/?p=327597\" target=\"_blank\" rel=\"noopener\">Podzimn\u00ed pr\u00e1zdniny vytvo\u0159ily um\u011bl\u00fd pokles v po\u010dtech hl\u00e1\u0161en\u00fdch respira\u010dn\u00edch infekc\u00ed<\/a><\/h4>\n<h4 class=\"entry-title\"><a href=\"https:\/\/zakrasnejsivimperk.cz\/?p=327590\" target=\"_blank\" rel=\"noopener\">P\u0158E\u010cT\u011aTE SI U N\u00c1S: Den\u00edk Metro \u2013 5. listopadu 2024<\/a><\/h4>\n<h4 class=\"entry-title\"><a href=\"https:\/\/zakrasnejsivimperk.cz\/?p=327537\" target=\"_blank\" rel=\"noopener\">Kl\u00ed\u010dov\u00e9 rysy v\u00fdvoje hlavy obratlovc\u016f maj\u00ed sv\u016fj p\u016fvod u spole\u010dn\u00e9ho p\u0159edka<\/a><\/h4>\n<h4 class=\"entry-title\"><a href=\"https:\/\/zakrasnejsivimperk.cz\/?p=327497\" target=\"_blank\" rel=\"noopener\">Cizinci \u017eij\u00edc\u00ed v \u010cesku netvo\u0159\u00ed homogenn\u00ed skupinu<\/a><\/h4>\n<h4 class=\"entry-title\"><a href=\"https:\/\/zakrasnejsivimperk.cz\/?p=327481\" target=\"_blank\" rel=\"noopener\">V Jiho\u010desk\u00e9m kraji bylo k 44. t\u00fddnu potvrzeno 3 062 p\u0159\u00edpad\u016f \u010dern\u00e9ho ka\u0161le, v minul\u00e9m t\u00fddnu p\u0159ibylo 23 nov\u00fdch p\u0159\u00edpad\u016f<\/a><\/h4>\n<h4 class=\"entry-title\"><a href=\"https:\/\/zakrasnejsivimperk.cz\/?p=327474\" target=\"_blank\" rel=\"noopener\">P\u0158E\u010cT\u011aTE SI U N\u00c1S: Den\u00edk Metro \u2013 4. listopadu 2024<\/a><\/h4>\n<h4 class=\"entry-title\"><a href=\"https:\/\/zakrasnejsivimperk.cz\/?p=327442\" target=\"_blank\" rel=\"noopener\">Ch\u0159est z na\u0161ich pol\u00ed \u010cech\u016fm chutn\u00e1. Letos ho \u0161lo do obchod\u016f 182 tun, nejlep\u0161\u00ed prodejci z\u00edskali ocen\u011bn\u00ed<\/a><\/h4>\n<h4 class=\"entry-title\"><a href=\"https:\/\/zakrasnejsivimperk.cz\/?p=327306\" target=\"_blank\" rel=\"noopener\">Potravin\u00e1\u0159sk\u00e1 inspekce zjistila dal\u0161\u00ed produkt s obsahem muscimolu \u2013 halucinogenu z muchom\u016frky \u010derven\u00e9<\/a><\/h4>\n<h4 class=\"entry-title\"><a href=\"https:\/\/zakrasnejsivimperk.cz\/?p=327233\" target=\"_blank\" rel=\"noopener\">Plynu je v tuzemsk\u00fdch z\u00e1sobn\u00edc\u00edch p\u0159ed zimou dostatek. Napln\u011bny jsou z 93 procent<\/a><\/h4>\n<h4 class=\"entry-title\"><a href=\"https:\/\/zakrasnejsivimperk.cz\/?p=327207\" target=\"_blank\" rel=\"noopener\">\u201eUk\u00e1zat lidem faktury \u2013 to maj\u00ed zak\u00e1z\u00e1no.\u201c Pravda o drah\u00e9m m\u00e1sle p\u0159\u00edmo z bran\u017ee<\/a><\/h4>\n<hr \/>\n<p>&nbsp;<\/p>\n","protected":false},"excerpt":{"rendered":"<p>Leto\u0161n\u00ed ro\u010dn\u00edk <\/p>\n","protected":false},"author":2,"featured_media":327889,"comment_status":"open","ping_status":"open","sticky":false,"template":"","format":"gallery","meta":{"footnotes":""},"categories":[70],"tags":[],"jetpack_featured_media_url":"https:\/\/zakrasnejsivimperk.cz\/wp-content\/uploads\/2024\/11\/07\/z-ruky-jhk.jpg","_links":{"self":[{"href":"https:\/\/zakrasnejsivimperk.cz\/index.php?rest_route=\/wp\/v2\/posts\/327887"}],"collection":[{"href":"https:\/\/zakrasnejsivimperk.cz\/index.php?rest_route=\/wp\/v2\/posts"}],"about":[{"href":"https:\/\/zakrasnejsivimperk.cz\/index.php?rest_route=\/wp\/v2\/types\/post"}],"author":[{"embeddable":true,"href":"https:\/\/zakrasnejsivimperk.cz\/index.php?rest_route=\/wp\/v2\/users\/2"}],"replies":[{"embeddable":true,"href":"https:\/\/zakrasnejsivimperk.cz\/index.php?rest_route=%2Fwp%2Fv2%2Fcomments&post=327887"}],"version-history":[{"count":1,"href":"https:\/\/zakrasnejsivimperk.cz\/index.php?rest_route=\/wp\/v2\/posts\/327887\/revisions"}],"predecessor-version":[{"id":327890,"href":"https:\/\/zakrasnejsivimperk.cz\/index.php?rest_route=\/wp\/v2\/posts\/327887\/revisions\/327890"}],"wp:featuredmedia":[{"embeddable":true,"href":"https:\/\/zakrasnejsivimperk.cz\/index.php?rest_route=\/wp\/v2\/media\/327889"}],"wp:attachment":[{"href":"https:\/\/zakrasnejsivimperk.cz\/index.php?rest_route=%2Fwp%2Fv2%2Fmedia&parent=327887"}],"wp:term":[{"taxonomy":"category","embeddable":true,"href":"https:\/\/zakrasnejsivimperk.cz\/index.php?rest_route=%2Fwp%2Fv2%2Fcategories&post=327887"},{"taxonomy":"post_tag","embeddable":true,"href":"https:\/\/zakrasnejsivimperk.cz\/index.php?rest_route=%2Fwp%2Fv2%2Ftags&post=327887"}],"curies":[{"name":"wp","href":"https:\/\/api.w.org\/{rel}","templated":true}]}}