{"id":327884,"date":"2024-11-07T10:47:45","date_gmt":"2024-11-07T09:47:45","guid":{"rendered":"https:\/\/zakrasnejsivimperk.cz\/?p=327884"},"modified":"2024-11-07T10:51:42","modified_gmt":"2024-11-07T09:51:42","slug":"z-prvni-ruky-nejvice-rostly-trzby-v-internetovych-obchodech","status":"publish","type":"post","link":"https:\/\/zakrasnejsivimperk.cz\/?p=327884","title":{"rendered":"Z PRVN\u00cd RUKY: Nejv\u00edce rostly tr\u017eby v internetov\u00fdch obchodech"},"content":{"rendered":"<h6><img loading=\"lazy\" decoding=\"async\" class=\"size-medium wp-image-219756 alignleft\" src=\"https:\/\/zakrasnejsivimperk.cz\/wp-content\/uploads\/2021\/03\/29\/\u010ds\u00fa-logo-300x81.png\" alt=\"\" width=\"300\" height=\"81\" srcset=\"https:\/\/zakrasnejsivimperk.cz\/wp-content\/uploads\/2021\/03\/29\/\u010ds\u00fa-logo-300x81.png 300w, https:\/\/zakrasnejsivimperk.cz\/wp-content\/uploads\/2021\/03\/29\/\u010ds\u00fa-logo-768x208.png 768w, https:\/\/zakrasnejsivimperk.cz\/wp-content\/uploads\/2021\/03\/29\/\u010ds\u00fa-logo-1024x277.png 1024w, https:\/\/zakrasnejsivimperk.cz\/wp-content\/uploads\/2021\/03\/29\/\u010ds\u00fa-logo.png 1280w\" sizes=\"(max-width: 300px) 100vw, 300px\" \/>Tr\u017eby v maloobchod\u011b se v z\u00e1\u0159\u00ed re\u00e1ln\u011b zv\u00fd\u0161ily meziro\u010dn\u011b o\u202f5,6\u202f% a mezim\u011bs\u00ed\u010dn\u011b o\u202f0,2\u202f%. Tr\u017eby za prodej a opravy motorov\u00fdch vozidel meziro\u010dn\u011b vzrostly o\u202f0,9\u202f% a mezim\u011bs\u00ed\u010dn\u011b o\u202f0,6\u202f%.<\/h6>\n<p><em>\u201eMaloobchodn\u00ed tr\u017eby po o\u010di\u0161t\u011bn\u00ed o cenov\u00e9 vlivy v z\u00e1\u0159\u00ed meziro\u010dn\u011b vzrostly. Tr\u017eby se zv\u00fd\u0161ily za\u202fprodej nepotravin\u00e1\u0159sk\u00e9ho zbo\u017e\u00ed, pohonn\u00fdch hmot i potravin. K r\u016fstu maloobchodn\u00edch tr\u017eeb nejv\u00edce p\u0159isp\u011bl prodej prost\u0159ednictv\u00edm internetu, kde tr\u017eby rostly dvoucifern\u00fdm tempem ji\u017e od\u202fpo\u010d\u00e1tku roku,\u201c<\/em>\u00a0\u0159\u00edk\u00e1 Jana Gotvaldov\u00e1, vedouc\u00ed odd\u011blen\u00ed statistiky obchodu, dopravy a\u202fslu\u017eeb\u202f\u010cS\u00da.<\/p>\n<p>Podrobnosti: <a href=\"https:\/\/csu.gov.cz\/rychle-informace\/maloobchod-zari-2024\" target=\"_blank\" rel=\"noopener\"><strong>https:\/\/csu.gov.cz\/rychle-informace\/maloobchod-zari-2024<\/strong><\/a><\/p>\n<p><strong>(tz-\u010ds\u00fa)<\/strong><\/p>\n<hr \/>\n<p>&nbsp;<\/p>\n<h6>Informujeme:<\/h6>\n<h4 class=\"entry-title\"><a href=\"https:\/\/zakrasnejsivimperk.cz\/?p=327874\" target=\"_blank\" rel=\"noopener\">P\u0158E\u010cT\u011aTE SI U N\u00c1S: Den\u00edk Metro \u2013 7. listopadu 2024<\/a><\/h4>\n<h4 class=\"entry-title\"><a href=\"https:\/\/zakrasnejsivimperk.cz\/?p=327793\" target=\"_blank\" rel=\"noopener\">MF DNES \u2013 Pro\u010d je dnes m\u00e1slo luxusn\u00ed potravina<\/a><\/h4>\n<h4 class=\"entry-title\"><a href=\"https:\/\/zakrasnejsivimperk.cz\/?p=327781\" target=\"_blank\" rel=\"noopener\">Lesy \u010cR se Spr\u00e1vou \u017eeleznic cht\u011bj\u00ed urychlit p\u0159\u00edpravu staveb i budov\u00e1n\u00ed strategick\u00e9 infrastruktury<\/a><\/h4>\n<h4 class=\"entry-title\"><a href=\"https:\/\/zakrasnejsivimperk.cz\/?p=327763\" target=\"_blank\" rel=\"noopener\">Stavebn\u00ed produkce v z\u00e1\u0159\u00ed klesla<\/a><\/h4>\n<h4 class=\"entry-title\"><a href=\"https:\/\/zakrasnejsivimperk.cz\/?p=327751\" target=\"_blank\" rel=\"noopener\">Pr\u016fmyslov\u00e1 produkce v\u202fz\u00e1\u0159\u00ed meziro\u010dn\u011b m\u00edrn\u011b vzrostla<\/a><\/h4>\n<h4 class=\"entry-title\"><a href=\"https:\/\/zakrasnejsivimperk.cz\/?p=327735\" target=\"_blank\" rel=\"noopener\">P\u0158E\u010cT\u011aTE SI U N\u00c1S: Den\u00edk Metro \u2013 6. listopadu 2024<\/a><\/h4>\n<h4 class=\"entry-title\"><a href=\"https:\/\/zakrasnejsivimperk.cz\/?p=327688\" target=\"_blank\" rel=\"noopener\">Z PRVN\u00cd RUKY: \u00da\u0159ad pr\u00e1ce zve\u0159ejnil seznam pobo\u010dek ke zru\u0161en\u00ed<\/a><\/h4>\n<h4 class=\"entry-title\"><a href=\"https:\/\/zakrasnejsivimperk.cz\/?p=327597\" target=\"_blank\" rel=\"noopener\">Podzimn\u00ed pr\u00e1zdniny vytvo\u0159ily um\u011bl\u00fd pokles v po\u010dtech hl\u00e1\u0161en\u00fdch respira\u010dn\u00edch infekc\u00ed<\/a><\/h4>\n<h4 class=\"entry-title\"><a href=\"https:\/\/zakrasnejsivimperk.cz\/?p=327590\" target=\"_blank\" rel=\"noopener\">P\u0158E\u010cT\u011aTE SI U N\u00c1S: Den\u00edk Metro \u2013 5. listopadu 2024<\/a><\/h4>\n<h4 class=\"entry-title\"><a href=\"https:\/\/zakrasnejsivimperk.cz\/?p=327537\" target=\"_blank\" rel=\"noopener\">Kl\u00ed\u010dov\u00e9 rysy v\u00fdvoje hlavy obratlovc\u016f maj\u00ed sv\u016fj p\u016fvod u spole\u010dn\u00e9ho p\u0159edka<\/a><\/h4>\n<h4 class=\"entry-title\"><a href=\"https:\/\/zakrasnejsivimperk.cz\/?p=327497\" target=\"_blank\" rel=\"noopener\">Cizinci \u017eij\u00edc\u00ed v \u010cesku netvo\u0159\u00ed homogenn\u00ed skupinu<\/a><\/h4>\n<h4 class=\"entry-title\"><a href=\"https:\/\/zakrasnejsivimperk.cz\/?p=327481\" target=\"_blank\" rel=\"noopener\">V Jiho\u010desk\u00e9m kraji bylo k 44. t\u00fddnu potvrzeno 3 062 p\u0159\u00edpad\u016f \u010dern\u00e9ho ka\u0161le, v minul\u00e9m t\u00fddnu p\u0159ibylo 23 nov\u00fdch p\u0159\u00edpad\u016f<\/a><\/h4>\n<h4 class=\"entry-title\"><a href=\"https:\/\/zakrasnejsivimperk.cz\/?p=327474\" target=\"_blank\" rel=\"noopener\">P\u0158E\u010cT\u011aTE SI U N\u00c1S: Den\u00edk Metro \u2013 4. listopadu 2024<\/a><\/h4>\n<h4 class=\"entry-title\"><a href=\"https:\/\/zakrasnejsivimperk.cz\/?p=327442\" target=\"_blank\" rel=\"noopener\">Ch\u0159est z na\u0161ich pol\u00ed \u010cech\u016fm chutn\u00e1. Letos ho \u0161lo do obchod\u016f 182 tun, nejlep\u0161\u00ed prodejci z\u00edskali ocen\u011bn\u00ed<\/a><\/h4>\n<h4 class=\"entry-title\"><a href=\"https:\/\/zakrasnejsivimperk.cz\/?p=327306\" target=\"_blank\" rel=\"noopener\">Potravin\u00e1\u0159sk\u00e1 inspekce zjistila dal\u0161\u00ed produkt s obsahem muscimolu \u2013 halucinogenu z muchom\u016frky \u010derven\u00e9<\/a><\/h4>\n<h4 class=\"entry-title\"><a href=\"https:\/\/zakrasnejsivimperk.cz\/?p=327233\" target=\"_blank\" rel=\"noopener\">Plynu je v tuzemsk\u00fdch z\u00e1sobn\u00edc\u00edch p\u0159ed zimou dostatek. Napln\u011bny jsou z 93 procent<\/a><\/h4>\n<h4 class=\"entry-title\"><a href=\"https:\/\/zakrasnejsivimperk.cz\/?p=327207\" target=\"_blank\" rel=\"noopener\">\u201eUk\u00e1zat lidem faktury \u2013 to maj\u00ed zak\u00e1z\u00e1no.\u201c Pravda o drah\u00e9m m\u00e1sle p\u0159\u00edmo z bran\u017ee<\/a><\/h4>\n<hr \/>\n<p>&nbsp;<\/p>\n","protected":false},"excerpt":{"rendered":"<p>Tr\u017eby v <\/p>\n","protected":false},"author":2,"featured_media":327885,"comment_status":"open","ping_status":"open","sticky":false,"template":"","format":"gallery","meta":{"footnotes":""},"categories":[70],"tags":[],"jetpack_featured_media_url":"https:\/\/zakrasnejsivimperk.cz\/wp-content\/uploads\/2024\/11\/07\/z-ruky-csu.jpg","_links":{"self":[{"href":"https:\/\/zakrasnejsivimperk.cz\/index.php?rest_route=\/wp\/v2\/posts\/327884"}],"collection":[{"href":"https:\/\/zakrasnejsivimperk.cz\/index.php?rest_route=\/wp\/v2\/posts"}],"about":[{"href":"https:\/\/zakrasnejsivimperk.cz\/index.php?rest_route=\/wp\/v2\/types\/post"}],"author":[{"embeddable":true,"href":"https:\/\/zakrasnejsivimperk.cz\/index.php?rest_route=\/wp\/v2\/users\/2"}],"replies":[{"embeddable":true,"href":"https:\/\/zakrasnejsivimperk.cz\/index.php?rest_route=%2Fwp%2Fv2%2Fcomments&post=327884"}],"version-history":[{"count":2,"href":"https:\/\/zakrasnejsivimperk.cz\/index.php?rest_route=\/wp\/v2\/posts\/327884\/revisions"}],"predecessor-version":[{"id":327888,"href":"https:\/\/zakrasnejsivimperk.cz\/index.php?rest_route=\/wp\/v2\/posts\/327884\/revisions\/327888"}],"wp:featuredmedia":[{"embeddable":true,"href":"https:\/\/zakrasnejsivimperk.cz\/index.php?rest_route=\/wp\/v2\/media\/327885"}],"wp:attachment":[{"href":"https:\/\/zakrasnejsivimperk.cz\/index.php?rest_route=%2Fwp%2Fv2%2Fmedia&parent=327884"}],"wp:term":[{"taxonomy":"category","embeddable":true,"href":"https:\/\/zakrasnejsivimperk.cz\/index.php?rest_route=%2Fwp%2Fv2%2Fcategories&post=327884"},{"taxonomy":"post_tag","embeddable":true,"href":"https:\/\/zakrasnejsivimperk.cz\/index.php?rest_route=%2Fwp%2Fv2%2Ftags&post=327884"}],"curies":[{"name":"wp","href":"https:\/\/api.w.org\/{rel}","templated":true}]}}