{"id":327793,"date":"2024-11-06T13:41:02","date_gmt":"2024-11-06T12:41:02","guid":{"rendered":"https:\/\/zakrasnejsivimperk.cz\/?p=327793"},"modified":"2024-11-06T13:42:25","modified_gmt":"2024-11-06T12:42:25","slug":"z-prvni-ruky-mf-dnes-proc-je-dnes-maslo-luxusni-potravina","status":"publish","type":"post","link":"https:\/\/zakrasnejsivimperk.cz\/?p=327793","title":{"rendered":"Z PRVN\u00cd RUKY: MF DNES &#8211; Pro\u010d je dnes m\u00e1slo luxusn\u00ed potravina"},"content":{"rendered":"<div class=\"perex\">\n<div class=\"container-fluid-off\">\n<div class=\"row-off\">\n<div class=\"col-md-12\">\n<h6><img loading=\"lazy\" decoding=\"async\" class=\"size-medium wp-image-143497 alignleft\" src=\"https:\/\/zakrasnejsivimperk.cz\/wp-content\/uploads\/2018\/10\/20\/mf-dnes-logo-300x109.png\" alt=\"\" width=\"300\" height=\"109\" srcset=\"https:\/\/zakrasnejsivimperk.cz\/wp-content\/uploads\/2018\/10\/20\/mf-dnes-logo-300x109.png 300w, https:\/\/zakrasnejsivimperk.cz\/wp-content\/uploads\/2018\/10\/20\/mf-dnes-logo-768x279.png 768w, https:\/\/zakrasnejsivimperk.cz\/wp-content\/uploads\/2018\/10\/20\/mf-dnes-logo-1024x373.png 1024w, https:\/\/zakrasnejsivimperk.cz\/wp-content\/uploads\/2018\/10\/20\/mf-dnes-logo-981x357.png 981w, https:\/\/zakrasnejsivimperk.cz\/wp-content\/uploads\/2018\/10\/20\/mf-dnes-logo-1328x483.png 1328w\" sizes=\"(max-width: 300px) 100vw, 300px\" \/>5. 11. 2024 &#8211; Mlad\u00e1 fronta DNES\/Hovory z l\u00e1n(\u016f) &#8211; Venku se prudce ochladilo, svat\u00fd Martin je u\u017e p\u0159\u00ed\u0161t\u00ed t\u00fdden a sezona steak\u016f a grilov\u00e1n\u00ed se n\u00e1m definitivn\u011b m\u011bn\u00ed na dobu pe\u010den\u00ed. V\u0161imli si toho i obchodn\u00edci, a v\u00fdrazn\u011b proto nav\u00fd\u0161ili cenu m\u00e1sla.<\/h6>\n<\/div>\n<\/div>\n<\/div>\n<\/div>\n<div class=\"news_text\">\n<div class=\"container-fluid-off articles_detail_text\">\n<div class=\"row-off\">\n<div class=\"col-md-12\">\n<p>V\u00fdjimkou nejsou cenovky kolem 75 korun za 250gramov\u00e9 balen\u00ed, co\u017e je proti lo\u0148sk\u00fdm pr\u016fm\u011brn\u00fdm 50 korun\u00e1m n\u00e1r\u016fst o slu\u0161n\u00fdch, v tomto p\u0159\u00edpad\u011b sp\u00ed\u0161e neslu\u0161n\u00fdch 50 procent. Kdyby to n\u00e1hodou cht\u011bli lobbist\u00e9 n\u011bmeck\u00fdch \u0159et\u011bzc\u016f jako obvykle hodit na \u010desk\u00e9 zem\u011bd\u011blce, a\u0165 vysv\u011btl\u00ed skute\u010dnost, \u017ee v \u010cesku je cena ml\u00e9ka \u010dtvrt\u00e1 nejni\u017e\u0161\u00ed v cel\u00e9 EU a za rok se nav\u00fd\u0161ila pouze o 4,8 procent, nikoliv o 50 procent.<\/p>\n<p>Podobn\u00e1 diskuse nicm\u00e9n\u011b prob\u00edh\u00e1 i v sousedn\u00edm N\u011bmecku, kde se cena m\u00e1sla dnes pohybuje okolo 2,4 eura, tedy asi 60 korun. A\u010d si pr\u016fm\u011brn\u00fd N\u011bmec m\u016f\u017ee z pr\u016fm\u011brn\u00e9ho platu (pokud bychom neuva\u017eovali zdan\u011bn\u00ed) koupit t\u00e9m\u011b\u0159 400 kilo m\u00e1sla, zat\u00edmco pr\u016fm\u011brn\u00fd \u010cech aktu\u00e1ln\u011b pouze 150 kilo, je i u z\u00e1padn\u00edch soused\u016f poprask na vsi.<\/p>\n<p>Tamn\u00ed m\u00e9dia se nicm\u00e9n\u011b k cel\u00e9 z\u00e1le\u017eitosti stav\u00ed objektivn\u011b. Jako hlavn\u00ed p\u0159\u00ed\u010dinu spr\u00e1vn\u011b identifikuj\u00ed rostouc\u00ed popt\u00e1vku a klesaj\u00edc\u00ed nab\u00eddku. Jen od roku 2022 toti\u017e v N\u011bmecku klesl po\u010det dojnic o t\u00e9m\u011b\u0159 100 tis\u00edc, co\u017e by pro p\u0159edstavu byla t\u00e9m\u011b\u0159 t\u0159etina \u010desk\u00e9ho st\u00e1da dojnic.<\/p>\n<p>T\u011bchto sto tis\u00edc dojnic by pak ro\u010dn\u011b vyprodukovalo jednu miliardu litr\u016f ml\u00e9ka, z \u010deho\u017e by mohly ml\u00e9k\u00e1rny vyrobit cca 45 tis\u00edc tun m\u00e1sla. To by t\u00e9m\u011b\u0159 pokrylo ro\u010dn\u00ed \u010deskou spot\u0159ebu m\u00e1sla, kter\u00e1 se pohybuje n\u011bkde kolem 50 tis\u00edc tun. Tohle m\u00e1slo, ale tak\u00e9 n\u00edzkotu\u010dn\u00e9 ml\u00e9ko na p\u0159\u00edmou spot\u0159ebu nebo na produkci jogurt\u016f \u010di tvaroh\u016f te\u010f na trhu chyb\u00ed.<\/p>\n<p>V Evrop\u011b letos po\u010det dojen\u00fdch krav poprv\u00e9 klesl pod 20 milion\u016f, p\u0159ed deseti lety to p\u0159itom bylo v\u00edc ne\u017e 23 milion\u016f. V mezi\u010dase se samoz\u0159ejm\u011b nav\u00fd\u0161ila u\u017eitkovost (dojivost), kter\u00e1 produkci ml\u00e9ka podr\u017eela, ale trend je jasn\u00fd.<\/p>\n<p>Z trhu odpad\u00e1vaj\u00ed chovatel\u00e9, kter\u00e9 drt\u00ed vy\u0161\u0161\u00ed n\u00e1klady na chov, byrokracie a tak\u00e9 evropsk\u00fd hon za klimatick\u00fdmi c\u00edli. Metan, kter\u00fd kr\u00e1vy jako p\u0159e\u017ev\u00fdkavci produkuj\u00ed jedn\u00edm koncem tr\u00e1vic\u00ed soustavy a kter\u00fd je pro zm\u011bnu klimatu 28kr\u00e1t \u0161kodliv\u011bj\u0161\u00ed ne\u017e uhl\u00edk, je dnes v Evrop\u011b probl\u00e9m \u010d\u00edslo jedna a takov\u00e9 Holandsko kv\u016fli tomu vykupuje farmy a m\u011bn\u00ed je t\u0159eba na skateparky.<\/p>\n<p>Kandid\u00e1t na eurokomisa\u0159e pro zem\u011bd\u011blstv\u00ed a potraviny Christophe Hansen b\u011bhem tohoto t\u00fddne podstupuje jako ostatn\u00ed kandid\u00e1ti tzv. ve\u0159ejn\u00e9 sly\u0161en\u00ed v evropsk\u00e9m parlamentu, kter\u00e9mu se v bruselsk\u00e9m \u017eargonu \u0159\u00edk\u00e1 \u201egrilov\u00e1n\u00ed\u201c. V Bruselu se nicm\u00e9n\u011b negriluje na uhl\u00ed, ale na uhl\u00edku. Ceny potravin jsou v t\u011bchto sly\u0161en\u00edch tabu. Jen abychom se za p\u00e1r let nedivili, \u017ee se nejen m\u00e1slo st\u00e1v\u00e1 luxusn\u00ed potravinou.<\/p>\n<p><strong>Autor: Jan Dole\u017eal, prezident Agr\u00e1rn\u00ed komory \u010cR<\/strong><\/p>\n<p>(Zdroj: Agr\u00e1rn\u00ed komora \u010cR)<\/p>\n<\/div>\n<\/div>\n<\/div>\n<\/div>\n<hr \/>\n<p>&nbsp;<\/p>\n<h6>Informujeme:<\/h6>\n<h4 class=\"entry-title\"><a href=\"https:\/\/zakrasnejsivimperk.cz\/?p=327781\" target=\"_blank\" rel=\"noopener\">Lesy \u010cR se Spr\u00e1vou \u017eeleznic cht\u011bj\u00ed urychlit p\u0159\u00edpravu staveb i budov\u00e1n\u00ed strategick\u00e9 infrastruktury<\/a><\/h4>\n<h4 class=\"entry-title\"><a href=\"https:\/\/zakrasnejsivimperk.cz\/?p=327763\" target=\"_blank\" rel=\"noopener\">Stavebn\u00ed produkce v z\u00e1\u0159\u00ed klesla<\/a><\/h4>\n<h4 class=\"entry-title\"><a href=\"https:\/\/zakrasnejsivimperk.cz\/?p=327751\" target=\"_blank\" rel=\"noopener\">Pr\u016fmyslov\u00e1 produkce v\u202fz\u00e1\u0159\u00ed meziro\u010dn\u011b m\u00edrn\u011b vzrostla<\/a><\/h4>\n<h4 class=\"entry-title\"><a href=\"https:\/\/zakrasnejsivimperk.cz\/?p=327735\" target=\"_blank\" rel=\"noopener\">P\u0158E\u010cT\u011aTE SI U N\u00c1S: Den\u00edk Metro \u2013 6. listopadu 2024<\/a><\/h4>\n<h4 class=\"entry-title\"><a href=\"https:\/\/zakrasnejsivimperk.cz\/?p=327688\" target=\"_blank\" rel=\"noopener\">Z PRVN\u00cd RUKY: \u00da\u0159ad pr\u00e1ce zve\u0159ejnil seznam pobo\u010dek ke zru\u0161en\u00ed<\/a><\/h4>\n<h4 class=\"entry-title\"><a href=\"https:\/\/zakrasnejsivimperk.cz\/?p=327597\" target=\"_blank\" rel=\"noopener\">Podzimn\u00ed pr\u00e1zdniny vytvo\u0159ily um\u011bl\u00fd pokles v po\u010dtech hl\u00e1\u0161en\u00fdch respira\u010dn\u00edch infekc\u00ed<\/a><\/h4>\n<h4 class=\"entry-title\"><a href=\"https:\/\/zakrasnejsivimperk.cz\/?p=327590\" target=\"_blank\" rel=\"noopener\">P\u0158E\u010cT\u011aTE SI U N\u00c1S: Den\u00edk Metro \u2013 5. listopadu 2024<\/a><\/h4>\n<h4 class=\"entry-title\"><a href=\"https:\/\/zakrasnejsivimperk.cz\/?p=327537\" target=\"_blank\" rel=\"noopener\">Kl\u00ed\u010dov\u00e9 rysy v\u00fdvoje hlavy obratlovc\u016f maj\u00ed sv\u016fj p\u016fvod u spole\u010dn\u00e9ho p\u0159edka<\/a><\/h4>\n<h4 class=\"entry-title\"><a href=\"https:\/\/zakrasnejsivimperk.cz\/?p=327497\" target=\"_blank\" rel=\"noopener\">Cizinci \u017eij\u00edc\u00ed v \u010cesku netvo\u0159\u00ed homogenn\u00ed skupinu<\/a><\/h4>\n<h4 class=\"entry-title\"><a href=\"https:\/\/zakrasnejsivimperk.cz\/?p=327481\" target=\"_blank\" rel=\"noopener\">V Jiho\u010desk\u00e9m kraji bylo k 44. t\u00fddnu potvrzeno 3 062 p\u0159\u00edpad\u016f \u010dern\u00e9ho ka\u0161le, v minul\u00e9m t\u00fddnu p\u0159ibylo 23 nov\u00fdch p\u0159\u00edpad\u016f<\/a><\/h4>\n<h4 class=\"entry-title\"><a href=\"https:\/\/zakrasnejsivimperk.cz\/?p=327474\" target=\"_blank\" rel=\"noopener\">P\u0158E\u010cT\u011aTE SI U N\u00c1S: Den\u00edk Metro \u2013 4. listopadu 2024<\/a><\/h4>\n<h4 class=\"entry-title\"><a href=\"https:\/\/zakrasnejsivimperk.cz\/?p=327442\" target=\"_blank\" rel=\"noopener\">Ch\u0159est z na\u0161ich pol\u00ed \u010cech\u016fm chutn\u00e1. Letos ho \u0161lo do obchod\u016f 182 tun, nejlep\u0161\u00ed prodejci z\u00edskali ocen\u011bn\u00ed<\/a><\/h4>\n<h4 class=\"entry-title\"><a href=\"https:\/\/zakrasnejsivimperk.cz\/?p=327306\" target=\"_blank\" rel=\"noopener\">Potravin\u00e1\u0159sk\u00e1 inspekce zjistila dal\u0161\u00ed produkt s obsahem muscimolu \u2013 halucinogenu z muchom\u016frky \u010derven\u00e9<\/a><\/h4>\n<h4 class=\"entry-title\"><a href=\"https:\/\/zakrasnejsivimperk.cz\/?p=327233\" target=\"_blank\" rel=\"noopener\">Plynu je v tuzemsk\u00fdch z\u00e1sobn\u00edc\u00edch p\u0159ed zimou dostatek. Napln\u011bny jsou z 93 procent<\/a><\/h4>\n<h4 class=\"entry-title\"><a href=\"https:\/\/zakrasnejsivimperk.cz\/?p=327207\" target=\"_blank\" rel=\"noopener\">\u201eUk\u00e1zat lidem faktury \u2013 to maj\u00ed zak\u00e1z\u00e1no.\u201c Pravda o drah\u00e9m m\u00e1sle p\u0159\u00edmo z bran\u017ee<\/a><\/h4>\n<hr \/>\n<p>&nbsp;<\/p>\n","protected":false},"excerpt":{"rendered":"<p>5. 11. <\/p>\n","protected":false},"author":2,"featured_media":327794,"comment_status":"open","ping_status":"open","sticky":false,"template":"","format":"gallery","meta":{"footnotes":""},"categories":[70],"tags":[],"jetpack_featured_media_url":"https:\/\/zakrasnejsivimperk.cz\/wp-content\/uploads\/2024\/11\/06\/z-ruky-maslo.jpg","_links":{"self":[{"href":"https:\/\/zakrasnejsivimperk.cz\/index.php?rest_route=\/wp\/v2\/posts\/327793"}],"collection":[{"href":"https:\/\/zakrasnejsivimperk.cz\/index.php?rest_route=\/wp\/v2\/posts"}],"about":[{"href":"https:\/\/zakrasnejsivimperk.cz\/index.php?rest_route=\/wp\/v2\/types\/post"}],"author":[{"embeddable":true,"href":"https:\/\/zakrasnejsivimperk.cz\/index.php?rest_route=\/wp\/v2\/users\/2"}],"replies":[{"embeddable":true,"href":"https:\/\/zakrasnejsivimperk.cz\/index.php?rest_route=%2Fwp%2Fv2%2Fcomments&post=327793"}],"version-history":[{"count":3,"href":"https:\/\/zakrasnejsivimperk.cz\/index.php?rest_route=\/wp\/v2\/posts\/327793\/revisions"}],"predecessor-version":[{"id":327797,"href":"https:\/\/zakrasnejsivimperk.cz\/index.php?rest_route=\/wp\/v2\/posts\/327793\/revisions\/327797"}],"wp:featuredmedia":[{"embeddable":true,"href":"https:\/\/zakrasnejsivimperk.cz\/index.php?rest_route=\/wp\/v2\/media\/327794"}],"wp:attachment":[{"href":"https:\/\/zakrasnejsivimperk.cz\/index.php?rest_route=%2Fwp%2Fv2%2Fmedia&parent=327793"}],"wp:term":[{"taxonomy":"category","embeddable":true,"href":"https:\/\/zakrasnejsivimperk.cz\/index.php?rest_route=%2Fwp%2Fv2%2Fcategories&post=327793"},{"taxonomy":"post_tag","embeddable":true,"href":"https:\/\/zakrasnejsivimperk.cz\/index.php?rest_route=%2Fwp%2Fv2%2Ftags&post=327793"}],"curies":[{"name":"wp","href":"https:\/\/api.w.org\/{rel}","templated":true}]}}