{"id":327781,"date":"2024-11-06T12:47:12","date_gmt":"2024-11-06T11:47:12","guid":{"rendered":"https:\/\/zakrasnejsivimperk.cz\/?p=327781"},"modified":"2024-11-06T12:47:12","modified_gmt":"2024-11-06T11:47:12","slug":"z-prvni-ruky-lesy-cr-se-spravou-zeleznic-chteji-urychlit-pripravu-staveb-i-budovani-strategicke-infrastruktury","status":"publish","type":"post","link":"https:\/\/zakrasnejsivimperk.cz\/?p=327781","title":{"rendered":"Z PRVN\u00cd RUKY: Lesy \u010cR se Spr\u00e1vou \u017eeleznic  cht\u011bj\u00ed urychlit p\u0159\u00edpravu staveb i budov\u00e1n\u00ed strategick\u00e9 infrastruktury"},"content":{"rendered":"<p><img loading=\"lazy\" decoding=\"async\" class=\"aligncenter wp-image-327783 size-full\" src=\"https:\/\/zakrasnejsivimperk.cz\/wp-content\/uploads\/2024\/11\/06\/Lesy-CR-se-Spravou-zeleznic-chteji-urychlit-pripravu-staveb-2.jpg\" alt=\"\" width=\"1280\" height=\"853\" srcset=\"https:\/\/zakrasnejsivimperk.cz\/wp-content\/uploads\/2024\/11\/06\/Lesy-CR-se-Spravou-zeleznic-chteji-urychlit-pripravu-staveb-2.jpg 1280w, https:\/\/zakrasnejsivimperk.cz\/wp-content\/uploads\/2024\/11\/06\/Lesy-CR-se-Spravou-zeleznic-chteji-urychlit-pripravu-staveb-2-300x200.jpg 300w, https:\/\/zakrasnejsivimperk.cz\/wp-content\/uploads\/2024\/11\/06\/Lesy-CR-se-Spravou-zeleznic-chteji-urychlit-pripravu-staveb-2-1024x682.jpg 1024w, https:\/\/zakrasnejsivimperk.cz\/wp-content\/uploads\/2024\/11\/06\/Lesy-CR-se-Spravou-zeleznic-chteji-urychlit-pripravu-staveb-2-768x512.jpg 768w, https:\/\/zakrasnejsivimperk.cz\/wp-content\/uploads\/2024\/11\/06\/Lesy-CR-se-Spravou-zeleznic-chteji-urychlit-pripravu-staveb-2-536x357.jpg 536w, https:\/\/zakrasnejsivimperk.cz\/wp-content\/uploads\/2024\/11\/06\/Lesy-CR-se-Spravou-zeleznic-chteji-urychlit-pripravu-staveb-2-725x483.jpg 725w\" sizes=\"(max-width: 1280px) 100vw, 1280px\" \/><\/p>\n<p>&nbsp;<\/p>\n<h6>Hradec Kr\u00e1lov\u00e9, 6. listopadu 2024 \u2013 Dohodu o postupu p\u0159i majetkopr\u00e1vn\u00edm vypo\u0159\u00e1d\u00e1n\u00ed podepsali ve st\u0159edu 6. listopadu v Praze gener\u00e1ln\u00ed \u0159editel Les\u016f \u010cR Dalibor \u0160afa\u0159\u00edk a gener\u00e1ln\u00ed \u0159editel Spr\u00e1vy \u017eeleznic Ji\u0159\u00ed Svoboda.<\/h6>\n<p><img loading=\"lazy\" decoding=\"async\" class=\"size-medium wp-image-197905 alignright\" src=\"https:\/\/zakrasnejsivimperk.cz\/wp-content\/uploads\/2020\/07\/20\/spr\u00e1va-\u017eeleznic-logo-300x120.jpg\" alt=\"\" width=\"300\" height=\"120\" srcset=\"https:\/\/zakrasnejsivimperk.cz\/wp-content\/uploads\/2020\/07\/20\/spr\u00e1va-\u017eeleznic-logo-300x120.jpg 300w, https:\/\/zakrasnejsivimperk.cz\/wp-content\/uploads\/2020\/07\/20\/spr\u00e1va-\u017eeleznic-logo-768x307.jpg 768w, https:\/\/zakrasnejsivimperk.cz\/wp-content\/uploads\/2020\/07\/20\/spr\u00e1va-\u017eeleznic-logo.jpg 1024w, https:\/\/zakrasnejsivimperk.cz\/wp-content\/uploads\/2020\/07\/20\/spr\u00e1va-\u017eeleznic-logo-894x357.jpg 894w\" sizes=\"(max-width: 300px) 100vw, 300px\" \/><img loading=\"lazy\" decoding=\"async\" class=\"size-medium wp-image-136995 alignleft\" src=\"https:\/\/zakrasnejsivimperk.cz\/wp-content\/uploads\/2018\/08\/03\/logo-lesy-cr-300x134.gif\" alt=\"\" width=\"300\" height=\"134\" srcset=\"https:\/\/zakrasnejsivimperk.cz\/wp-content\/uploads\/2018\/08\/03\/logo-lesy-cr-300x134.gif 300w, https:\/\/zakrasnejsivimperk.cz\/wp-content\/uploads\/2018\/08\/03\/logo-lesy-cr-745x333.gif 745w\" sizes=\"(max-width: 300px) 100vw, 300px\" \/>Dokument vymezuje pravidla majetkopr\u00e1vn\u00edho vypo\u0159\u00e1d\u00e1n\u00ed u pozemk\u016f dot\u010den\u00fdch stavbami \u017eelezni\u010dn\u00ed dr\u00e1hy. Jde o zp\u016fsob spolupr\u00e1ce i vz\u00e1jemn\u00e1 pr\u00e1va a povinnosti v p\u0159\u00edpadech, kdy se investorsk\u00e9 \u010dinnosti Spr\u00e1vy \u017eeleznic dot\u00fdkaj\u00ed majetku Les\u016f \u010cR.<\/p>\n<p><em>\u201eChceme tak zejm\u00e9na pomoci urychlit p\u0159\u00edpravu staveb, jejich\u017e investorem je Spr\u00e1va \u017eeleznic, ale i v\u00fdstavbu strategicky v\u00fdznamn\u00e9 infrastruktury,\u201c<\/em> \u0159ekl Dalibor \u0160afa\u0159\u00edk.<\/p>\n<p><em>\u201eNa\u0161\u00ed prioritou je zajistit efektivn\u00ed a transparentn\u00ed spolupr\u00e1ci p\u0159i v\u00fdstavb\u011b infrastruktury, kter\u00e1 p\u0159isp\u011bje k rozvoji na\u0161\u00ed \u017eelezni\u010dn\u00ed s\u00edt\u011b a podpo\u0159\u00ed bezpe\u010dnost a komfort cestuj\u00edc\u00edch,\u201c<\/em> uvedl Ji\u0159\u00ed Svoboda.<\/p>\n<p>Oba podniky si po lo\u0148sk\u00e9m \u010dervnov\u00e9m podpisu spole\u010dn\u00e9ho memoranda p\u0159ed\u00e1vaj\u00ed informace, nap\u0159\u00edklad o pl\u00e1novan\u00fdch prohl\u00eddk\u00e1ch trat\u00ed, kontrole bezpe\u010dnosti porost\u016f u \u017eeleznice i nutn\u00e9m odstran\u011bn\u00ed d\u0159evin v ochrann\u00e9m p\u00e1smu dr\u00e1hy. Dohoda na memorandum navazuje.<\/p>\n<p>&nbsp;<\/p>\n<p><strong>Text a foto: (tz-l\u010dr)<\/strong><\/p>\n<p>&nbsp;<\/p>\n<p><img loading=\"lazy\" decoding=\"async\" class=\"aligncenter wp-image-327782 size-full\" src=\"https:\/\/zakrasnejsivimperk.cz\/wp-content\/uploads\/2024\/11\/06\/Lesy-CR-se-Spravou-zeleznic-chteji-urychlit-pripravu-staveb-1.jpg\" alt=\"\" width=\"1367\" height=\"911\" srcset=\"https:\/\/zakrasnejsivimperk.cz\/wp-content\/uploads\/2024\/11\/06\/Lesy-CR-se-Spravou-zeleznic-chteji-urychlit-pripravu-staveb-1.jpg 1367w, https:\/\/zakrasnejsivimperk.cz\/wp-content\/uploads\/2024\/11\/06\/Lesy-CR-se-Spravou-zeleznic-chteji-urychlit-pripravu-staveb-1-300x200.jpg 300w, https:\/\/zakrasnejsivimperk.cz\/wp-content\/uploads\/2024\/11\/06\/Lesy-CR-se-Spravou-zeleznic-chteji-urychlit-pripravu-staveb-1-1024x682.jpg 1024w, https:\/\/zakrasnejsivimperk.cz\/wp-content\/uploads\/2024\/11\/06\/Lesy-CR-se-Spravou-zeleznic-chteji-urychlit-pripravu-staveb-1-768x512.jpg 768w, https:\/\/zakrasnejsivimperk.cz\/wp-content\/uploads\/2024\/11\/06\/Lesy-CR-se-Spravou-zeleznic-chteji-urychlit-pripravu-staveb-1-536x357.jpg 536w, https:\/\/zakrasnejsivimperk.cz\/wp-content\/uploads\/2024\/11\/06\/Lesy-CR-se-Spravou-zeleznic-chteji-urychlit-pripravu-staveb-1-725x483.jpg 725w\" sizes=\"(max-width: 1367px) 100vw, 1367px\" \/><\/p>\n<p>&nbsp;<\/p>\n<p><img loading=\"lazy\" decoding=\"async\" class=\"aligncenter wp-image-327784 size-full\" src=\"https:\/\/zakrasnejsivimperk.cz\/wp-content\/uploads\/2024\/11\/06\/Lesy-CR-se-Spravou-zeleznic-chteji-urychlit-pripravu-staveb-3.jpg\" alt=\"\" width=\"1367\" height=\"911\" srcset=\"https:\/\/zakrasnejsivimperk.cz\/wp-content\/uploads\/2024\/11\/06\/Lesy-CR-se-Spravou-zeleznic-chteji-urychlit-pripravu-staveb-3.jpg 1367w, https:\/\/zakrasnejsivimperk.cz\/wp-content\/uploads\/2024\/11\/06\/Lesy-CR-se-Spravou-zeleznic-chteji-urychlit-pripravu-staveb-3-300x200.jpg 300w, https:\/\/zakrasnejsivimperk.cz\/wp-content\/uploads\/2024\/11\/06\/Lesy-CR-se-Spravou-zeleznic-chteji-urychlit-pripravu-staveb-3-1024x682.jpg 1024w, https:\/\/zakrasnejsivimperk.cz\/wp-content\/uploads\/2024\/11\/06\/Lesy-CR-se-Spravou-zeleznic-chteji-urychlit-pripravu-staveb-3-768x512.jpg 768w, https:\/\/zakrasnejsivimperk.cz\/wp-content\/uploads\/2024\/11\/06\/Lesy-CR-se-Spravou-zeleznic-chteji-urychlit-pripravu-staveb-3-536x357.jpg 536w, https:\/\/zakrasnejsivimperk.cz\/wp-content\/uploads\/2024\/11\/06\/Lesy-CR-se-Spravou-zeleznic-chteji-urychlit-pripravu-staveb-3-725x483.jpg 725w\" sizes=\"(max-width: 1367px) 100vw, 1367px\" \/><\/p>\n<hr \/>\n<p>&nbsp;<\/p>\n<h6>Informujeme:<\/h6>\n<h4 class=\"entry-title\"><a href=\"https:\/\/zakrasnejsivimperk.cz\/?p=327763\" target=\"_blank\" rel=\"noopener\">Stavebn\u00ed produkce v z\u00e1\u0159\u00ed klesla<\/a><\/h4>\n<h4 class=\"entry-title\"><a href=\"https:\/\/zakrasnejsivimperk.cz\/?p=327751\" target=\"_blank\" rel=\"noopener\">Pr\u016fmyslov\u00e1 produkce v\u202fz\u00e1\u0159\u00ed meziro\u010dn\u011b m\u00edrn\u011b vzrostla<\/a><\/h4>\n<h4 class=\"entry-title\"><a href=\"https:\/\/zakrasnejsivimperk.cz\/?p=327735\" target=\"_blank\" rel=\"noopener\">P\u0158E\u010cT\u011aTE SI U N\u00c1S: Den\u00edk Metro \u2013 6. listopadu 2024<\/a><\/h4>\n<h4 class=\"entry-title\"><a href=\"https:\/\/zakrasnejsivimperk.cz\/?p=327688\" target=\"_blank\" rel=\"noopener\">Z PRVN\u00cd RUKY: \u00da\u0159ad pr\u00e1ce zve\u0159ejnil seznam pobo\u010dek ke zru\u0161en\u00ed<\/a><\/h4>\n<h4 class=\"entry-title\"><a href=\"https:\/\/zakrasnejsivimperk.cz\/?p=327597\" target=\"_blank\" rel=\"noopener\">Podzimn\u00ed pr\u00e1zdniny vytvo\u0159ily um\u011bl\u00fd pokles v po\u010dtech hl\u00e1\u0161en\u00fdch respira\u010dn\u00edch infekc\u00ed<\/a><\/h4>\n<h4 class=\"entry-title\"><a href=\"https:\/\/zakrasnejsivimperk.cz\/?p=327590\" target=\"_blank\" rel=\"noopener\">P\u0158E\u010cT\u011aTE SI U N\u00c1S: Den\u00edk Metro \u2013 5. listopadu 2024<\/a><\/h4>\n<h4 class=\"entry-title\"><a href=\"https:\/\/zakrasnejsivimperk.cz\/?p=327537\" target=\"_blank\" rel=\"noopener\">Kl\u00ed\u010dov\u00e9 rysy v\u00fdvoje hlavy obratlovc\u016f maj\u00ed sv\u016fj p\u016fvod u spole\u010dn\u00e9ho p\u0159edka<\/a><\/h4>\n<h4 class=\"entry-title\"><a href=\"https:\/\/zakrasnejsivimperk.cz\/?p=327497\" target=\"_blank\" rel=\"noopener\">Cizinci \u017eij\u00edc\u00ed v \u010cesku netvo\u0159\u00ed homogenn\u00ed skupinu<\/a><\/h4>\n<h4 class=\"entry-title\"><a href=\"https:\/\/zakrasnejsivimperk.cz\/?p=327481\" target=\"_blank\" rel=\"noopener\">V Jiho\u010desk\u00e9m kraji bylo k 44. t\u00fddnu potvrzeno 3 062 p\u0159\u00edpad\u016f \u010dern\u00e9ho ka\u0161le, v minul\u00e9m t\u00fddnu p\u0159ibylo 23 nov\u00fdch p\u0159\u00edpad\u016f<\/a><\/h4>\n<h4 class=\"entry-title\"><a href=\"https:\/\/zakrasnejsivimperk.cz\/?p=327474\" target=\"_blank\" rel=\"noopener\">P\u0158E\u010cT\u011aTE SI U N\u00c1S: Den\u00edk Metro \u2013 4. listopadu 2024<\/a><\/h4>\n<h4 class=\"entry-title\"><a href=\"https:\/\/zakrasnejsivimperk.cz\/?p=327442\" target=\"_blank\" rel=\"noopener\">Ch\u0159est z na\u0161ich pol\u00ed \u010cech\u016fm chutn\u00e1. Letos ho \u0161lo do obchod\u016f 182 tun, nejlep\u0161\u00ed prodejci z\u00edskali ocen\u011bn\u00ed<\/a><\/h4>\n<h4 class=\"entry-title\"><a href=\"https:\/\/zakrasnejsivimperk.cz\/?p=327306\" target=\"_blank\" rel=\"noopener\">Potravin\u00e1\u0159sk\u00e1 inspekce zjistila dal\u0161\u00ed produkt s obsahem muscimolu \u2013 halucinogenu z muchom\u016frky \u010derven\u00e9<\/a><\/h4>\n<h4 class=\"entry-title\"><a href=\"https:\/\/zakrasnejsivimperk.cz\/?p=327233\" target=\"_blank\" rel=\"noopener\">Plynu je v tuzemsk\u00fdch z\u00e1sobn\u00edc\u00edch p\u0159ed zimou dostatek. Napln\u011bny jsou z 93 procent<\/a><\/h4>\n<h4 class=\"entry-title\"><a href=\"https:\/\/zakrasnejsivimperk.cz\/?p=327207\" target=\"_blank\" rel=\"noopener\">\u201eUk\u00e1zat lidem faktury \u2013 to maj\u00ed zak\u00e1z\u00e1no.\u201c Pravda o drah\u00e9m m\u00e1sle p\u0159\u00edmo z bran\u017ee<\/a><\/h4>\n<hr \/>\n<p>&nbsp;<\/p>\n","protected":false},"excerpt":{"rendered":"<p>&nbsp; Hradec <\/p>\n","protected":false},"author":2,"featured_media":327785,"comment_status":"open","ping_status":"open","sticky":false,"template":"","format":"gallery","meta":{"footnotes":""},"categories":[70],"tags":[],"jetpack_featured_media_url":"https:\/\/zakrasnejsivimperk.cz\/wp-content\/uploads\/2024\/11\/06\/z-ruky-lesy.jpg","_links":{"self":[{"href":"https:\/\/zakrasnejsivimperk.cz\/index.php?rest_route=\/wp\/v2\/posts\/327781"}],"collection":[{"href":"https:\/\/zakrasnejsivimperk.cz\/index.php?rest_route=\/wp\/v2\/posts"}],"about":[{"href":"https:\/\/zakrasnejsivimperk.cz\/index.php?rest_route=\/wp\/v2\/types\/post"}],"author":[{"embeddable":true,"href":"https:\/\/zakrasnejsivimperk.cz\/index.php?rest_route=\/wp\/v2\/users\/2"}],"replies":[{"embeddable":true,"href":"https:\/\/zakrasnejsivimperk.cz\/index.php?rest_route=%2Fwp%2Fv2%2Fcomments&post=327781"}],"version-history":[{"count":1,"href":"https:\/\/zakrasnejsivimperk.cz\/index.php?rest_route=\/wp\/v2\/posts\/327781\/revisions"}],"predecessor-version":[{"id":327786,"href":"https:\/\/zakrasnejsivimperk.cz\/index.php?rest_route=\/wp\/v2\/posts\/327781\/revisions\/327786"}],"wp:featuredmedia":[{"embeddable":true,"href":"https:\/\/zakrasnejsivimperk.cz\/index.php?rest_route=\/wp\/v2\/media\/327785"}],"wp:attachment":[{"href":"https:\/\/zakrasnejsivimperk.cz\/index.php?rest_route=%2Fwp%2Fv2%2Fmedia&parent=327781"}],"wp:term":[{"taxonomy":"category","embeddable":true,"href":"https:\/\/zakrasnejsivimperk.cz\/index.php?rest_route=%2Fwp%2Fv2%2Fcategories&post=327781"},{"taxonomy":"post_tag","embeddable":true,"href":"https:\/\/zakrasnejsivimperk.cz\/index.php?rest_route=%2Fwp%2Fv2%2Ftags&post=327781"}],"curies":[{"name":"wp","href":"https:\/\/api.w.org\/{rel}","templated":true}]}}