{"id":327751,"date":"2024-11-06T09:44:26","date_gmt":"2024-11-06T08:44:26","guid":{"rendered":"https:\/\/zakrasnejsivimperk.cz\/?p=327751"},"modified":"2024-11-06T09:44:26","modified_gmt":"2024-11-06T08:44:26","slug":"z-prvni-ruky-prumyslova-produkce-v-zari-mezirocne-mirne-vzrostla","status":"publish","type":"post","link":"https:\/\/zakrasnejsivimperk.cz\/?p=327751","title":{"rendered":"Z PRVN\u00cd RUKY: Pr\u016fmyslov\u00e1 produkce v\u202fz\u00e1\u0159\u00ed meziro\u010dn\u011b m\u00edrn\u011b vzrostla"},"content":{"rendered":"<h6><b><img loading=\"lazy\" decoding=\"async\" class=\"size-medium wp-image-219756 alignleft\" src=\"https:\/\/zakrasnejsivimperk.cz\/wp-content\/uploads\/2021\/03\/29\/\u010ds\u00fa-logo-300x81.png\" alt=\"\" width=\"300\" height=\"81\" srcset=\"https:\/\/zakrasnejsivimperk.cz\/wp-content\/uploads\/2021\/03\/29\/\u010ds\u00fa-logo-300x81.png 300w, https:\/\/zakrasnejsivimperk.cz\/wp-content\/uploads\/2021\/03\/29\/\u010ds\u00fa-logo-768x208.png 768w, https:\/\/zakrasnejsivimperk.cz\/wp-content\/uploads\/2021\/03\/29\/\u010ds\u00fa-logo-1024x277.png 1024w, https:\/\/zakrasnejsivimperk.cz\/wp-content\/uploads\/2021\/03\/29\/\u010ds\u00fa-logo.png 1280w\" sizes=\"(max-width: 300px) 100vw, 300px\" \/>Pr\u016fmyslov\u00e1 produkce v\u202fz\u00e1\u0159\u00ed meziro\u010dn\u011b re\u00e1ln\u011b vzrostla o 0,8 %. Mezim\u011bs\u00ed\u010dn\u011b byla ni\u017e\u0161\u00ed o\u202f1,1 %. Hodnota nov\u00fdch zak\u00e1zek meziro\u010dn\u011b vzrostla o 5,1 %.<\/b><\/h6>\n<p><i>\u201ePr\u016fmyslovou produkci v\u202fz\u00e1\u0159\u00ed v\u202fm\u00edrn\u00e9m r\u016fstu udr\u017eela p\u0159edev\u0161\u00edm odv\u011btv\u00ed v\u00fdroby motorov\u00fdch vozidel a ostatn\u00edch dopravn\u00edch prost\u0159edk\u016f, zejm\u00e9na kolejov\u00fdch vozidel,\u201c\u00a0<\/i>\u0159\u00edk\u00e1 Radek Mat\u011bjka, \u0159editel odboru statistiky zem\u011bd\u011blstv\u00ed a lesnictv\u00ed, pr\u016fmyslu, stavebnictv\u00ed a\u202fenergetiky \u010cS\u00da.<\/p>\n<p><i>\u201eV z\u00e1\u0159\u00ed se op\u011bt poda\u0159ilo uzav\u0159\u00edt dlouhodob\u00e9 zak\u00e1zky podnik\u016fm ve v\u00fdrob\u011b ostatn\u00edch dopravn\u00edch prost\u0159edk\u016f a za\u0159\u00edzen\u00ed. Hodnota nov\u00fdch zak\u00e1zek vzrostla i ve v\u00fdrob\u011b po\u010d\u00edta\u010d\u016f, elektronick\u00fdch a optick\u00fdch p\u0159\u00edstroj\u016f a za\u0159\u00edzen\u00ed,\u201c<\/i>\u00a0\u0159\u00edk\u00e1 Veronika Dole\u017ealov\u00e1, vedouc\u00ed\u202fodd\u011blen\u00ed statistiky pr\u016fmyslu \u010cS\u00da.<\/p>\n<p>Podrobnosti: <strong><u><a id=\"-wm-OWAeb8d9c38-ac77-656c-7b12-645405552e85\" class=\"-wm-OWAAutoLink\" href=\"https:\/\/csu.gov.cz\/rychle-informace\/prumysl-zari-2024\" target=\"_blank\" rel=\"noopener\">https:\/\/csu.gov.cz\/rychle-informace\/prumysl-zari-2024<\/a><\/u><\/strong><\/p>\n<p><strong>(tz-\u010ds\u00fa)<\/strong><\/p>\n<hr \/>\n<p>&nbsp;<\/p>\n<h6>Informujeme:<\/h6>\n<h4 class=\"entry-title\"><a href=\"https:\/\/zakrasnejsivimperk.cz\/?p=327735\" target=\"_blank\" rel=\"noopener\">P\u0158E\u010cT\u011aTE SI U N\u00c1S: Den\u00edk Metro \u2013 6. listopadu 2024<\/a><\/h4>\n<h4 class=\"entry-title\"><a href=\"https:\/\/zakrasnejsivimperk.cz\/?p=327688\" target=\"_blank\" rel=\"noopener\">Z PRVN\u00cd RUKY: \u00da\u0159ad pr\u00e1ce zve\u0159ejnil seznam pobo\u010dek ke zru\u0161en\u00ed<\/a><\/h4>\n<h4 class=\"entry-title\"><a href=\"https:\/\/zakrasnejsivimperk.cz\/?p=327597\" target=\"_blank\" rel=\"noopener\">Podzimn\u00ed pr\u00e1zdniny vytvo\u0159ily um\u011bl\u00fd pokles v po\u010dtech hl\u00e1\u0161en\u00fdch respira\u010dn\u00edch infekc\u00ed<\/a><\/h4>\n<h4 class=\"entry-title\"><a href=\"https:\/\/zakrasnejsivimperk.cz\/?p=327590\" target=\"_blank\" rel=\"noopener\">P\u0158E\u010cT\u011aTE SI U N\u00c1S: Den\u00edk Metro \u2013 5. listopadu 2024<\/a><\/h4>\n<h4 class=\"entry-title\"><a href=\"https:\/\/zakrasnejsivimperk.cz\/?p=327537\" target=\"_blank\" rel=\"noopener\">Kl\u00ed\u010dov\u00e9 rysy v\u00fdvoje hlavy obratlovc\u016f maj\u00ed sv\u016fj p\u016fvod u spole\u010dn\u00e9ho p\u0159edka<\/a><\/h4>\n<h4 class=\"entry-title\"><a href=\"https:\/\/zakrasnejsivimperk.cz\/?p=327497\" target=\"_blank\" rel=\"noopener\">Cizinci \u017eij\u00edc\u00ed v \u010cesku netvo\u0159\u00ed homogenn\u00ed skupinu<\/a><\/h4>\n<h4 class=\"entry-title\"><a href=\"https:\/\/zakrasnejsivimperk.cz\/?p=327481\" target=\"_blank\" rel=\"noopener\">V Jiho\u010desk\u00e9m kraji bylo k 44. t\u00fddnu potvrzeno 3 062 p\u0159\u00edpad\u016f \u010dern\u00e9ho ka\u0161le, v minul\u00e9m t\u00fddnu p\u0159ibylo 23 nov\u00fdch p\u0159\u00edpad\u016f<\/a><\/h4>\n<h4 class=\"entry-title\"><a href=\"https:\/\/zakrasnejsivimperk.cz\/?p=327474\" target=\"_blank\" rel=\"noopener\">P\u0158E\u010cT\u011aTE SI U N\u00c1S: Den\u00edk Metro \u2013 4. listopadu 2024<\/a><\/h4>\n<h4 class=\"entry-title\"><a href=\"https:\/\/zakrasnejsivimperk.cz\/?p=327442\" target=\"_blank\" rel=\"noopener\">Ch\u0159est z na\u0161ich pol\u00ed \u010cech\u016fm chutn\u00e1. Letos ho \u0161lo do obchod\u016f 182 tun, nejlep\u0161\u00ed prodejci z\u00edskali ocen\u011bn\u00ed<\/a><\/h4>\n<h4 class=\"entry-title\"><a href=\"https:\/\/zakrasnejsivimperk.cz\/?p=327306\" target=\"_blank\" rel=\"noopener\">Potravin\u00e1\u0159sk\u00e1 inspekce zjistila dal\u0161\u00ed produkt s obsahem muscimolu \u2013 halucinogenu z muchom\u016frky \u010derven\u00e9<\/a><\/h4>\n<h4 class=\"entry-title\"><a href=\"https:\/\/zakrasnejsivimperk.cz\/?p=327233\" target=\"_blank\" rel=\"noopener\">Plynu je v tuzemsk\u00fdch z\u00e1sobn\u00edc\u00edch p\u0159ed zimou dostatek. Napln\u011bny jsou z 93 procent<\/a><\/h4>\n<h4 class=\"entry-title\"><a href=\"https:\/\/zakrasnejsivimperk.cz\/?p=327207\" target=\"_blank\" rel=\"noopener\">\u201eUk\u00e1zat lidem faktury \u2013 to maj\u00ed zak\u00e1z\u00e1no.\u201c Pravda o drah\u00e9m m\u00e1sle p\u0159\u00edmo z bran\u017ee<\/a><\/h4>\n<hr \/>\n<p>&nbsp;<\/p>\n","protected":false},"excerpt":{"rendered":"<p>Pr\u016fmyslov\u00e1 produkce <\/p>\n","protected":false},"author":2,"featured_media":327752,"comment_status":"open","ping_status":"open","sticky":false,"template":"","format":"gallery","meta":{"footnotes":""},"categories":[70],"tags":[],"jetpack_featured_media_url":"https:\/\/zakrasnejsivimperk.cz\/wp-content\/uploads\/2024\/11\/06\/z-ruky-csu.jpg","_links":{"self":[{"href":"https:\/\/zakrasnejsivimperk.cz\/index.php?rest_route=\/wp\/v2\/posts\/327751"}],"collection":[{"href":"https:\/\/zakrasnejsivimperk.cz\/index.php?rest_route=\/wp\/v2\/posts"}],"about":[{"href":"https:\/\/zakrasnejsivimperk.cz\/index.php?rest_route=\/wp\/v2\/types\/post"}],"author":[{"embeddable":true,"href":"https:\/\/zakrasnejsivimperk.cz\/index.php?rest_route=\/wp\/v2\/users\/2"}],"replies":[{"embeddable":true,"href":"https:\/\/zakrasnejsivimperk.cz\/index.php?rest_route=%2Fwp%2Fv2%2Fcomments&post=327751"}],"version-history":[{"count":1,"href":"https:\/\/zakrasnejsivimperk.cz\/index.php?rest_route=\/wp\/v2\/posts\/327751\/revisions"}],"predecessor-version":[{"id":327753,"href":"https:\/\/zakrasnejsivimperk.cz\/index.php?rest_route=\/wp\/v2\/posts\/327751\/revisions\/327753"}],"wp:featuredmedia":[{"embeddable":true,"href":"https:\/\/zakrasnejsivimperk.cz\/index.php?rest_route=\/wp\/v2\/media\/327752"}],"wp:attachment":[{"href":"https:\/\/zakrasnejsivimperk.cz\/index.php?rest_route=%2Fwp%2Fv2%2Fmedia&parent=327751"}],"wp:term":[{"taxonomy":"category","embeddable":true,"href":"https:\/\/zakrasnejsivimperk.cz\/index.php?rest_route=%2Fwp%2Fv2%2Fcategories&post=327751"},{"taxonomy":"post_tag","embeddable":true,"href":"https:\/\/zakrasnejsivimperk.cz\/index.php?rest_route=%2Fwp%2Fv2%2Ftags&post=327751"}],"curies":[{"name":"wp","href":"https:\/\/api.w.org\/{rel}","templated":true}]}}