{"id":327671,"date":"2024-11-05T17:34:44","date_gmt":"2024-11-05T16:34:44","guid":{"rendered":"https:\/\/zakrasnejsivimperk.cz\/?p=327671"},"modified":"2024-11-05T17:34:44","modified_gmt":"2024-11-05T16:34:44","slug":"cesky-hydrometeorologicky-ustav-vyvoj-situace-a-predpoved-pocasi-pro-ceskou-republiku-do-13-listopadu","status":"publish","type":"post","link":"https:\/\/zakrasnejsivimperk.cz\/?p=327671","title":{"rendered":"\u010cESK\u00dd HYDROMETEOROLOGICK\u00dd \u00daSTAV: V\u00fdvoj situace a p\u0159edpov\u011b\u010f po\u010das\u00ed pro \u010ceskou republiku do 13. listopadu"},"content":{"rendered":"<figure id=\"attachment_327672\" aria-describedby=\"caption-attachment-327672\" style=\"width: 1100px\" class=\"wp-caption aligncenter\"><img loading=\"lazy\" decoding=\"async\" class=\"wp-image-327672 size-full\" src=\"https:\/\/zakrasnejsivimperk.cz\/wp-content\/uploads\/2024\/11\/05\/boubinske-jezirko-44.jpg\" alt=\"\" width=\"1100\" height=\"825\" srcset=\"https:\/\/zakrasnejsivimperk.cz\/wp-content\/uploads\/2024\/11\/05\/boubinske-jezirko-44.jpg 1100w, https:\/\/zakrasnejsivimperk.cz\/wp-content\/uploads\/2024\/11\/05\/boubinske-jezirko-44-300x225.jpg 300w, https:\/\/zakrasnejsivimperk.cz\/wp-content\/uploads\/2024\/11\/05\/boubinske-jezirko-44-1024x768.jpg 1024w, https:\/\/zakrasnejsivimperk.cz\/wp-content\/uploads\/2024\/11\/05\/boubinske-jezirko-44-768x576.jpg 768w, https:\/\/zakrasnejsivimperk.cz\/wp-content\/uploads\/2024\/11\/05\/boubinske-jezirko-44-476x357.jpg 476w, https:\/\/zakrasnejsivimperk.cz\/wp-content\/uploads\/2024\/11\/05\/boubinske-jezirko-44-644x483.jpg 644w\" sizes=\"(max-width: 1100px) 100vw, 1100px\" \/><figcaption id=\"caption-attachment-327672\" class=\"wp-caption-text\">Iluustra\u010dn\u00ed foto: (red) \u2013 Za kr\u00e1sn\u011bj\u0161\u00ed Vimperk<\/figcaption><\/figure>\n<hr \/>\n<p>&nbsp;<\/p>\n<h6 class=\"textik1\">Situace: Po zadn\u00ed stran\u011b sl\u00e1bnouc\u00ed tlakov\u00e9 v\u00fd\u0161e nad jihov\u00fdchodn\u00ed Evropou k\u00a0n\u00e1m bude proudit teplej\u0161\u00ed vzduch od jihu, zejm\u00e9na ve vy\u0161\u0161\u00edch vrstv\u00e1ch atmosf\u00e9ry. Nad severoz\u00e1padn\u00ed Evropou postupn\u011b zmohutn\u00ed dal\u0161\u00ed tlakov\u00e1 v\u00fd\u0161e. Po jej\u00ed p\u0159edn\u00ed stran\u011b k\u00a0n\u00e1m od severu pronikne chladn\u011bj\u0161\u00ed vzduch.<\/h6>\n<p>&nbsp;<\/p>\n<h6 class=\"textik1\"><img loading=\"lazy\" decoding=\"async\" class=\"alignright wp-image-191184\" src=\"https:\/\/zakrasnejsivimperk.cz\/wp-content\/uploads\/2020\/05\/07\/\u010dhm\u00fa-logo-nov\u00e9-300x123.jpg\" alt=\"\" width=\"400\" height=\"164\" srcset=\"https:\/\/zakrasnejsivimperk.cz\/wp-content\/uploads\/2020\/05\/07\/\u010dhm\u00fa-logo-nov\u00e9-300x123.jpg 300w, https:\/\/zakrasnejsivimperk.cz\/wp-content\/uploads\/2020\/05\/07\/\u010dhm\u00fa-logo-nov\u00e9-768x316.jpg 768w, https:\/\/zakrasnejsivimperk.cz\/wp-content\/uploads\/2020\/05\/07\/\u010dhm\u00fa-logo-nov\u00e9.jpg 861w\" sizes=\"(max-width: 400px) 100vw, 400px\" \/>P\u0159edpov\u011b\u010f na st\u0159edu 6. listopadu:<\/h6>\n<p class=\"textik2\">V\u011bt\u0161inou zata\u017eeno n\u00edzkou obla\u010dnost\u00ed, zpo\u010d\u00e1tku i mlhy. Ojedin\u011ble mrholen\u00ed. Jinak\u00a0polojasno, zejm\u00e9na na v\u00fdchod\u011b a na hor\u00e1ch. Nejni\u017e\u0161\u00ed no\u010dn\u00ed teploty 4 a\u017e 0\u00a0\u00b0C, p\u0159i zmen\u0161en\u00e9 obla\u010dnosti a bezv\u011bt\u0159\u00ed kolem -2\u00a0\u00b0C. Nejvy\u0161\u0161\u00ed denn\u00ed teploty 5 a\u017e 9\u00a0\u00b0C, p\u0159i polojasnu a\u017e 11\u00a0\u00b0C, v\u00a01000 m na hor\u00e1ch kolem 6\u00a0\u00b0C, na \u0160umav\u011b kolem 10\u00a0\u00b0C. Slab\u00fd prom\u011bnliv\u00fd v\u00edtr do 3 m\/s\u00a0nebo klidno. Na severov\u00fdchod\u011b m\u00edsty m\u00edrn\u00fd ji\u017en\u00ed a\u017e jihoz\u00e1padn\u00ed v\u00edtr 2 a\u017e 5 m\/s.<\/p>\n<p>&nbsp;<\/p>\n<h6 class=\"textik1\">P\u0159edpov\u011b\u010f na \u010dtvrtek 7. listopadu:<\/h6>\n<p class=\"textik2\">P\u0159ev\u00e1\u017en\u011b zata\u017eeno n\u00edzkou obla\u010dnost\u00ed, ojedin\u011ble mrholen\u00ed, r\u00e1no a ve\u010der m\u00edsty mlhy. Ojedin\u011ble, b\u011bhem dne od v\u00fdchodu na v\u011bt\u0161in\u011b \u00fazem\u00ed, s\u00a0v\u00fdjimkou z\u00e1padn\u00ed poloviny \u010cech, polojasno a\u017e jasno. Nejni\u017e\u0161\u00ed no\u010dn\u00ed teploty 5 a\u017e 1\u00a0\u00b0C, p\u0159i celono\u010dn\u00edm vyjasn\u011bn\u00ed a bezv\u011bt\u0159\u00ed kolem -1\u00a0\u00b0C. Nejvy\u0161\u0161\u00ed denn\u00ed teploty 8 a\u017e 12\u00a0\u00b0C, p\u0159i d\u00e9letrvaj\u00edc\u00ed n\u00edzk\u00e9 obla\u010dnosti, zejm\u00e9na v\u00a0z\u00e1padn\u00ed polovin\u011b \u010cech kolem 6\u00a0\u00b0C. Slab\u00fd prom\u011bnliv\u00fd, p\u0159es\u00a0den jihov\u00fdchodn\u00ed a\u017e v\u00fdchodn\u00ed v\u00edtr do 4 m\/s.<\/p>\n<p>&nbsp;<\/p>\n<h6 class=\"textik1\">P\u0159edpov\u011b\u010f na p\u00e1tek 8. listopadu:<\/h6>\n<p class=\"textik2\">Jasno a\u017e polojasno. R\u00e1no a dopoledne zejm\u00e9na v\u00a0\u010cech\u00e1ch a ve Slezsku m\u00edsty mlhy nebo zata\u017eeno n\u00edzkou obla\u010dnost\u00ed, kter\u00e1 se ojedin\u011ble udr\u017e\u00ed po cel\u00fd den. Ojedin\u011ble mrholen\u00ed. Nejni\u017e\u0161\u00ed no\u010dn\u00ed teploty +3 a\u017e -1\u00a0\u00b0C, p\u0159i celono\u010dn\u00edm vyjasn\u011bn\u00ed a\u017e -3\u00a0\u00b0C. Nejvy\u0161\u0161\u00ed denn\u00ed teploty 8 a\u017e 12\u00a0\u00b0C, p\u0159i d\u00e9letrvaj\u00edc\u00ed n\u00edzk\u00e9 obla\u010dnosti kolem 6\u00a0\u00b0C. Slab\u00fd prom\u011bnliv\u00fd, na Morav\u011b a ve Slezsku v\u00edtr severov\u00fdchodn\u00ed 1 a\u017e 4 m\/s.<\/p>\n<p>&nbsp;<\/p>\n<h6 class=\"textik1\">P\u0159edpov\u011b\u010f na sobotu 9. listopadu:<\/h6>\n<p class=\"textik2\">Jasno a\u017e polojasno. M\u00edsty mlhy nebo zata\u017eeno n\u00edzkou obla\u010dnost\u00ed, kter\u00e1 se ojedin\u011ble, zejm\u00e9na v\u00a0\u010cech\u00e1ch, udr\u017e\u00ed po cel\u00fd den. Nejni\u017e\u0161\u00ed no\u010dn\u00ed teploty +2 a\u017e -2\u00a0\u00b0C. Nejvy\u0161\u0161\u00ed denn\u00ed teploty 7 a\u017e 11\u00a0\u00b0C, p\u0159i n\u00edzk\u00e9 obla\u010dnosti kolem 5\u00a0\u00b0C. Slab\u00fd prom\u011bnliv\u00fd v\u00edtr do 3 m\/s\u00a0nebo klidno.<\/p>\n<p>&nbsp;<\/p>\n<h6 class=\"textik1\">P\u0159edpov\u011b\u010f na ned\u011bli 10. listopadu:<\/h6>\n<p class=\"textik2\">Zata\u017eeno n\u00edzkou obla\u010dnost\u00ed nebo mlhy, i mrznouc\u00ed. Ojedin\u011ble mrholen\u00ed. B\u011bhem dne m\u00edsty zmen\u0161en\u00e1 obla\u010dnost. Nejni\u017e\u0161\u00ed no\u010dn\u00ed teploty +2 a\u017e -2\u00a0\u00b0C, p\u0159i zmen\u0161en\u00e9 obla\u010dnosti a\u017e -4\u00a0\u00b0C. Nejvy\u0161\u0161\u00ed denn\u00ed teploty 3 a\u017e 7\u00a0\u00b0C, p\u0159i zmen\u0161en\u00e9 obla\u010dnosti kolem 9\u00a0\u00b0C. Klidno nebo slab\u00fd prom\u011bnliv\u00fd v\u00edtr do 2 m\/s.<\/p>\n<p>&nbsp;<\/p>\n<h6 class=\"textik1\">Vyhl\u00eddka po\u010das\u00ed od pond\u011bl\u00ed 11. listopadu do st\u0159edy 13. listopadu:<\/h6>\n<p class=\"textik2\">Zata\u017eeno a\u017e obla\u010dno, zpo\u010d\u00e1tku m\u00edsty mlhy, i mrznouc\u00ed. Ojedin\u011ble, v\u00a0z\u00e1v\u011bru obdob\u00ed m\u00edsty d\u00e9\u0161\u0165, na hor\u00e1ch i sn\u011b\u017een\u00ed. Nejni\u017e\u0161\u00ed no\u010dn\u00ed teploty +4 a\u017e -1\u00a0\u00b0C, p\u0159i zmen\u0161en\u00e9 obla\u010dnosti a\u017e -3\u00a0\u00b0C. Nejvy\u0161\u0161\u00ed denn\u00ed teploty 2 a\u017e 7\u00a0\u00b0C.<\/p>\n<p>&nbsp;<\/p>\n<p>&nbsp;<\/p>\n<p><a href=\"https:\/\/www.chmi.cz\/\" target=\"_blank\" rel=\"noopener\"><strong>\u010cESK\u00dd HYDROMETEOROLOGICK\u00dd \u00daSTAV<\/strong><\/a><\/p>\n<p>&nbsp;<\/p>\n<h4><a href=\"https:\/\/zakrasnejsivimperk.cz\/?p=231510\" target=\"_blank\" rel=\"noopener\">V\u00fdstrahy \u010cesk\u00e9ho hydrometeorologick\u00e9ho \u00fastavu pro regiony a m\u011bsta najdete ZDE<\/a><\/h4>\n<hr \/>\n<p>&nbsp;<\/p>\n","protected":false},"excerpt":{"rendered":"<p>&nbsp; Situace: <\/p>\n","protected":false},"author":2,"featured_media":327673,"comment_status":"open","ping_status":"open","sticky":false,"template":"","format":"gallery","meta":{"footnotes":""},"categories":[110],"tags":[],"jetpack_featured_media_url":"https:\/\/zakrasnejsivimperk.cz\/wp-content\/uploads\/2024\/11\/05\/ram-pocasi.jpg","_links":{"self":[{"href":"https:\/\/zakrasnejsivimperk.cz\/index.php?rest_route=\/wp\/v2\/posts\/327671"}],"collection":[{"href":"https:\/\/zakrasnejsivimperk.cz\/index.php?rest_route=\/wp\/v2\/posts"}],"about":[{"href":"https:\/\/zakrasnejsivimperk.cz\/index.php?rest_route=\/wp\/v2\/types\/post"}],"author":[{"embeddable":true,"href":"https:\/\/zakrasnejsivimperk.cz\/index.php?rest_route=\/wp\/v2\/users\/2"}],"replies":[{"embeddable":true,"href":"https:\/\/zakrasnejsivimperk.cz\/index.php?rest_route=%2Fwp%2Fv2%2Fcomments&post=327671"}],"version-history":[{"count":1,"href":"https:\/\/zakrasnejsivimperk.cz\/index.php?rest_route=\/wp\/v2\/posts\/327671\/revisions"}],"predecessor-version":[{"id":327674,"href":"https:\/\/zakrasnejsivimperk.cz\/index.php?rest_route=\/wp\/v2\/posts\/327671\/revisions\/327674"}],"wp:featuredmedia":[{"embeddable":true,"href":"https:\/\/zakrasnejsivimperk.cz\/index.php?rest_route=\/wp\/v2\/media\/327673"}],"wp:attachment":[{"href":"https:\/\/zakrasnejsivimperk.cz\/index.php?rest_route=%2Fwp%2Fv2%2Fmedia&parent=327671"}],"wp:term":[{"taxonomy":"category","embeddable":true,"href":"https:\/\/zakrasnejsivimperk.cz\/index.php?rest_route=%2Fwp%2Fv2%2Fcategories&post=327671"},{"taxonomy":"post_tag","embeddable":true,"href":"https:\/\/zakrasnejsivimperk.cz\/index.php?rest_route=%2Fwp%2Fv2%2Ftags&post=327671"}],"curies":[{"name":"wp","href":"https:\/\/api.w.org\/{rel}","templated":true}]}}