{"id":327597,"date":"2024-11-05T11:43:40","date_gmt":"2024-11-05T10:43:40","guid":{"rendered":"https:\/\/zakrasnejsivimperk.cz\/?p=327597"},"modified":"2024-11-05T11:43:40","modified_gmt":"2024-11-05T10:43:40","slug":"z-prvni-ruky-podzimni-prazdniny-vytvorily-umely-pokles-v-poctech-hlasenych-respiracnich-infekci","status":"publish","type":"post","link":"https:\/\/zakrasnejsivimperk.cz\/?p=327597","title":{"rendered":"Z PRVN\u00cd RUKY: Podzimn\u00ed pr\u00e1zdniny vytvo\u0159ily um\u011bl\u00fd pokles v po\u010dtech hl\u00e1\u0161en\u00fdch respira\u010dn\u00edch infekc\u00ed"},"content":{"rendered":"<h6><strong><img loading=\"lazy\" decoding=\"async\" class=\"alignleft wp-image-269346\" src=\"https:\/\/zakrasnejsivimperk.cz\/wp-content\/uploads\/2022\/12\/12\/sz\u00fa-logo-300x288.jpg\" alt=\"\" width=\"150\" height=\"144\" srcset=\"https:\/\/zakrasnejsivimperk.cz\/wp-content\/uploads\/2022\/12\/12\/sz\u00fa-logo-300x288.jpg 300w, https:\/\/zakrasnejsivimperk.cz\/wp-content\/uploads\/2022\/12\/12\/sz\u00fa-logo-768x737.jpg 768w, https:\/\/zakrasnejsivimperk.cz\/wp-content\/uploads\/2022\/12\/12\/sz\u00fa-logo-1024x983.jpg 1024w, https:\/\/zakrasnejsivimperk.cz\/wp-content\/uploads\/2022\/12\/12\/sz\u00fa-logo-372x357.jpg 372w, https:\/\/zakrasnejsivimperk.cz\/wp-content\/uploads\/2022\/12\/12\/sz\u00fa-logo-503x483.jpg 503w, https:\/\/zakrasnejsivimperk.cz\/wp-content\/uploads\/2022\/12\/12\/sz\u00fa-logo.jpg 1100w\" sizes=\"(max-width: 150px) 100vw, 150px\" \/>Ve 44. t\u00fddnu roku 2024 byla nemocnost akutn\u00edch respira\u010dn\u00edch infekc\u00ed (ARI) na hodnot\u011b 831 na 100\u00a0000 obyvatel, co\u017e p\u0159edstavuje pokles o t\u00e9m\u011b\u0159 40 % v\u00a0porovn\u00e1n\u00ed s\u00a0p\u0159edchoz\u00edm t\u00fddnem. Pokles je evidov\u00e1n ve v\u0161ech sledovan\u00fdch v\u011bkov\u00fdch skupin\u00e1ch populace a m\u016f\u017eeme ho nazvat um\u011ble vytvo\u0159en\u00fdm, nebo\u0165 souvis\u00ed se st\u00e1tn\u00edm sv\u00e1tkem a podzimn\u00edmi pr\u00e1zdninami, tud\u00ed\u017e data za p\u0159edchoz\u00ed t\u00fdden nemus\u00ed b\u00fdt skute\u010dn\u00fdm obrazem aktu\u00e1ln\u00edho v\u00fdvoje epidemiologick\u00e9 situace. <\/strong><\/h6>\n<p>Nejvy\u0161\u0161\u00ed nemocnost pozorujeme nad\u00e1le v Jihomoravsk\u00e9m kraji. V\u00a0kategorii ch\u0159ipce podobn\u00fdch onemocn\u011bn\u00ed (ILI) se aktu\u00e1ln\u00ed celkov\u00e1 nemocnost tak\u00e9 sn\u00ed\u017eila, konkr\u00e9tn\u011b o necel\u00fdch 23 %, nicm\u00e9n\u011b u dosp\u011bl\u00fdch ve v\u011bku 25-64 let je evidov\u00e1n vzestup o v\u00edce ne\u017e 6 %. V\u00fdznamn\u00fd pod\u00edl na aktu\u00e1ln\u00ed nemocnosti maj\u00ed p\u0159edev\u0161\u00edm mykoplazmov\u00e9 infekce.<\/p>\n<p><em>\u201eLetos je mykoplazmov\u00fdch infekc\u00ed hodn\u011b, v\u00a0z\u00e1sad\u011b se zhruba po\u010detn\u011b rovnaj\u00ed v\u00fdskytu covidu, a\u010dkoli u mykoplazmat nem\u00e1me k\u00a0dispozici srovnateln\u00e1 celoplo\u0161n\u00e1 hl\u00e1\u0161en\u00ed. N\u00e1r\u016fst ale sledujeme v r\u00e1mci sentinelov\u00e9ho neboli pr\u016f\u0159ezov\u00e9ho syst\u00e9mu testov\u00e1n\u00ed mal\u00e9ho vzorku populace, kdy v\u00a0posledn\u00edm obdob\u00ed p\u0159ib\u00fdv\u00e1 a\u017e do stovky laboratorn\u011b prok\u00e1zan\u00fdch p\u0159\u00edpad\u016f ka\u017ed\u00fd t\u00fdden. Vy\u0161\u0161\u00ed v\u00fdskyty onemocn\u011bn\u00ed vyvolan\u00fdch Mycoplasma pneumoniae se obvykle opakuj\u00ed v\u00a0n\u011bkolikalet\u00fdch cyklech. Je tomu tak i u dal\u0161\u00edch nech\u0159ipkov\u00fdch respira\u010dn\u00edch vir\u016f, mnoz\u00ed si jist\u011b vzpomenou nap\u0159\u00edklad na vysok\u00e9 po\u010dty nemocn\u00fdch s\u00a0RS viry v\u00a0minul\u00fdch sezon\u00e1ch,\u201c<\/em>vysv\u011btluje p\u0159\u00ed\u010dinu vysok\u00e9ho po\u010dtu mykoplazmov\u00fdch infekc\u00ed vedouc\u00ed Odd\u011blen\u00ed epidemiologie infek\u010dn\u00edch nemoc\u00ed, MUDr. Jan Kyn\u010dl, Ph.D.<\/p>\n<p>Co se t\u00fdk\u00e1 v\u00fdrazn\u00e9ho poklesu po\u010dtu hl\u00e1\u0161en\u00fdch akutn\u00edch respira\u010dn\u00edch infekc\u00ed, p\u0159edpokl\u00e1d\u00e1me, \u017ee se jedn\u00e1 o pokles v\u00a0z\u00e1sad\u011b pouze na pap\u00ed\u0159e, kter\u00fd je v\u00fdznamn\u011b ovlivn\u011bn\u00fd st\u00e1tn\u00edm sv\u00e1tkem a podzimn\u00edmi pr\u00e1zdninami. Lid\u00e9 nechodili tolik s\u00a0nemocemi k\u00a0l\u00e9ka\u0159i, nap\u0159\u00edklad proto, \u017ee nepot\u0159ebovali vystavit v\u00a0dob\u011b volna neschopenku. Tak\u00e9 syst\u00e9m hl\u00e1\u0161en\u00ed ovliv\u0148uj\u00ed dny volna \u010di dovolen\u00fdch nap\u0159\u00edklad v\u00a0ordinac\u00edch praktick\u00fdch l\u00e9ka\u0159\u016f, tud\u00ed\u017e data za p\u0159edchoz\u00ed t\u00fdden nejsou p\u0159\u00edli\u0161 reprezentativn\u00ed.<\/p>\n<p><em>\u201eSkute\u010dn\u00fd pokles respira\u010dn\u00edch infekc\u00ed tedy nebude tak v\u00fdrazn\u00fd a lze o\u010dek\u00e1vat, \u017ee nemocn\u00fdch bude s\u00a0p\u0159\u00edchodem st\u00e1le chladn\u011bj\u0161\u00edho po\u010das\u00ed naopak p\u0159ib\u00fdvat. Nezapom\u00ednejme proto na prevenci jak o\u010dkov\u00e1n\u00edm, tak dodr\u017eov\u00e1n\u00edm respira\u010dn\u00ed etikety, ohleduplnost\u00ed, vyu\u017eijme na ochranu d\u00fdchac\u00edch cest respir\u00e1tory, zejm\u00e9na v\u00a0prostor\u00e1ch s\u00a0vy\u0161\u0161\u00ed kumulac\u00ed osob. Dbejme i na \u010dastou a d\u016fslednou hygienu rukou. Na nemyt\u00fdch rukou si m\u016f\u017eeme infekce snadno na sebe p\u0159en\u00e9st z\u00a0kontaminovan\u00fdch povrch\u016f, typicky nap\u0159\u00edklad z\u00a0madel v\u00a0hromadn\u00e9 doprav\u011b, klik dve\u0159\u00ed \u010di n\u00e1kupn\u00edch voz\u00edk\u016f,\u201c<\/em>\u00a0p\u0159ipom\u00edn\u00e1 hlavn\u00ed hygieni\u010dka a \u0159editelka SZ\u00da, MUDr. Barbora Mackov\u00e1, MHA.<\/p>\n<p><em>\u00a0<\/em><em>\u201eV\u00a0leto\u0161n\u00ed sezon\u011b (od 1. 9. 2024) podstoupilo o\u010dkov\u00e1n\u00ed proti covid-19 v\u00edce ne\u017e 228 tis\u00edc osob, proti ch\u0159ipce pak v\u00edce ne\u017e 520 tis\u00edc osob. V\u00a0obou p\u0159\u00edpadech je z\u00e1jem o o\u010dkov\u00e1n\u00ed zejm\u00e9na u osob vy\u0161\u0161\u00edho v\u011bku. O\u010dkov\u00e1n\u00ed je doporu\u010deno zejm\u00e9na lidem vy\u0161\u0161\u00edho v\u011bku a t\u011bm, kte\u0159\u00ed trp\u00ed n\u011bjak\u00fdm z\u00e1va\u017en\u00fdm chronick\u00fdm onemocn\u011bn\u00edm. St\u00e1le je vhodn\u00fd \u010das na to se nechat o\u010dkovat a sn\u00ed\u017eit tak v\u00fdznamn\u011b riziko z\u00e1va\u017en\u00e9ho pr\u016fb\u011bhu,\u201c<\/em>uvedl \u0159editel Odboru ochrany ve\u0159ejn\u00e9ho zdrav\u00ed MZ\u010cR, Maty\u00e1\u0161 Fo\u0161um.<\/p>\n<p><strong>(tz-sz\u00fa)<\/strong><\/p>\n<hr \/>\n<p>&nbsp;<\/p>\n<h6>Informujeme:<\/h6>\n<h4 class=\"entry-title\"><a href=\"https:\/\/zakrasnejsivimperk.cz\/?p=327590\" target=\"_blank\" rel=\"noopener\">P\u0158E\u010cT\u011aTE SI U N\u00c1S: Den\u00edk Metro \u2013 5. listopadu 2024<\/a><\/h4>\n<h4 class=\"entry-title\"><a href=\"https:\/\/zakrasnejsivimperk.cz\/?p=327537\" target=\"_blank\" rel=\"noopener\">Kl\u00ed\u010dov\u00e9 rysy v\u00fdvoje hlavy obratlovc\u016f maj\u00ed sv\u016fj p\u016fvod u spole\u010dn\u00e9ho p\u0159edka<\/a><\/h4>\n<h4 class=\"entry-title\"><a href=\"https:\/\/zakrasnejsivimperk.cz\/?p=327497\" target=\"_blank\" rel=\"noopener\">Cizinci \u017eij\u00edc\u00ed v \u010cesku netvo\u0159\u00ed homogenn\u00ed skupinu<\/a><\/h4>\n<h4 class=\"entry-title\"><a href=\"https:\/\/zakrasnejsivimperk.cz\/?p=327481\" target=\"_blank\" rel=\"noopener\">V Jiho\u010desk\u00e9m kraji bylo k 44. t\u00fddnu potvrzeno 3 062 p\u0159\u00edpad\u016f \u010dern\u00e9ho ka\u0161le, v minul\u00e9m t\u00fddnu p\u0159ibylo 23 nov\u00fdch p\u0159\u00edpad\u016f<\/a><\/h4>\n<h4 class=\"entry-title\"><a href=\"https:\/\/zakrasnejsivimperk.cz\/?p=327474\" target=\"_blank\" rel=\"noopener\">P\u0158E\u010cT\u011aTE SI U N\u00c1S: Den\u00edk Metro \u2013 4. listopadu 2024<\/a><\/h4>\n<h4 class=\"entry-title\"><a href=\"https:\/\/zakrasnejsivimperk.cz\/?p=327442\" target=\"_blank\" rel=\"noopener\">Ch\u0159est z na\u0161ich pol\u00ed \u010cech\u016fm chutn\u00e1. Letos ho \u0161lo do obchod\u016f 182 tun, nejlep\u0161\u00ed prodejci z\u00edskali ocen\u011bn\u00ed<\/a><\/h4>\n<h4 class=\"entry-title\"><a href=\"https:\/\/zakrasnejsivimperk.cz\/?p=327306\" target=\"_blank\" rel=\"noopener\">Potravin\u00e1\u0159sk\u00e1 inspekce zjistila dal\u0161\u00ed produkt s obsahem muscimolu \u2013 halucinogenu z muchom\u016frky \u010derven\u00e9<\/a><\/h4>\n<h4 class=\"entry-title\"><a href=\"https:\/\/zakrasnejsivimperk.cz\/?p=327233\" target=\"_blank\" rel=\"noopener\">Plynu je v tuzemsk\u00fdch z\u00e1sobn\u00edc\u00edch p\u0159ed zimou dostatek. Napln\u011bny jsou z 93 procent<\/a><\/h4>\n<h4 class=\"entry-title\"><a href=\"https:\/\/zakrasnejsivimperk.cz\/?p=327207\" target=\"_blank\" rel=\"noopener\">\u201eUk\u00e1zat lidem faktury \u2013 to maj\u00ed zak\u00e1z\u00e1no.\u201c Pravda o drah\u00e9m m\u00e1sle p\u0159\u00edmo z bran\u017ee<\/a><\/h4>\n<h4 class=\"entry-title\"><a href=\"https:\/\/zakrasnejsivimperk.cz\/?p=327162\" target=\"_blank\" rel=\"noopener\">Sb\u00edrka Srdce d\u011btem v Lidlu<\/a><\/h4>\n<h4 class=\"entry-title\"><a href=\"https:\/\/zakrasnejsivimperk.cz\/?p=327196\" target=\"_blank\" rel=\"noopener\">P\u0158E\u010cT\u011aTE SI U N\u00c1S: Den\u00edk Metro \u2013 1. listopadu 2024<\/a><\/h4>\n<hr \/>\n<p>&nbsp;<\/p>\n","protected":false},"excerpt":{"rendered":"<p>Ve 44. <\/p>\n","protected":false},"author":2,"featured_media":327602,"comment_status":"open","ping_status":"open","sticky":false,"template":"","format":"gallery","meta":{"footnotes":""},"categories":[70],"tags":[],"jetpack_featured_media_url":"https:\/\/zakrasnejsivimperk.cz\/wp-content\/uploads\/2024\/11\/05\/z-ruky-szu.jpg","_links":{"self":[{"href":"https:\/\/zakrasnejsivimperk.cz\/index.php?rest_route=\/wp\/v2\/posts\/327597"}],"collection":[{"href":"https:\/\/zakrasnejsivimperk.cz\/index.php?rest_route=\/wp\/v2\/posts"}],"about":[{"href":"https:\/\/zakrasnejsivimperk.cz\/index.php?rest_route=\/wp\/v2\/types\/post"}],"author":[{"embeddable":true,"href":"https:\/\/zakrasnejsivimperk.cz\/index.php?rest_route=\/wp\/v2\/users\/2"}],"replies":[{"embeddable":true,"href":"https:\/\/zakrasnejsivimperk.cz\/index.php?rest_route=%2Fwp%2Fv2%2Fcomments&post=327597"}],"version-history":[{"count":2,"href":"https:\/\/zakrasnejsivimperk.cz\/index.php?rest_route=\/wp\/v2\/posts\/327597\/revisions"}],"predecessor-version":[{"id":327603,"href":"https:\/\/zakrasnejsivimperk.cz\/index.php?rest_route=\/wp\/v2\/posts\/327597\/revisions\/327603"}],"wp:featuredmedia":[{"embeddable":true,"href":"https:\/\/zakrasnejsivimperk.cz\/index.php?rest_route=\/wp\/v2\/media\/327602"}],"wp:attachment":[{"href":"https:\/\/zakrasnejsivimperk.cz\/index.php?rest_route=%2Fwp%2Fv2%2Fmedia&parent=327597"}],"wp:term":[{"taxonomy":"category","embeddable":true,"href":"https:\/\/zakrasnejsivimperk.cz\/index.php?rest_route=%2Fwp%2Fv2%2Fcategories&post=327597"},{"taxonomy":"post_tag","embeddable":true,"href":"https:\/\/zakrasnejsivimperk.cz\/index.php?rest_route=%2Fwp%2Fv2%2Ftags&post=327597"}],"curies":[{"name":"wp","href":"https:\/\/api.w.org\/{rel}","templated":true}]}}