{"id":327481,"date":"2024-11-04T09:55:16","date_gmt":"2024-11-04T08:55:16","guid":{"rendered":"https:\/\/zakrasnejsivimperk.cz\/?p=327481"},"modified":"2024-11-04T09:55:29","modified_gmt":"2024-11-04T08:55:29","slug":"aktualne-v-jihoceskem-kraji-bylo-k-44-tydnu-potvrzeno-3-062-pripadu-cerneho-kasle-v-minulem-tydnu-pribylo-23-novych-pripadu","status":"publish","type":"post","link":"https:\/\/zakrasnejsivimperk.cz\/?p=327481","title":{"rendered":"AKTU\u00c1LN\u011a: V Jiho\u010desk\u00e9m kraji bylo k 44. t\u00fddnu potvrzeno 3 062 p\u0159\u00edpad\u016f \u010dern\u00e9ho ka\u0161le, v minul\u00e9m t\u00fddnu p\u0159ibylo 23 nov\u00fdch p\u0159\u00edpad\u016f"},"content":{"rendered":"<h6><img loading=\"lazy\" decoding=\"async\" class=\"size-medium wp-image-199605 alignleft\" src=\"https:\/\/zakrasnejsivimperk.cz\/wp-content\/uploads\/2020\/08\/06\/khs-logo-300x129.jpg\" alt=\"\" width=\"300\" height=\"129\" srcset=\"https:\/\/zakrasnejsivimperk.cz\/wp-content\/uploads\/2020\/08\/06\/khs-logo-300x129.jpg 300w, https:\/\/zakrasnejsivimperk.cz\/wp-content\/uploads\/2020\/08\/06\/khs-logo-768x330.jpg 768w, https:\/\/zakrasnejsivimperk.cz\/wp-content\/uploads\/2020\/08\/06\/khs-logo-831x357.jpg 831w, https:\/\/zakrasnejsivimperk.cz\/wp-content\/uploads\/2020\/08\/06\/khs-logo.jpg 922w\" sizes=\"(max-width: 300px) 100vw, 300px\" \/>\u010cESK\u00c9 BUD\u011aJOVICE 4. 11. 2024 \u2013 V pr\u016fb\u011bhu uplynul\u00fdch 44 t\u00fddn\u016f roku zaznamenali hygienici v Jiho\u010desk\u00e9m kraji celkem 3 062 p\u0159\u00edpad\u016f \u010dern\u00e9ho ka\u0161le \/pertuse\/, v minul\u00e9m t\u00fddnu p\u0159ibylo 23 nov\u00fdch p\u0159\u00edpad\u016f, to je nejmen\u0161\u00ed t\u00fddenn\u00ed n\u00e1r\u016fst od p\u00e1t\u00e9ho kalend\u00e1\u0159n\u00edho t\u00fddne roku, kdy v kraji za\u010dalo doch\u00e1zet k prudk\u00e9mu r\u016fstu po\u010dtu onemocn\u011bn\u00ed p\u0159edev\u0161\u00edm mezi st\u0159edo\u0161kol\u00e1ky.<\/h6>\n<p>V Jiho\u010desk\u00e9m kraji registrovali hygienici ke konci minul\u00e9ho t\u00fddne 3 062 potvrzen\u00fdch p\u0159\u00edpad\u016f pertuse. Nejv\u011bt\u0161\u00ed po\u010det nov\u00fdch p\u0159\u00edpad\u016f v uplynul\u00e9m t\u00fddnu z hlediska v\u011bku pacient\u016f registrovali mezi p\u0159ed\u0161koln\u00edmi a d\u00e1le mezi mlad\u0161\u00edmi \u0161koln\u00edmi d\u011btmi a to po 5, \u017e\u00e1dn\u00fd p\u0159\u00edpad nebyl zaznamen\u00e1n mezi mlad\u00fdmi ve skupin\u011b 20-24 let, d\u00e1le ve skupin\u011b 35-44 let a 55-64 let.<\/p>\n<p><em>\u201eNejv\u00edce p\u0159\u00edpad\u016f celkov\u011b od za\u010d\u00e1tku roku registrujeme mezi st\u0159edo\u0161kol\u00e1ky, v kategorii 15-19 let je za leto\u0161n\u00ed rok celkem 684 p\u0159\u00edpad\u016f, mezi dosp\u011bl\u00fdmi v kategorii 45\u201354 je aktu\u00e1ln\u011b 441 p\u0159\u00edpad\u016f, dal\u0161\u00ed v\u011bkov\u00e9 kategorie maj\u00ed v\u00fdskyt ni\u017e\u0161\u00ed. Co se t\u00fd\u010de srovn\u00e1n\u00ed jiho\u010desk\u00fdch okres\u016f, nejv\u011bt\u0161\u00ed v\u00fdskyt je dlouhodob\u011b na \u010ceskobud\u011bjovicku, kde m\u00e1me 1 126 evidovan\u00fdch p\u0159\u00edpad\u016f, na Jind\u0159ichohradecku je 508 p\u0159\u00edpad\u016f. Zb\u00fdvaj\u00edc\u00ed okresy na\u0161eho kraje maj\u00ed v\u00fdskyt podobn\u00fd a pohybuje se od 259 p\u0159\u00edpad\u016f na T\u00e1borsku po 318 p\u0159\u00edpad\u016f na Prachaticku. Mezi d\u011btmi do jednoho roku jako nejzraniteln\u011bj\u0161\u00ed v\u011bkov\u00e9 skupiny registrujeme 50 p\u0159\u00edpad\u016f, v minul\u00e9m t\u00fddnu p\u0159ibyl v t\u00e9to kategorii jeden nov\u00fd p\u0159\u00edpad,\u201c<\/em> uvedla \u0159editelka Krajsk\u00e9 hygienick\u00e9 stanice Jiho\u010desk\u00e9ho kraje Kvetoslava Kotrbov\u00e1.<\/p>\n<p><strong>P\u0159\u00edpady podle okres\u016f Jiho\u010desk\u00e9ho kraje k 44. t\u00fddnu 2024:<\/strong><\/p>\n<p><strong>CB:<\/strong> 1 126<\/p>\n<p><strong>CK:<\/strong> 286<\/p>\n<p><strong>JH:<\/strong> 508<\/p>\n<p><strong>PI:<\/strong> 293<\/p>\n<p><strong>PT:<\/strong> 318<\/p>\n<p><strong>ST:<\/strong> 272<\/p>\n<p><strong>TA:<\/strong> 259<\/p>\n<p>&nbsp;<\/p>\n<p><strong>(tz-khs)<\/strong><\/p>\n<hr \/>\n<p>&nbsp;<\/p>\n<h6>Informujeme:<\/h6>\n<h4 class=\"entry-title\"><a href=\"https:\/\/zakrasnejsivimperk.cz\/?p=327474\" target=\"_blank\" rel=\"noopener\">P\u0158E\u010cT\u011aTE SI U N\u00c1S: Den\u00edk Metro \u2013 4. listopadu 2024<\/a><\/h4>\n<h4 class=\"entry-title\"><a href=\"https:\/\/zakrasnejsivimperk.cz\/?p=327442\" target=\"_blank\" rel=\"noopener\">Ch\u0159est z na\u0161ich pol\u00ed \u010cech\u016fm chutn\u00e1. Letos ho \u0161lo do obchod\u016f 182 tun, nejlep\u0161\u00ed prodejci z\u00edskali ocen\u011bn\u00ed<\/a><\/h4>\n<h4 class=\"entry-title\"><a href=\"https:\/\/zakrasnejsivimperk.cz\/?p=327306\" target=\"_blank\" rel=\"noopener\">Potravin\u00e1\u0159sk\u00e1 inspekce zjistila dal\u0161\u00ed produkt s obsahem muscimolu \u2013 halucinogenu z muchom\u016frky \u010derven\u00e9<\/a><\/h4>\n<h4 class=\"entry-title\"><a href=\"https:\/\/zakrasnejsivimperk.cz\/?p=327233\" target=\"_blank\" rel=\"noopener\">Plynu je v tuzemsk\u00fdch z\u00e1sobn\u00edc\u00edch p\u0159ed zimou dostatek. Napln\u011bny jsou z 93 procent<\/a><\/h4>\n<h4 class=\"entry-title\"><a href=\"https:\/\/zakrasnejsivimperk.cz\/?p=327207\" target=\"_blank\" rel=\"noopener\">\u201eUk\u00e1zat lidem faktury \u2013 to maj\u00ed zak\u00e1z\u00e1no.\u201c Pravda o drah\u00e9m m\u00e1sle p\u0159\u00edmo z bran\u017ee<\/a><\/h4>\n<h4 class=\"entry-title\"><a href=\"https:\/\/zakrasnejsivimperk.cz\/?p=327162\" target=\"_blank\" rel=\"noopener\">Sb\u00edrka Srdce d\u011btem v Lidlu<\/a><\/h4>\n<h4 class=\"entry-title\"><a href=\"https:\/\/zakrasnejsivimperk.cz\/?p=327196\" target=\"_blank\" rel=\"noopener\">P\u0158E\u010cT\u011aTE SI U N\u00c1S: Den\u00edk Metro \u2013 1. listopadu 2024<\/a><\/h4>\n<h4 class=\"entry-title\"><a href=\"https:\/\/zakrasnejsivimperk.cz\/?p=327096\" target=\"_blank\" rel=\"noopener\">Po\u010det neschopenek v 1. pololet\u00ed roku 2024 klesl o \u010dty\u0159i procenta<\/a><\/h4>\n<h4 class=\"entry-title\"><a href=\"https:\/\/zakrasnejsivimperk.cz\/?p=327080\" target=\"_blank\" rel=\"noopener\">P\u0158E\u010cT\u011aTE SI U N\u00c1S: Den\u00edk Metro \u2013 31. \u0159\u00edjna 2024<\/a><\/h4>\n<hr \/>\n<p>&nbsp;<\/p>\n","protected":false},"excerpt":{"rendered":"<p>\u010cESK\u00c9 BUD\u011aJOVICE <\/p>\n","protected":false},"author":2,"featured_media":319954,"comment_status":"open","ping_status":"open","sticky":false,"template":"","format":"gallery","meta":{"footnotes":""},"categories":[179],"tags":[],"jetpack_featured_media_url":"https:\/\/zakrasnejsivimperk.cz\/wp-content\/uploads\/2024\/09\/02\/nove-kasel.jpg","_links":{"self":[{"href":"https:\/\/zakrasnejsivimperk.cz\/index.php?rest_route=\/wp\/v2\/posts\/327481"}],"collection":[{"href":"https:\/\/zakrasnejsivimperk.cz\/index.php?rest_route=\/wp\/v2\/posts"}],"about":[{"href":"https:\/\/zakrasnejsivimperk.cz\/index.php?rest_route=\/wp\/v2\/types\/post"}],"author":[{"embeddable":true,"href":"https:\/\/zakrasnejsivimperk.cz\/index.php?rest_route=\/wp\/v2\/users\/2"}],"replies":[{"embeddable":true,"href":"https:\/\/zakrasnejsivimperk.cz\/index.php?rest_route=%2Fwp%2Fv2%2Fcomments&post=327481"}],"version-history":[{"count":2,"href":"https:\/\/zakrasnejsivimperk.cz\/index.php?rest_route=\/wp\/v2\/posts\/327481\/revisions"}],"predecessor-version":[{"id":327484,"href":"https:\/\/zakrasnejsivimperk.cz\/index.php?rest_route=\/wp\/v2\/posts\/327481\/revisions\/327484"}],"wp:featuredmedia":[{"embeddable":true,"href":"https:\/\/zakrasnejsivimperk.cz\/index.php?rest_route=\/wp\/v2\/media\/319954"}],"wp:attachment":[{"href":"https:\/\/zakrasnejsivimperk.cz\/index.php?rest_route=%2Fwp%2Fv2%2Fmedia&parent=327481"}],"wp:term":[{"taxonomy":"category","embeddable":true,"href":"https:\/\/zakrasnejsivimperk.cz\/index.php?rest_route=%2Fwp%2Fv2%2Fcategories&post=327481"},{"taxonomy":"post_tag","embeddable":true,"href":"https:\/\/zakrasnejsivimperk.cz\/index.php?rest_route=%2Fwp%2Fv2%2Ftags&post=327481"}],"curies":[{"name":"wp","href":"https:\/\/api.w.org\/{rel}","templated":true}]}}