{"id":327442,"date":"2024-11-03T18:05:37","date_gmt":"2024-11-03T17:05:37","guid":{"rendered":"https:\/\/zakrasnejsivimperk.cz\/?p=327442"},"modified":"2024-11-03T18:05:37","modified_gmt":"2024-11-03T17:05:37","slug":"z-prvni-ruky-chrest-z-nasich-poli-cechum-chutna-letos-ho-slo-do-obchodu-182-tun-nejlepsi-prodejci-ziskali-oceneni","status":"publish","type":"post","link":"https:\/\/zakrasnejsivimperk.cz\/?p=327442","title":{"rendered":"Z PRVN\u00cd RUKY: Ch\u0159est z na\u0161ich pol\u00ed \u010cech\u016fm chutn\u00e1. Letos ho \u0161lo do obchod\u016f 182 tun, nejlep\u0161\u00ed prodejci z\u00edskali ocen\u011bn\u00ed"},"content":{"rendered":"<h6><img loading=\"lazy\" decoding=\"async\" class=\"size-medium wp-image-147505 alignleft\" src=\"https:\/\/zakrasnejsivimperk.cz\/wp-content\/uploads\/2018\/12\/02\/ministerstvo-zem\u011bd\u011blstv\u00ed-logo-300x143.jpg\" alt=\"\" width=\"300\" height=\"143\" srcset=\"https:\/\/zakrasnejsivimperk.cz\/wp-content\/uploads\/2018\/12\/02\/ministerstvo-zem\u011bd\u011blstv\u00ed-logo-300x143.jpg 300w, https:\/\/zakrasnejsivimperk.cz\/wp-content\/uploads\/2018\/12\/02\/ministerstvo-zem\u011bd\u011blstv\u00ed-logo.jpg 498w\" sizes=\"(max-width: 300px) 100vw, 300px\" \/>Obchodn\u00ed \u0159et\u011bzce v leto\u0161n\u00edm roce nakoupily od p\u011bstitel\u016f 182 212 kilogram\u016f \u010derstv\u00e9ho ch\u0159estu dom\u00e1c\u00edho p\u016fvodu. Nejl\u00e9pe si vedl Lidl, Kaufland a Billa. Ministr zem\u011bd\u011blstv\u00ed Marek V\u00fdborn\u00fd (KDU-\u010cSL) t\u011bmto nejlep\u0161\u00edm prodejc\u016fm p\u0159edal ocen\u011bn\u00ed.<\/h6>\n<p>&nbsp;<\/p>\n<p>V \u010desk\u00fdch obchodech m\u00edrn\u011b p\u0159eva\u017euje prodej zelen\u00e9ho ch\u0159estu p\u016fvodem z \u010cesk\u00e9 republiky nad ch\u0159estem b\u00edl\u00fdm. Toho letos \u0159et\u011bzce distribuovaly 84 tun, zat\u00edmco zelen\u00e9ho t\u00e9m\u011b\u0159 98 tun. Jeho nejlep\u0161\u00ed prodejci dnes v N\u00e1rodn\u00edm zem\u011bd\u011blsk\u00e9m muzeu v Praze dostali ocen\u011bn\u00ed od ministra zem\u011bd\u011blstv\u00ed.<\/p>\n<p><em>\u201eCh\u0159est si v uplynul\u00fdch letech vydobyl zp\u011bt m\u00edsto na n\u00e1\u0161 st\u016fl. Co\u017e je dob\u0159e, proto\u017ee je to kvalitn\u00ed a zdrav\u00ed prosp\u011b\u0161n\u00e1 zelenina. \u010ce\u0161t\u00ed z\u00e1kazn\u00edci maj\u00ed v ch\u0159estov\u00e9 sez\u00f3n\u011b mo\u017enost nakoupit si v obchodech \u010derstv\u00fd ch\u0159est, kter\u00fd byl vyp\u011bstovan\u00fd tady u n\u00e1s, doma,\u201c<\/em> \u0159ekl ministr zem\u011bd\u011blstv\u00ed Marek V\u00fdborn\u00fd.<\/p>\n<p><em>\u201e\u010ce\u0161t\u00ed obchodn\u00edci maj\u00ed velk\u00fd z\u00e1jem o \u010deskou zeleninu a \u010desk\u00e9 ovoce. \u00dasp\u011bch \u010desk\u00e9ho ch\u0159estu ukazuje, jak dob\u0159e funguje spolupr\u00e1ce mezi zem\u011bd\u011blci, kte\u0159\u00ed produkuj\u00ed kvalitn\u00ed a popt\u00e1van\u00e9 potraviny, a obchody, kter\u00e9 r\u00e1dy odeberou v\u0161e, co \u010de\u0161t\u00ed zem\u011bd\u011blci vyprodukuj\u00ed. Pevn\u011b v\u011b\u0159\u00edm, \u017ee se podobn\u011b \u00fasp\u011b\u0161n\u00e1 spolupr\u00e1ce bude rozv\u00edjet i u dal\u0161\u00edch \u010desk\u00fdch potravin,\u201c<\/em> uvedl Tom\u00e1\u0161 Prouza, prezident Svazu obchodu a cestovn\u00edho ruchu \u010cR.<\/p>\n<p>Nejlep\u0161\u00ed prodejci \u010desk\u00e9ho ch\u0159estu za leto\u0161n\u00ed rok jsou: Lidl \u010cesk\u00e1 republika, Kaufland \u010cR a Billa. Ch\u0159est z \u010desk\u00fdch pol\u00ed prod\u00e1v\u00e1 tak\u00e9 nap\u0159\u00edklad spole\u010dnost Velk\u00e1 Pecka a Makro.<\/p>\n<p>Ministerstvo zem\u011bd\u011blstv\u00ed po\u0159\u00e1d\u00e1 sout\u011b\u017e Ocen\u011bn\u00ed nejlep\u0161\u00edch prodejc\u016f \u010desk\u00e9ho ch\u0159estu ka\u017edoro\u010dn\u011b od roku 2021 na podporu odbytu \u010desk\u00fdch zem\u011bd\u011blsk\u00fdch produkt\u016f prost\u0159ednictv\u00edm obchodn\u00edch \u0159et\u011bzc\u016f. C\u00edlem tohoto ocen\u011bn\u00ed je popularizace p\u011bstov\u00e1n\u00ed, prodeje a konzumace ch\u0159estu.<\/p>\n<p><em>\u201eJe pot\u011b\u0161uj\u00edc\u00ed sledovat, \u017ee si ch\u0159est op\u011bt vydobyl sv\u00e9 pevn\u00e9 m\u00edsto na \u010desk\u00fdch stolech. V dob\u011b, kdy jsme v jeho p\u011bstov\u00e1n\u00ed dos\u00e1hli t\u00e9m\u011b\u0159 \u00fapln\u00e9 sob\u011bsta\u010dnosti, by bylo nepochopiteln\u00e9, kdybychom jej dov\u00e1\u017eeli ze zahrani\u010d\u00ed. Tento \u00fasp\u011bch je v\u00fdsledkem nejen na\u0161\u00ed pr\u00e1ce na pol\u00edch, ale tak\u00e9 spolupr\u00e1ce s obchodn\u00edmi \u0159et\u011bzci, kter\u00e9 se dok\u00e1\u017eou p\u0159ibl\u00ed\u017eit popt\u00e1vce \u010desk\u00fdch z\u00e1kazn\u00edk\u016f. Za tento spole\u010dn\u00fd \u00fasp\u011bch a za to, \u017ee podporuj\u00ed lok\u00e1ln\u00ed produkci ch\u0159estu, jim pat\u0159\u00ed na\u0161e up\u0159\u00edmn\u00e9 d\u00edky,\u201c<\/em> \u0159ekl Ji\u0159\u00ed \u0160af\u00e1\u0159, jednatel spole\u010dnosti \u010cesk\u00fd ch\u0159est.<\/p>\n<p>U n\u00e1s jedin\u00fd velk\u00fd p\u011bstitel ch\u0159estu, spole\u010dnost \u010cesk\u00fd ch\u0159est, ho letos p\u011bstoval na 200 hektarech a urodilo se ho asi 210 tun. \u010c\u00e1st se prodala p\u0159\u00edmo z\u00e1kazn\u00edk\u016fm, v\u011bt\u0161inu prodaly obchodn\u00ed \u0159et\u011bzce. Leto\u0161n\u00ed sklize\u0148 byla podpr\u016fm\u011brn\u00e1, \u00farodu po\u0161kodily kroupy a p\u0159\u00edvalov\u00e9 de\u0161t\u011b.<\/p>\n<p><strong>(tz-mze)<\/strong><\/p>\n<hr \/>\n<p>&nbsp;<\/p>\n<h6>Informujeme:<\/h6>\n<h4 class=\"entry-title\"><a href=\"https:\/\/zakrasnejsivimperk.cz\/?p=327306\" target=\"_blank\" rel=\"noopener\">Potravin\u00e1\u0159sk\u00e1 inspekce zjistila dal\u0161\u00ed produkt s obsahem muscimolu \u2013 halucinogenu z muchom\u016frky \u010derven\u00e9<\/a><\/h4>\n<h4 class=\"entry-title\"><a href=\"https:\/\/zakrasnejsivimperk.cz\/?p=327233\" target=\"_blank\" rel=\"noopener\">Plynu je v tuzemsk\u00fdch z\u00e1sobn\u00edc\u00edch p\u0159ed zimou dostatek. Napln\u011bny jsou z 93 procent<\/a><\/h4>\n<h4 class=\"entry-title\"><a href=\"https:\/\/zakrasnejsivimperk.cz\/?p=327207\" target=\"_blank\" rel=\"noopener\">\u201eUk\u00e1zat lidem faktury \u2013 to maj\u00ed zak\u00e1z\u00e1no.\u201c Pravda o drah\u00e9m m\u00e1sle p\u0159\u00edmo z bran\u017ee<\/a><\/h4>\n<h4 class=\"entry-title\"><a href=\"https:\/\/zakrasnejsivimperk.cz\/?p=327162\" target=\"_blank\" rel=\"noopener\">Sb\u00edrka Srdce d\u011btem v Lidlu<\/a><\/h4>\n<h4 class=\"entry-title\"><a href=\"https:\/\/zakrasnejsivimperk.cz\/?p=327196\" target=\"_blank\" rel=\"noopener\">P\u0158E\u010cT\u011aTE SI U N\u00c1S: Den\u00edk Metro \u2013 1. listopadu 2024<\/a><\/h4>\n<h4 class=\"entry-title\"><a href=\"https:\/\/zakrasnejsivimperk.cz\/?p=327096\" target=\"_blank\" rel=\"noopener\">Po\u010det neschopenek v 1. pololet\u00ed roku 2024 klesl o \u010dty\u0159i procenta<\/a><\/h4>\n<h4 class=\"entry-title\"><a href=\"https:\/\/zakrasnejsivimperk.cz\/?p=327080\" target=\"_blank\" rel=\"noopener\">P\u0158E\u010cT\u011aTE SI U N\u00c1S: Den\u00edk Metro \u2013 31. \u0159\u00edjna 2024<\/a><\/h4>\n<hr \/>\n<p>&nbsp;<\/p>\n","protected":false},"excerpt":{"rendered":"<p>Obchodn\u00ed \u0159et\u011bzce <\/p>\n","protected":false},"author":2,"featured_media":327446,"comment_status":"open","ping_status":"open","sticky":false,"template":"","format":"gallery","meta":{"footnotes":""},"categories":[70],"tags":[],"jetpack_featured_media_url":"https:\/\/zakrasnejsivimperk.cz\/wp-content\/uploads\/2024\/11\/03\/z-ruky-mze.jpg","_links":{"self":[{"href":"https:\/\/zakrasnejsivimperk.cz\/index.php?rest_route=\/wp\/v2\/posts\/327442"}],"collection":[{"href":"https:\/\/zakrasnejsivimperk.cz\/index.php?rest_route=\/wp\/v2\/posts"}],"about":[{"href":"https:\/\/zakrasnejsivimperk.cz\/index.php?rest_route=\/wp\/v2\/types\/post"}],"author":[{"embeddable":true,"href":"https:\/\/zakrasnejsivimperk.cz\/index.php?rest_route=\/wp\/v2\/users\/2"}],"replies":[{"embeddable":true,"href":"https:\/\/zakrasnejsivimperk.cz\/index.php?rest_route=%2Fwp%2Fv2%2Fcomments&post=327442"}],"version-history":[{"count":3,"href":"https:\/\/zakrasnejsivimperk.cz\/index.php?rest_route=\/wp\/v2\/posts\/327442\/revisions"}],"predecessor-version":[{"id":327447,"href":"https:\/\/zakrasnejsivimperk.cz\/index.php?rest_route=\/wp\/v2\/posts\/327442\/revisions\/327447"}],"wp:featuredmedia":[{"embeddable":true,"href":"https:\/\/zakrasnejsivimperk.cz\/index.php?rest_route=\/wp\/v2\/media\/327446"}],"wp:attachment":[{"href":"https:\/\/zakrasnejsivimperk.cz\/index.php?rest_route=%2Fwp%2Fv2%2Fmedia&parent=327442"}],"wp:term":[{"taxonomy":"category","embeddable":true,"href":"https:\/\/zakrasnejsivimperk.cz\/index.php?rest_route=%2Fwp%2Fv2%2Fcategories&post=327442"},{"taxonomy":"post_tag","embeddable":true,"href":"https:\/\/zakrasnejsivimperk.cz\/index.php?rest_route=%2Fwp%2Fv2%2Ftags&post=327442"}],"curies":[{"name":"wp","href":"https:\/\/api.w.org\/{rel}","templated":true}]}}