{"id":327306,"date":"2024-11-02T12:55:48","date_gmt":"2024-11-02T11:55:48","guid":{"rendered":"https:\/\/zakrasnejsivimperk.cz\/?p=327306"},"modified":"2024-11-02T12:55:48","modified_gmt":"2024-11-02T11:55:48","slug":"z-prvni-ruky-potravinarska-inspekce-zjistila-dalsi-produkt-s-obsahem-muscimolu-halucinogenu-z-muchomurky-cervene","status":"publish","type":"post","link":"https:\/\/zakrasnejsivimperk.cz\/?p=327306","title":{"rendered":"Z PRVN\u00cd RUKY: Potravin\u00e1\u0159sk\u00e1 inspekce zjistila dal\u0161\u00ed produkt s obsahem muscimolu \u2013 halucinogenu z muchom\u016frky \u010derven\u00e9"},"content":{"rendered":"<h6><img loading=\"lazy\" decoding=\"async\" class=\"size-medium wp-image-202197 alignleft\" src=\"https:\/\/zakrasnejsivimperk.cz\/wp-content\/uploads\/2020\/09\/04\/potravin\u00e1\u0159sk\u00e1-inspekce-szpi-logo-300x42.jpg\" alt=\"\" width=\"300\" height=\"42\" \/>St\u00e1tn\u00ed zem\u011bd\u011blsk\u00e1 a potravin\u00e1\u0159sk\u00e1 inspekce (SZPI) zjistila na trhu dal\u0161\u00ed produkt, kter\u00fd obsahuje l\u00e1tku muscimol \u2013 neurotoxin (siln\u00fd tlumi\u010d centr\u00e1ln\u00edho nervov\u00e9ho syst\u00e9mu) a halucinogen vyskytuj\u00edc\u00ed se v muchom\u016frce \u010derven\u00e9.<\/h6>\n<p><a href=\"https:\/\/zakrasnejsivimperk.cz\/wp-content\/uploads\/2024\/11\/02\/Space-Mushies_muscimol.jpg\" target=\"_blank\" rel=\"noopener\"><img loading=\"lazy\" decoding=\"async\" class=\"alignright wp-image-327309\" src=\"https:\/\/zakrasnejsivimperk.cz\/wp-content\/uploads\/2024\/11\/02\/Space-Mushies_muscimol-855x1024.jpg\" alt=\"\" width=\"500\" height=\"599\" srcset=\"https:\/\/zakrasnejsivimperk.cz\/wp-content\/uploads\/2024\/11\/02\/Space-Mushies_muscimol-855x1024.jpg 855w, https:\/\/zakrasnejsivimperk.cz\/wp-content\/uploads\/2024\/11\/02\/Space-Mushies_muscimol-250x300.jpg 250w, https:\/\/zakrasnejsivimperk.cz\/wp-content\/uploads\/2024\/11\/02\/Space-Mushies_muscimol-768x920.jpg 768w, https:\/\/zakrasnejsivimperk.cz\/wp-content\/uploads\/2024\/11\/02\/Space-Mushies_muscimol-298x357.jpg 298w, https:\/\/zakrasnejsivimperk.cz\/wp-content\/uploads\/2024\/11\/02\/Space-Mushies_muscimol-403x483.jpg 403w, https:\/\/zakrasnejsivimperk.cz\/wp-content\/uploads\/2024\/11\/02\/Space-Mushies_muscimol.jpg 918w\" sizes=\"(max-width: 500px) 100vw, 500px\" \/><\/a>Jedn\u00e1 se o produkt Space Mushies, balen\u00ed o obsahu 10 kus\u016f \u017eelatinov\u00fdch bonbon\u016f, bez ozna\u010den\u00ed \u0161ar\u017ee \/ data pou\u017eitelnosti (DP) \/ data minim\u00e1ln\u00ed trvanlivosti (DMT). Vzorek byl odebr\u00e1n kontroln\u00edm n\u00e1kupem z webov\u00fdch str\u00e1nek <a href=\"https:\/\/www.nejlepsikratom.cz\" target=\"_blank\" rel=\"noopener\"><strong>https:\/\/www.nejlepsikratom.cz<\/strong><\/a>, jejich\u017e provozovatelem je JITKA Z\u00c1VODN\u00c1, 273 63 Bratronice 234. Laboratorn\u00ed rozbor v produktu potvrdil obsah muscimolu v mno\u017estv\u00ed 757 miligram\u016f na kilogram (mg\/kg).<\/p>\n<p>Vzhledem k zji\u0161t\u011bn\u00e9mu mno\u017estv\u00ed muscimolu byl produkt vyhodnocen jako \u0161kodliv\u00fd pro zdrav\u00ed podle \u010dl. 14 odst. 2 p\u00edsm. a) Na\u0159\u00edzen\u00ed (ES) \u010d. 178\/2002.<\/p>\n<p>S kontrolovanou osobou zah\u00e1j\u00ed Potravin\u00e1\u0159sk\u00e1 inspekce spr\u00e1vn\u00ed \u0159\u00edzen\u00ed o ulo\u017een\u00ed pokuty.<\/p>\n<p>Produkt odebrali inspekto\u0159i SZPI na trhu v r\u00e1mci kontroln\u00ed akce zam\u011b\u0159en\u00e9 na potraviny uv\u00e1d\u011bj\u00edc\u00ed obsah l\u00e1tky muscimol a potraviny, u kter\u00fdch lze d\u016fvodn\u011b p\u0159edpokl\u00e1dat, \u017ee muscimol obsahuj\u00ed, p\u0159esto\u017ee nen\u00ed p\u0159\u00edmo uveden na obalu nebo v popisu nap\u0159. p\u0159i internetov\u00e9m prodeji. V r\u00e1mci t\u00e9to kontroln\u00ed akce SZPI u\u017e d\u0159\u00edve zjistila <a href=\"https:\/\/www.szpi.gov.cz\/clanek\/potravinarska-inspekce-zakazala-produkty-s-obsahem-halucinogenu-z-muchomurky-cervene.aspx\" target=\"_blank\" rel=\"noopener\"><strong>t\u0159i nevyhovuj\u00edc\u00ed produkty s obsahem muscimolu<\/strong><\/a>.<\/p>\n<p>D\u016fvodem realizace kontroln\u00ed akce je skute\u010dnost, \u017ee roste po\u010det subjekt\u016f nab\u00edzej\u00edc\u00edch v\u00fdrobky s muscimolem nebo s v\u00fdta\u017eky z muchom\u016frky \u010derven\u00e9.<\/p>\n<p>Tyto produkty jsou \u010dasto nab\u00edzeny jako nepotravin\u00e1\u0159sk\u00e9 zbo\u017e\u00ed \u2013 nap\u0159. upom\u00ednkov\u00e9 nebo sb\u011bratelsk\u00e9 p\u0159edm\u011bty. Z jejich charakteru a prezentace je v\u0161ak z\u0159ejm\u00e9, \u017ee jde o potraviny ur\u010den\u00e9 k lidsk\u00e9 konzumaci a takto k nim i inspekto\u0159i SZPI p\u0159istupuj\u00ed.<\/p>\n<p><strong>Text a foto: (tz-szpi)<\/strong><\/p>\n<hr \/>\n<p>&nbsp;<\/p>\n<h6>Informujeme:<\/h6>\n<h4 class=\"entry-title\"><a href=\"https:\/\/zakrasnejsivimperk.cz\/?p=327233\" target=\"_blank\" rel=\"noopener\">Plynu je v tuzemsk\u00fdch z\u00e1sobn\u00edc\u00edch p\u0159ed zimou dostatek. Napln\u011bny jsou z 93 procent<\/a><\/h4>\n<h4 class=\"entry-title\"><a href=\"https:\/\/zakrasnejsivimperk.cz\/?p=327207\" target=\"_blank\" rel=\"noopener\">\u201eUk\u00e1zat lidem faktury \u2013 to maj\u00ed zak\u00e1z\u00e1no.\u201c Pravda o drah\u00e9m m\u00e1sle p\u0159\u00edmo z bran\u017ee<\/a><\/h4>\n<h4 class=\"entry-title\"><a href=\"https:\/\/zakrasnejsivimperk.cz\/?p=327162\" target=\"_blank\" rel=\"noopener\">Sb\u00edrka Srdce d\u011btem v Lidlu<\/a><\/h4>\n<h4 class=\"entry-title\"><a href=\"https:\/\/zakrasnejsivimperk.cz\/?p=327196\" target=\"_blank\" rel=\"noopener\">P\u0158E\u010cT\u011aTE SI U N\u00c1S: Den\u00edk Metro \u2013 1. listopadu 2024<\/a><\/h4>\n<h4 class=\"entry-title\"><a href=\"https:\/\/zakrasnejsivimperk.cz\/?p=327096\" target=\"_blank\" rel=\"noopener\">Po\u010det neschopenek v 1. pololet\u00ed roku 2024 klesl o \u010dty\u0159i procenta<\/a><\/h4>\n<h4 class=\"entry-title\"><a href=\"https:\/\/zakrasnejsivimperk.cz\/?p=327080\" target=\"_blank\" rel=\"noopener\">P\u0158E\u010cT\u011aTE SI U N\u00c1S: Den\u00edk Metro \u2013 31. \u0159\u00edjna 2024<\/a><\/h4>\n<h4 class=\"entry-title\"><a href=\"https:\/\/zakrasnejsivimperk.cz\/?p=327039\" target=\"_blank\" rel=\"noopener\">Um\u011blou inteligenci pou\u017e\u00edv\u00e1 ji\u017e 11 procent firem<\/a><\/h4>\n<h4 class=\"entry-title\"><a href=\"https:\/\/zakrasnejsivimperk.cz\/?p=327012\" target=\"_blank\" rel=\"noopener\">Vl\u00e1da dnes schv\u00e1lila novelu z\u00e1kona o ve\u0159ejn\u00e9m zdravotn\u00edm poji\u0161t\u011bn\u00ed a o kategorizaci zdravotnick\u00fdch prost\u0159edk\u016f<\/a><\/h4>\n<h4 class=\"entry-title\"><a href=\"https:\/\/zakrasnejsivimperk.cz\/?p=326982\" target=\"_blank\" rel=\"noopener\">Nemocnost v Jiho\u010desk\u00e9m kraji stoup\u00e1 nad tis\u00edc p\u0159\u00edpad\u016f na sto tis\u00edc obyvatel, n\u011bkter\u00e9 nemocnice upravily re\u017eim n\u00e1v\u0161t\u011bv<\/a><\/h4>\n<h4 class=\"entry-title\"><a href=\"https:\/\/zakrasnejsivimperk.cz\/?p=326979\" target=\"_blank\" rel=\"noopener\">HDP vzrostl mezi\u010dtvrtletn\u011b o 0,3 %<\/a><\/h4>\n<h4 class=\"entry-title\"><a href=\"https:\/\/zakrasnejsivimperk.cz\/?p=326935\" target=\"_blank\" rel=\"noopener\">P\u0158E\u010cT\u011aTE SI U N\u00c1S: Den\u00edk Metro \u2013 30. \u0159\u00edjna 2024<\/a><\/h4>\n<h4 class=\"entry-title\"><a href=\"https:\/\/zakrasnejsivimperk.cz\/?p=326915\" target=\"_blank\" rel=\"noopener\">SVS roz\u0161i\u0159uje p\u00e1smo katar\u00e1ln\u00ed hore\u010dky ovc\u00ed na celou \u010ceskou republiku<\/a><\/h4>\n<h4 class=\"entry-title\"><a href=\"https:\/\/zakrasnejsivimperk.cz\/?p=326887\" target=\"_blank\" rel=\"noopener\">\u010cesk\u00e1 republika se st\u00e1le pot\u00fdk\u00e1 se zhor\u0161enou kvalitou ovzdu\u0161\u00ed. To m\u00e1 negativn\u00ed dopad na zdrav\u00ed obyvatel<\/a><\/h4>\n<h4 class=\"entry-title\"><a href=\"https:\/\/zakrasnejsivimperk.cz\/?p=326883\" target=\"_blank\" rel=\"noopener\">Respira\u010dn\u00edch infekc\u00ed t\u00fdden od t\u00fddne p\u0159ib\u00fdv\u00e1<\/a><\/h4>\n<h4 class=\"entry-title\"><a href=\"https:\/\/zakrasnejsivimperk.cz\/?p=326869\" target=\"_blank\" rel=\"noopener\">P\u0158E\u010cT\u011aTE SI U N\u00c1S: Den\u00edk Metro \u2013 29. \u0159\u00edjna 2024<\/a><\/h4>\n<h4 class=\"entry-title\"><a href=\"https:\/\/zakrasnejsivimperk.cz\/?p=326861\" target=\"_blank\" rel=\"noopener\">Cyklist\u00e9 podzim nebal\u00ed: Bu\u010fte vid\u011bt, nebo zmiz\u00edte z cesty nav\u017edy!<\/a><\/h4>\n<h4 class=\"entry-title\"><a href=\"https:\/\/zakrasnejsivimperk.cz\/?p=326652\" target=\"_blank\" rel=\"noopener\">Spr\u00e1va NP \u0160umava je p\u0159ipravena na \u0159e\u0161en\u00ed konfliktn\u00edch situac\u00ed s \u201eprobl\u00e9mov\u00fdmi\u201c vlky<\/a><\/h4>\n<h4 class=\"entry-title\"><a href=\"https:\/\/zakrasnejsivimperk.cz\/?p=326682\" target=\"_blank\" rel=\"noopener\">\u010ctvrtina kontrolovan\u00fdch dopl\u0148k\u016f stravy ur\u010den\u00fdch pro kloubn\u00ed v\u00fd\u017eivu klamala spot\u0159ebitele ohledn\u011b skute\u010dn\u00e9ho slo\u017een\u00ed<\/a><\/h4>\n<hr \/>\n<p>&nbsp;<\/p>\n","protected":false},"excerpt":{"rendered":"<p>St\u00e1tn\u00ed zem\u011bd\u011blsk\u00e1 <\/p>\n","protected":false},"author":2,"featured_media":327312,"comment_status":"open","ping_status":"open","sticky":false,"template":"","format":"gallery","meta":{"footnotes":""},"categories":[70],"tags":[],"jetpack_featured_media_url":"https:\/\/zakrasnejsivimperk.cz\/wp-content\/uploads\/2024\/11\/02\/z-ruky-szpi.jpg","_links":{"self":[{"href":"https:\/\/zakrasnejsivimperk.cz\/index.php?rest_route=\/wp\/v2\/posts\/327306"}],"collection":[{"href":"https:\/\/zakrasnejsivimperk.cz\/index.php?rest_route=\/wp\/v2\/posts"}],"about":[{"href":"https:\/\/zakrasnejsivimperk.cz\/index.php?rest_route=\/wp\/v2\/types\/post"}],"author":[{"embeddable":true,"href":"https:\/\/zakrasnejsivimperk.cz\/index.php?rest_route=\/wp\/v2\/users\/2"}],"replies":[{"embeddable":true,"href":"https:\/\/zakrasnejsivimperk.cz\/index.php?rest_route=%2Fwp%2Fv2%2Fcomments&post=327306"}],"version-history":[{"count":5,"href":"https:\/\/zakrasnejsivimperk.cz\/index.php?rest_route=\/wp\/v2\/posts\/327306\/revisions"}],"predecessor-version":[{"id":327313,"href":"https:\/\/zakrasnejsivimperk.cz\/index.php?rest_route=\/wp\/v2\/posts\/327306\/revisions\/327313"}],"wp:featuredmedia":[{"embeddable":true,"href":"https:\/\/zakrasnejsivimperk.cz\/index.php?rest_route=\/wp\/v2\/media\/327312"}],"wp:attachment":[{"href":"https:\/\/zakrasnejsivimperk.cz\/index.php?rest_route=%2Fwp%2Fv2%2Fmedia&parent=327306"}],"wp:term":[{"taxonomy":"category","embeddable":true,"href":"https:\/\/zakrasnejsivimperk.cz\/index.php?rest_route=%2Fwp%2Fv2%2Fcategories&post=327306"},{"taxonomy":"post_tag","embeddable":true,"href":"https:\/\/zakrasnejsivimperk.cz\/index.php?rest_route=%2Fwp%2Fv2%2Ftags&post=327306"}],"curies":[{"name":"wp","href":"https:\/\/api.w.org\/{rel}","templated":true}]}}