{"id":327233,"date":"2024-11-01T19:11:47","date_gmt":"2024-11-01T18:11:47","guid":{"rendered":"https:\/\/zakrasnejsivimperk.cz\/?p=327233"},"modified":"2024-11-01T19:11:47","modified_gmt":"2024-11-01T18:11:47","slug":"z-prvni-ruky-plynu-je-v-tuzemskych-zasobnicich-pred-zimou-dostatek-naplneny-jsou-z-93-procent","status":"publish","type":"post","link":"https:\/\/zakrasnejsivimperk.cz\/?p=327233","title":{"rendered":"Z PRVN\u00cd RUKY: Plynu je v tuzemsk\u00fdch z\u00e1sobn\u00edc\u00edch p\u0159ed zimou dostatek. Napln\u011bny jsou z 93 procent"},"content":{"rendered":"<h6 class=\"-wm-xmsolistparagraph\"><b><img loading=\"lazy\" decoding=\"async\" class=\"size-medium wp-image-202513 alignleft\" src=\"https:\/\/zakrasnejsivimperk.cz\/wp-content\/uploads\/2020\/09\/06\/mpo-logo-300x146.jpg\" alt=\"\" width=\"300\" height=\"146\" srcset=\"https:\/\/zakrasnejsivimperk.cz\/wp-content\/uploads\/2020\/09\/06\/mpo-logo-300x146.jpg 300w, https:\/\/zakrasnejsivimperk.cz\/wp-content\/uploads\/2020\/09\/06\/mpo-logo-326x159.jpg 326w, https:\/\/zakrasnejsivimperk.cz\/wp-content\/uploads\/2020\/09\/06\/mpo-logo.jpg 620w\" sizes=\"(max-width: 300px) 100vw, 300px\" \/>K dne\u0161n\u00edmu dni je v tuzemsk\u00fdch z\u00e1sobn\u00edc\u00edch plynu 3240 milion\u016f metr\u016f krychlov\u00fdch zemn\u00edho plynu, napln\u011bny jsou zhruba z\u00a0<\/b><b>93<\/b><b>\u00a0procent, jsou tedy m\u00edrn\u011b nadpr\u016fm\u011brn\u00e9. Celkov\u00e1 spot\u0159eba je letos st\u00e1le ni\u017e\u0161\u00ed ne\u017e loni, oproti lo\u0148sk\u00e9mu roku jsme u\u0161et\u0159ili necel\u00fdch 200 milion\u016f kub\u00edk\u016f plynu. \u010cesko tak splnilo povinnost vypl\u00fdvaj\u00edc\u00ed z na\u0159\u00edzen\u00ed Evropsk\u00e9ho parlamentu a Rady Evropsk\u00e9 unie (EU) naplnit z\u00e1sobn\u00edky plynu do dne\u0161n\u00edho dne minim\u00e1ln\u011b na 90 procent jejich kapacity.<\/b><\/h6>\n<p class=\"-wm-MsoNormal\">\u201e<i>Na zimu jsme dob\u0159e p\u0159ipraveni, \u010desk\u00e9 z\u00e1sobn\u00edky s\u00a0plynem jsou d\u00edky na\u0161emu zodpov\u011bdn\u00e9mu p\u0159\u00edstupu op\u011bt pln\u00e9 z v\u00edce ne\u017e 90 procent<a name=\"-wm-_Hlk179880495\"><\/a>,\u201c\u00a0<\/i>\u0159\u00edk\u00e1\u00a0ministr pr\u016fmyslu a obchodu Luk\u00e1\u0161 Vl\u010dek.<\/p>\n<p class=\"-wm-xmsolistparagraph\">Leto\u0161n\u00ed z\u00e1\u0159\u00ed bylo v\u00fdrazn\u011b chladn\u011bj\u0161\u00ed ne\u017e to lo\u0148sk\u00e9. To vedlo k vy\u0161\u0161\u00ed spot\u0159eb\u011b plynu a m\u00edrn\u011b ni\u017e\u0161\u00edmu stavu z\u00e1sobn\u00edk\u016f, kter\u00e9 jsou nyn\u00ed napln\u011bny o n\u011bkolik procent m\u00e9n\u011b ne\u017e loni. I p\u0159es vy\u0161\u0161\u00ed spot\u0159ebu v z\u00e1\u0159\u00ed a \u0159\u00edjnu v\u0161ak z\u016fst\u00e1v\u00e1 celkov\u00e1 spot\u0159eba plynu v tomto roce ni\u017e\u0161\u00ed ne\u017e loni. Oproti minul\u00e9mu roku jsme celkov\u011b u\u0161et\u0159ili t\u00e9m\u011b\u0159 200 milion\u016f kub\u00edk\u016f plynu. Ve srovn\u00e1n\u00ed s rokem 2021 p\u0159itom lo\u0148sk\u00e1 spot\u0159eba klesla o 28 procent, tedy o 2,7 miliardy kub\u00edk\u016f. Sou\u010dasn\u00e9 z\u00e1soby plynu jsou p\u0159esto p\u0159ibli\u017en\u011b o 2 procentn\u00ed body vy\u0161\u0161\u00ed ne\u017e jejich pr\u016fm\u011brn\u00e1 \u00farove\u0148 v\u00a0letech 2019 a\u017e 2023.<\/p>\n<p class=\"-wm-xmsolistparagraph\">Zat\u00edmco do roku 2022 t\u00e9m\u011b\u0159 ve\u0161kerou spot\u0159ebu plynu v\u00a0\u010cesk\u00e9 republice pokr\u00fdvaly dod\u00e1vky plynu z\u00a0Ruska, od \u0159\u00edjna 2022 do z\u00e1\u0159\u00ed 2023 do \u010ceska \u017e\u00e1dn\u00fd plyn z\u00a0Ruska neproudil. V \u0159\u00edjnu 2023 v\u0161ak za\u010dal plyn op\u011bt proudit p\u0159es Slovensko, co\u017e je jedin\u00e1 cesta, kterou m\u016f\u017ee do \u010ceska rusk\u00fd plyn t\u00e9ct.\u00a0<i>\u201e<\/i><i>U\u017e jsme dok\u00e1zali, \u017ee se bez rusk\u00e9ho plynu obejdeme a mus\u00edme te\u010f ud\u011blat v\u0161e pro to, aby tomu tak bylo i do budoucna. Nejen u plynu, ale i dal\u0161\u00edch surovin. Nen\u00ed mor\u00e1ln\u011b ospravedlniteln\u00e9, abychom finan\u010dn\u011b podporovali zbrojen\u00ed re\u017eimu, kter\u00fd n\u00e1s ozna\u010dil za sv\u00e9ho nep\u0159\u00edtele a kter\u00fd vra\u017ed\u00ed d\u011bti a nevinn\u00e9 civilisty. Na odst\u0159ih\u00e1v\u00e1n\u00ed dod\u00e1vek plynu z\u00a0Ruska jsme hodn\u011b odpracovali d\u00edky zaji\u0161t\u011bn\u00ed alternativn\u00edch dod\u00e1vek, jako je pron\u00e1jem LNG termin\u00e1lu v\u00a0Holandsku, a budeme v\u00a0tom pokra\u010dovat,\u201c\u00a0<\/i>dod\u00e1v\u00e1\u00a0ministr Vl\u010dek.<i><\/i><\/p>\n<p class=\"-wm-xmsolistparagraph\">Plyn do \u010ceska dov\u00e1\u017e\u00ed soukromn\u00edci, jejich\u017e obchodn\u00ed rozhodnut\u00ed se \u0159\u00edd\u00ed p\u0159edev\u0161\u00edm cenou. Na sn\u00ed\u017een\u00ed dod\u00e1vek plynu z\u00a0Ruska maj\u00ed zna\u010dn\u00fd vliv opat\u0159en\u00ed vl\u00e1dy, kter\u00e1 pom\u00e1haj\u00ed zajistit alternativn\u00ed dod\u00e1vky. Pod\u00edl v LNG termin\u00e1lu v\u00a0Holandsku pronajala \u010desk\u00e1 vl\u00e1da ve spolupr\u00e1ci se skupinou \u010cEZ. Ten zajist\u00ed p\u0159ibli\u017en\u011b 40 procent ro\u010dn\u00ed spot\u0159eby, p\u0159i\u010dem\u017e do termin\u00e1lu se nesm\u00ed dov\u00e1\u017eet rusk\u00fd plyn. Z\u00e1rove\u0148 vl\u00e1da spole\u010dn\u011b s \u010cEZ zajistily pod\u00edl v budouc\u00edm LNG termin\u00e1lu v n\u011bmeck\u00e9m Stade. Krom\u011b toho ministerstvo zprost\u0159edkov\u00e1v\u00e1 \u010desk\u00fdm obchodn\u00edk\u016fm kontakty s alternativn\u00edmi dodavateli plynu, jako jsou Al\u017e\u00edrsko, Om\u00e1n, Norsko \u010di Spojen\u00e9 st\u00e1ty. Pr\u00e1v\u011b s\u00a0Al\u017e\u00edrskem v\u010dera spole\u010dnost \u010cEZ\u00a0<strong><a href=\"https:\/\/www.mpo.gov.cz\/cz\/rozcestnik\/pro-media\/tiskove-zpravy\/cez-posiluje-energetickou-bezpecnost-uzavrenim-kontraktu-na-dodavky-plynu-z-alzirska--ktery-poputuje-pod-morem-do-evropy---284007\/\" target=\"_blank\" rel=\"noopener\">uzav\u0159ela kontrakt<\/a><\/strong>\u00a0o dod\u00e1vk\u00e1ch plynu. Smlouva pokr\u00fdv\u00e1 ro\u010dn\u00ed objem odpov\u00eddaj\u00edc\u00ed spot\u0159eb\u011b p\u0159ibli\u017en\u011b 100 000 dom\u00e1cnost\u00ed, co\u017e p\u0159edstavuje asi 2 % ro\u010dn\u00ed spot\u0159eby plynu v\u00a0\u010cesku.<\/p>\n<p class=\"-wm-xmsolistparagraph\"><i>\u201eD\u00e1le se poda\u0159ilo dos\u00e1hnout dohody s N\u011bmeckem o zru\u0161en\u00ed jejich poplatku, kter\u00fd prodra\u017euje dod\u00e1vky nerusk\u00e9ho plynu ze z\u00e1padu do st\u0159edn\u00ed Evropy. Po jeho zru\u0161en\u00ed o\u010dek\u00e1v\u00e1me op\u011btovn\u00e9 zvy\u0161ov\u00e1n\u00ed pod\u00edl\u016f dovoz\u016f p\u0159es N\u011bmecko,\u201c<\/i>\u00a0\u0159\u00edk\u00e1\u00a0vrchn\u00ed \u0159editel sekce energetiky Ren\u00e9 Ned\u011bla. D\u00edky v\u0161em t\u011bmto opat\u0159en\u00edm je \u010cesk\u00e1 republika p\u0159ipravena na nadch\u00e1zej\u00edc\u00ed zimn\u00ed sez\u00f3nu a m\u016f\u017ee se spolehnout na stabiln\u00ed a bezpe\u010dn\u00e9 dod\u00e1vky plynu od d\u016fv\u011bryhodn\u00fdch partner\u016f.<\/p>\n<p><strong>(tz-mpo)<\/strong><\/p>\n<hr \/>\n<p>&nbsp;<\/p>\n<article id=\"post-327207\" class=\"post-327207 post type-post status-publish format-gallery has-post-thumbnail hentry category-z-prvni-ruky post_format-post-format-gallery\">\n<div class=\"td-post-text-content\">\n<h6>Informujeme:<\/h6>\n<h4 class=\"entry-title\"><a href=\"https:\/\/zakrasnejsivimperk.cz\/?p=327207\" target=\"_blank\" rel=\"noopener\">\u201eUk\u00e1zat lidem faktury \u2013 to maj\u00ed zak\u00e1z\u00e1no.\u201c Pravda o drah\u00e9m m\u00e1sle p\u0159\u00edmo z bran\u017ee<\/a><\/h4>\n<h4 class=\"entry-title\"><a href=\"https:\/\/zakrasnejsivimperk.cz\/?p=327162\" target=\"_blank\" rel=\"noopener\">Sb\u00edrka Srdce d\u011btem v Lidlu<\/a><\/h4>\n<h4 class=\"entry-title\"><a href=\"https:\/\/zakrasnejsivimperk.cz\/?p=327196\" target=\"_blank\" rel=\"noopener\">P\u0158E\u010cT\u011aTE SI U N\u00c1S: Den\u00edk Metro \u2013 1. listopadu 2024<\/a><\/h4>\n<h4 class=\"entry-title\"><a href=\"https:\/\/zakrasnejsivimperk.cz\/?p=327096\" target=\"_blank\" rel=\"noopener\">Po\u010det neschopenek v 1. pololet\u00ed roku 2024 klesl o \u010dty\u0159i procenta<\/a><\/h4>\n<h4 class=\"entry-title\"><a href=\"https:\/\/zakrasnejsivimperk.cz\/?p=327080\" target=\"_blank\" rel=\"noopener\">P\u0158E\u010cT\u011aTE SI U N\u00c1S: Den\u00edk Metro \u2013 31. \u0159\u00edjna 2024<\/a><\/h4>\n<h4 class=\"entry-title\"><a href=\"https:\/\/zakrasnejsivimperk.cz\/?p=327039\" target=\"_blank\" rel=\"noopener\">Um\u011blou inteligenci pou\u017e\u00edv\u00e1 ji\u017e 11 procent firem<\/a><\/h4>\n<h4 class=\"entry-title\"><a href=\"https:\/\/zakrasnejsivimperk.cz\/?p=327012\" target=\"_blank\" rel=\"noopener\">Vl\u00e1da dnes schv\u00e1lila novelu z\u00e1kona o ve\u0159ejn\u00e9m zdravotn\u00edm poji\u0161t\u011bn\u00ed a o kategorizaci zdravotnick\u00fdch prost\u0159edk\u016f<\/a><\/h4>\n<h4 class=\"entry-title\"><a href=\"https:\/\/zakrasnejsivimperk.cz\/?p=326982\" target=\"_blank\" rel=\"noopener\">Nemocnost v Jiho\u010desk\u00e9m kraji stoup\u00e1 nad tis\u00edc p\u0159\u00edpad\u016f na sto tis\u00edc obyvatel, n\u011bkter\u00e9 nemocnice upravily re\u017eim n\u00e1v\u0161t\u011bv<\/a><\/h4>\n<h4 class=\"entry-title\"><a href=\"https:\/\/zakrasnejsivimperk.cz\/?p=326979\" target=\"_blank\" rel=\"noopener\">HDP vzrostl mezi\u010dtvrtletn\u011b o 0,3 %<\/a><\/h4>\n<h4 class=\"entry-title\"><a href=\"https:\/\/zakrasnejsivimperk.cz\/?p=326935\" target=\"_blank\" rel=\"noopener\">P\u0158E\u010cT\u011aTE SI U N\u00c1S: Den\u00edk Metro \u2013 30. \u0159\u00edjna 2024<\/a><\/h4>\n<h4 class=\"entry-title\"><a href=\"https:\/\/zakrasnejsivimperk.cz\/?p=326915\" target=\"_blank\" rel=\"noopener\">SVS roz\u0161i\u0159uje p\u00e1smo katar\u00e1ln\u00ed hore\u010dky ovc\u00ed na celou \u010ceskou republiku<\/a><\/h4>\n<h4 class=\"entry-title\"><a href=\"https:\/\/zakrasnejsivimperk.cz\/?p=326887\" target=\"_blank\" rel=\"noopener\">\u010cesk\u00e1 republika se st\u00e1le pot\u00fdk\u00e1 se zhor\u0161enou kvalitou ovzdu\u0161\u00ed. To m\u00e1 negativn\u00ed dopad na zdrav\u00ed obyvatel<\/a><\/h4>\n<h4 class=\"entry-title\"><a href=\"https:\/\/zakrasnejsivimperk.cz\/?p=326883\" target=\"_blank\" rel=\"noopener\">Respira\u010dn\u00edch infekc\u00ed t\u00fdden od t\u00fddne p\u0159ib\u00fdv\u00e1<\/a><\/h4>\n<h4 class=\"entry-title\"><a href=\"https:\/\/zakrasnejsivimperk.cz\/?p=326869\" target=\"_blank\" rel=\"noopener\">P\u0158E\u010cT\u011aTE SI U N\u00c1S: Den\u00edk Metro \u2013 29. \u0159\u00edjna 2024<\/a><\/h4>\n<h4 class=\"entry-title\"><a href=\"https:\/\/zakrasnejsivimperk.cz\/?p=326861\" target=\"_blank\" rel=\"noopener\">Cyklist\u00e9 podzim nebal\u00ed: Bu\u010fte vid\u011bt, nebo zmiz\u00edte z cesty nav\u017edy!<\/a><\/h4>\n<h4 class=\"entry-title\"><a href=\"https:\/\/zakrasnejsivimperk.cz\/?p=326652\" target=\"_blank\" rel=\"noopener\">Spr\u00e1va NP \u0160umava je p\u0159ipravena na \u0159e\u0161en\u00ed konfliktn\u00edch situac\u00ed s \u201eprobl\u00e9mov\u00fdmi\u201c vlky<\/a><\/h4>\n<h4 class=\"entry-title\"><a href=\"https:\/\/zakrasnejsivimperk.cz\/?p=326682\" target=\"_blank\" rel=\"noopener\">\u010ctvrtina kontrolovan\u00fdch dopl\u0148k\u016f stravy ur\u010den\u00fdch pro kloubn\u00ed v\u00fd\u017eivu klamala spot\u0159ebitele ohledn\u011b skute\u010dn\u00e9ho slo\u017een\u00ed<\/a><\/h4>\n<hr \/>\n<p>&nbsp;<\/p>\n<\/div>\n<\/article>\n","protected":false},"excerpt":{"rendered":"<p>K dne\u0161n\u00edmu <\/p>\n","protected":false},"author":2,"featured_media":327234,"comment_status":"open","ping_status":"open","sticky":false,"template":"","format":"gallery","meta":{"footnotes":""},"categories":[70],"tags":[],"jetpack_featured_media_url":"https:\/\/zakrasnejsivimperk.cz\/wp-content\/uploads\/2024\/11\/01\/z-ruky-mpo.jpg","_links":{"self":[{"href":"https:\/\/zakrasnejsivimperk.cz\/index.php?rest_route=\/wp\/v2\/posts\/327233"}],"collection":[{"href":"https:\/\/zakrasnejsivimperk.cz\/index.php?rest_route=\/wp\/v2\/posts"}],"about":[{"href":"https:\/\/zakrasnejsivimperk.cz\/index.php?rest_route=\/wp\/v2\/types\/post"}],"author":[{"embeddable":true,"href":"https:\/\/zakrasnejsivimperk.cz\/index.php?rest_route=\/wp\/v2\/users\/2"}],"replies":[{"embeddable":true,"href":"https:\/\/zakrasnejsivimperk.cz\/index.php?rest_route=%2Fwp%2Fv2%2Fcomments&post=327233"}],"version-history":[{"count":1,"href":"https:\/\/zakrasnejsivimperk.cz\/index.php?rest_route=\/wp\/v2\/posts\/327233\/revisions"}],"predecessor-version":[{"id":327235,"href":"https:\/\/zakrasnejsivimperk.cz\/index.php?rest_route=\/wp\/v2\/posts\/327233\/revisions\/327235"}],"wp:featuredmedia":[{"embeddable":true,"href":"https:\/\/zakrasnejsivimperk.cz\/index.php?rest_route=\/wp\/v2\/media\/327234"}],"wp:attachment":[{"href":"https:\/\/zakrasnejsivimperk.cz\/index.php?rest_route=%2Fwp%2Fv2%2Fmedia&parent=327233"}],"wp:term":[{"taxonomy":"category","embeddable":true,"href":"https:\/\/zakrasnejsivimperk.cz\/index.php?rest_route=%2Fwp%2Fv2%2Fcategories&post=327233"},{"taxonomy":"post_tag","embeddable":true,"href":"https:\/\/zakrasnejsivimperk.cz\/index.php?rest_route=%2Fwp%2Fv2%2Ftags&post=327233"}],"curies":[{"name":"wp","href":"https:\/\/api.w.org\/{rel}","templated":true}]}}