{"id":327217,"date":"2024-11-01T12:18:33","date_gmt":"2024-11-01T11:18:33","guid":{"rendered":"https:\/\/zakrasnejsivimperk.cz\/?p=327217"},"modified":"2024-11-01T12:21:06","modified_gmt":"2024-11-01T11:21:06","slug":"aktualne-v-jihoceskem-kraji-je-514-potvrzenych-pripadu-lymeske-boreliozy-v-tydnu-pribylo-6-nove-nahlasenych-pripadu","status":"publish","type":"post","link":"https:\/\/zakrasnejsivimperk.cz\/?p=327217","title":{"rendered":"AKTU\u00c1LN\u011a: V Jiho\u010desk\u00e9m kraji je 514 potvrzen\u00fdch p\u0159\u00edpad\u016f lymesk\u00e9 boreli\u00f3zy, v t\u00fddnu p\u0159ibylo 6 nov\u011b nahl\u00e1\u0161en\u00fdch p\u0159\u00edpad\u016f"},"content":{"rendered":"<h6><img loading=\"lazy\" decoding=\"async\" class=\"size-medium wp-image-199605 alignleft\" src=\"https:\/\/zakrasnejsivimperk.cz\/wp-content\/uploads\/2020\/08\/06\/khs-logo-300x129.jpg\" alt=\"\" width=\"300\" height=\"129\" srcset=\"https:\/\/zakrasnejsivimperk.cz\/wp-content\/uploads\/2020\/08\/06\/khs-logo-300x129.jpg 300w, https:\/\/zakrasnejsivimperk.cz\/wp-content\/uploads\/2020\/08\/06\/khs-logo-768x330.jpg 768w, https:\/\/zakrasnejsivimperk.cz\/wp-content\/uploads\/2020\/08\/06\/khs-logo-831x357.jpg 831w, https:\/\/zakrasnejsivimperk.cz\/wp-content\/uploads\/2020\/08\/06\/khs-logo.jpg 922w\" sizes=\"(max-width: 300px) 100vw, 300px\" \/>\u010cESK\u00c9 BUD\u011aJOVICE 1. 11. \u2013 K 44. kalend\u00e1\u0159n\u00edmu t\u00fddnu eviduj\u00ed jiho\u010de\u0161t\u00ed hygienici celkem 514 nahl\u00e1\u0161en\u00fdch a potvrzen\u00fdch p\u0159\u00edpad\u016f lymesk\u00e9 boreli\u00f3zy a 94 p\u0159\u00edpad\u016f kl\u00ed\u0161\u0165ov\u00e9 encefalitidy. P\u0159edev\u0161\u00edm v\u00fdskyt lymesk\u00e9 boreli\u00f3zy je vy\u0161\u0161\u00ed ne\u017e ve srovnateln\u00e9m obdob\u00ed p\u0159edchoz\u00ed sezony a bude pat\u0159it k v\u016fbec nejvy\u0161\u0161\u00edm v posledn\u00edch letech.<\/h6>\n<p><em>\u201eV t\u00fddnu jsme u kl\u00ed\u0161\u0165ov\u00e9 encefalitidy zaznamenali jeden nahl\u00e1\u0161en\u00fd p\u0159\u00edpad. Zat\u00edm je v kraji potvrzeno 94 p\u0159\u00edpad\u016f, co\u017e je o 26 v\u00edce ne\u017e vloni v tomto obdob\u00ed, kdy jsme jich m\u011bli 68. Kl\u00ed\u0161\u0165ov\u00e9 encefalitidy je nyn\u00ed o 13 p\u0159\u00edpad\u016f v\u00edce ne\u017e vloni za celou sezonu, kdy bylo v kraji potvrzeno 81 p\u0159\u00edpad\u016f. Nejvy\u0161\u0161\u00ed v\u00fdskyt jsme v posledn\u00edch letech registrovali v roce 2020, kdy bylo v Jiho\u010desk\u00e9m kraji za celou sezonu potvrzeno 137 p\u0159\u00edpad\u016f. U lymesk\u00e9 boreli\u00f3zy p\u0159ibylo v t\u00fddnu 6 nov\u011b potvrzen\u00fdch p\u0159\u00edpad\u016f. Aktu\u00e1ln\u011b evidujeme od za\u010d\u00e1tku roku 514 nahl\u00e1\u0161en\u00fdch a potvrzen\u00fdch p\u0159\u00edpad\u016f, co\u017e je o 82 v\u00edce ne\u017e vloni v tomto obdob\u00ed, kdy jsme jich m\u011bli 432. Vloni a p\u0159edloni jsme v p\u0159\u00edpad\u011b lymesk\u00e9 boreli\u00f3zy zaznamenali v\u016fbec nejvy\u0161\u0161\u00ed v\u00fdskyty za posledn\u00ed roky, kdy bylo v kraji potvrzeno p\u0159edloni 529 a vloni 518 p\u0159\u00edpad\u016f, leto\u0161n\u00ed v\u00fdskyt se nyn\u00ed na za\u010d\u00e1tku listopadu k t\u011bmto hodnot\u00e1m bl\u00ed\u017e\u00ed,\u201c<\/em> uvedla \u0159editelka KHS Jiho\u010desk\u00e9ho kraje Kvetoslava Kotrbov\u00e1.<\/p>\n<p>Od za\u010d\u00e1tku roku bylo v Jiho\u010desk\u00e9m kraji potvrzeno 94 p\u0159\u00edpad\u016f kl\u00ed\u0161\u0165ov\u00e9 encefalitidy: \u010ceskobud\u011bjovicko m\u00e1 26 p\u0159\u00edpad\u016f, \u010ceskokrumlovsko 20, Strakonicko 19, Prachaticko 12, T\u00e1borsko 9, P\u00edsecko 5 a Jind\u0159ichohradecko 3. Vloni bylo v kraji k 44. t\u00fddnu potvrzeno celkem 68 p\u0159\u00edpad\u016f. N\u00e1r\u016fst oproti minul\u00e9 sezon\u011b je nejv\u00edce patrn\u00fd na Strakonicku, kde bylo vloni v tomto obdob\u00ed 7 p\u0159\u00edpad\u016f a letos 19.<\/p>\n<p>Potvrzeno bylo k dne\u0161ku 514 p\u0159\u00edpad\u016f lymesk\u00e9 boreli\u00f3zy, o 82 v\u00edce ne\u017e vloni v tomto obdob\u00ed, v t\u00fddnu p\u0159ibylo 6 nov\u011b potvrzen\u00fdch p\u0159\u00edpad\u016f. Nejv\u00edce jich je na \u010ceskobud\u011bjovicku (123), Jind\u0159ichohradecku (101) a na T\u00e1borsku (73). Vysok\u00fd je letos v\u00fdskyt na Prachaticku, kde je 67 p\u0159\u00edpad\u016f, vloni tu bylo v tomto obdob\u00ed 28 p\u0159\u00edpad\u016f, a na \u010ceskokrumlovsku, kde je rovn\u011b\u017e 67 p\u0159\u00edpad\u016f. D\u00e1le je na P\u00edsecku 51 p\u0159\u00edpad\u016f, vloni zde bylo k 44. t\u00fddnu 22 p\u0159\u00edpad\u016f, i tady je v\u00edce ne\u017e dvojn\u00e1sobn\u00fd v\u00fdskyt oproti lo\u0148sku, na Strakonicku je aktu\u00e1ln\u011b 32 potvrzen\u00fdch p\u0159\u00edpad\u016f.<\/p>\n<p><strong>Pro srovn\u00e1n\u00ed v\u00fdskyt kl\u00ed\u0161\u0165aty p\u0159en\u00e1\u0161en\u00fdch onemocn\u011bn\u00ed v Jiho\u010desk\u00e9m kraji<\/strong><\/p>\n<p><strong>V\u00fdskyt lymesk\u00e9 boreli\u00f3zy za posledn\u00ed roky<\/strong><\/p>\n<p>o V r. 2018 to bylo 473 p\u0159\u00edpad\u016f<\/p>\n<p>o V r. 2019 to bylo 431 p\u0159\u00edpad\u016f<\/p>\n<p>o V r. 2020 to bylo 367 p\u0159\u00edpad\u016f<\/p>\n<p>o V r. 2021 to bylo 270 p\u0159\u00edpad\u016f<\/p>\n<p>o V r. 2022 to bylo 529 p\u0159\u00edpad\u016f<\/p>\n<p>o V r. 2023 to bylo 518 p\u0159\u00edpad\u016f<\/p>\n<p><strong>\u00b7 V\u00fdskyt kl\u00ed\u0161\u0165ov\u00e9 encefalitidy v absolutn\u00edch \u010d\u00edslech za posledn\u00ed roky<\/strong><\/p>\n<p>o V r. 2018 to bylo 121 p\u0159\u00edpad\u016f<\/p>\n<p>o V r. 2019 to bylo 99 p\u0159\u00edpad\u016f<\/p>\n<p>o V r. 2020 to bylo 137 p\u0159\u00edpad\u016f<\/p>\n<p>o V r. 2021 to bylo 83 p\u0159\u00edpad\u016f<\/p>\n<p>o V r. 2022 to bylo 130 p\u0159\u00edpad\u016f<\/p>\n<p>o V r. 2023 to bylo 81 p\u0159\u00edpad\u016f<\/p>\n<p>&nbsp;<\/p>\n<p><strong>(tz-khs)<\/strong><\/p>\n<hr \/>\n<p>&nbsp;<\/p>\n<article id=\"post-327207\" class=\"post-327207 post type-post status-publish format-gallery has-post-thumbnail hentry category-z-prvni-ruky post_format-post-format-gallery\">\n<div class=\"td-post-text-content\">\n<h6>Informujeme:<\/h6>\n<h4 class=\"entry-title\"><a href=\"https:\/\/zakrasnejsivimperk.cz\/?p=327207\" target=\"_blank\" rel=\"noopener\">\u201eUk\u00e1zat lidem faktury \u2013 to maj\u00ed zak\u00e1z\u00e1no.\u201c Pravda o drah\u00e9m m\u00e1sle p\u0159\u00edmo z bran\u017ee<\/a><\/h4>\n<h4 class=\"entry-title\"><a href=\"https:\/\/zakrasnejsivimperk.cz\/?p=327162\" target=\"_blank\" rel=\"noopener\">Sb\u00edrka Srdce d\u011btem v Lidlu<\/a><\/h4>\n<h4 class=\"entry-title\"><a href=\"https:\/\/zakrasnejsivimperk.cz\/?p=327196\" target=\"_blank\" rel=\"noopener\">P\u0158E\u010cT\u011aTE SI U N\u00c1S: Den\u00edk Metro \u2013 1. listopadu 2024<\/a><\/h4>\n<h4 class=\"entry-title\"><a href=\"https:\/\/zakrasnejsivimperk.cz\/?p=327096\" target=\"_blank\" rel=\"noopener\">Po\u010det neschopenek v 1. pololet\u00ed roku 2024 klesl o \u010dty\u0159i procenta<\/a><\/h4>\n<h4 class=\"entry-title\"><a href=\"https:\/\/zakrasnejsivimperk.cz\/?p=327080\" target=\"_blank\" rel=\"noopener\">P\u0158E\u010cT\u011aTE SI U N\u00c1S: Den\u00edk Metro \u2013 31. \u0159\u00edjna 2024<\/a><\/h4>\n<h4 class=\"entry-title\"><a href=\"https:\/\/zakrasnejsivimperk.cz\/?p=327039\" target=\"_blank\" rel=\"noopener\">Um\u011blou inteligenci pou\u017e\u00edv\u00e1 ji\u017e 11 procent firem<\/a><\/h4>\n<h4 class=\"entry-title\"><a href=\"https:\/\/zakrasnejsivimperk.cz\/?p=327012\" target=\"_blank\" rel=\"noopener\">Vl\u00e1da dnes schv\u00e1lila novelu z\u00e1kona o ve\u0159ejn\u00e9m zdravotn\u00edm poji\u0161t\u011bn\u00ed a o kategorizaci zdravotnick\u00fdch prost\u0159edk\u016f<\/a><\/h4>\n<h4 class=\"entry-title\"><a href=\"https:\/\/zakrasnejsivimperk.cz\/?p=326982\" target=\"_blank\" rel=\"noopener\">Nemocnost v Jiho\u010desk\u00e9m kraji stoup\u00e1 nad tis\u00edc p\u0159\u00edpad\u016f na sto tis\u00edc obyvatel, n\u011bkter\u00e9 nemocnice upravily re\u017eim n\u00e1v\u0161t\u011bv<\/a><\/h4>\n<h4 class=\"entry-title\"><a href=\"https:\/\/zakrasnejsivimperk.cz\/?p=326979\" target=\"_blank\" rel=\"noopener\">HDP vzrostl mezi\u010dtvrtletn\u011b o 0,3 %<\/a><\/h4>\n<h4 class=\"entry-title\"><a href=\"https:\/\/zakrasnejsivimperk.cz\/?p=326935\" target=\"_blank\" rel=\"noopener\">P\u0158E\u010cT\u011aTE SI U N\u00c1S: Den\u00edk Metro \u2013 30. \u0159\u00edjna 2024<\/a><\/h4>\n<h4 class=\"entry-title\"><a href=\"https:\/\/zakrasnejsivimperk.cz\/?p=326915\" target=\"_blank\" rel=\"noopener\">SVS roz\u0161i\u0159uje p\u00e1smo katar\u00e1ln\u00ed hore\u010dky ovc\u00ed na celou \u010ceskou republiku<\/a><\/h4>\n<h4 class=\"entry-title\"><a href=\"https:\/\/zakrasnejsivimperk.cz\/?p=326887\" target=\"_blank\" rel=\"noopener\">\u010cesk\u00e1 republika se st\u00e1le pot\u00fdk\u00e1 se zhor\u0161enou kvalitou ovzdu\u0161\u00ed. To m\u00e1 negativn\u00ed dopad na zdrav\u00ed obyvatel<\/a><\/h4>\n<h4 class=\"entry-title\"><a href=\"https:\/\/zakrasnejsivimperk.cz\/?p=326883\" target=\"_blank\" rel=\"noopener\">Respira\u010dn\u00edch infekc\u00ed t\u00fdden od t\u00fddne p\u0159ib\u00fdv\u00e1<\/a><\/h4>\n<h4 class=\"entry-title\"><a href=\"https:\/\/zakrasnejsivimperk.cz\/?p=326869\" target=\"_blank\" rel=\"noopener\">P\u0158E\u010cT\u011aTE SI U N\u00c1S: Den\u00edk Metro \u2013 29. \u0159\u00edjna 2024<\/a><\/h4>\n<h4 class=\"entry-title\"><a href=\"https:\/\/zakrasnejsivimperk.cz\/?p=326861\" target=\"_blank\" rel=\"noopener\">Cyklist\u00e9 podzim nebal\u00ed: Bu\u010fte vid\u011bt, nebo zmiz\u00edte z cesty nav\u017edy!<\/a><\/h4>\n<h4 class=\"entry-title\"><a href=\"https:\/\/zakrasnejsivimperk.cz\/?p=326652\" target=\"_blank\" rel=\"noopener\">Spr\u00e1va NP \u0160umava je p\u0159ipravena na \u0159e\u0161en\u00ed konfliktn\u00edch situac\u00ed s \u201eprobl\u00e9mov\u00fdmi\u201c vlky<\/a><\/h4>\n<h4 class=\"entry-title\"><a href=\"https:\/\/zakrasnejsivimperk.cz\/?p=326682\" target=\"_blank\" rel=\"noopener\">\u010ctvrtina kontrolovan\u00fdch dopl\u0148k\u016f stravy ur\u010den\u00fdch pro kloubn\u00ed v\u00fd\u017eivu klamala spot\u0159ebitele ohledn\u011b skute\u010dn\u00e9ho slo\u017een\u00ed<\/a><\/h4>\n<hr \/>\n<p>&nbsp;<\/p>\n<\/div>\n<\/article>\n","protected":false},"excerpt":{"rendered":"<p>\u010cESK\u00c9 BUD\u011aJOVICE <\/p>\n","protected":false},"author":2,"featured_media":320602,"comment_status":"open","ping_status":"open","sticky":false,"template":"","format":"gallery","meta":{"footnotes":""},"categories":[179],"tags":[],"jetpack_featured_media_url":"https:\/\/zakrasnejsivimperk.cz\/wp-content\/uploads\/2024\/09\/06\/nove-klistata.jpg","_links":{"self":[{"href":"https:\/\/zakrasnejsivimperk.cz\/index.php?rest_route=\/wp\/v2\/posts\/327217"}],"collection":[{"href":"https:\/\/zakrasnejsivimperk.cz\/index.php?rest_route=\/wp\/v2\/posts"}],"about":[{"href":"https:\/\/zakrasnejsivimperk.cz\/index.php?rest_route=\/wp\/v2\/types\/post"}],"author":[{"embeddable":true,"href":"https:\/\/zakrasnejsivimperk.cz\/index.php?rest_route=\/wp\/v2\/users\/2"}],"replies":[{"embeddable":true,"href":"https:\/\/zakrasnejsivimperk.cz\/index.php?rest_route=%2Fwp%2Fv2%2Fcomments&post=327217"}],"version-history":[{"count":2,"href":"https:\/\/zakrasnejsivimperk.cz\/index.php?rest_route=\/wp\/v2\/posts\/327217\/revisions"}],"predecessor-version":[{"id":327224,"href":"https:\/\/zakrasnejsivimperk.cz\/index.php?rest_route=\/wp\/v2\/posts\/327217\/revisions\/327224"}],"wp:featuredmedia":[{"embeddable":true,"href":"https:\/\/zakrasnejsivimperk.cz\/index.php?rest_route=\/wp\/v2\/media\/320602"}],"wp:attachment":[{"href":"https:\/\/zakrasnejsivimperk.cz\/index.php?rest_route=%2Fwp%2Fv2%2Fmedia&parent=327217"}],"wp:term":[{"taxonomy":"category","embeddable":true,"href":"https:\/\/zakrasnejsivimperk.cz\/index.php?rest_route=%2Fwp%2Fv2%2Fcategories&post=327217"},{"taxonomy":"post_tag","embeddable":true,"href":"https:\/\/zakrasnejsivimperk.cz\/index.php?rest_route=%2Fwp%2Fv2%2Ftags&post=327217"}],"curies":[{"name":"wp","href":"https:\/\/api.w.org\/{rel}","templated":true}]}}