{"id":327207,"date":"2024-11-01T12:10:27","date_gmt":"2024-11-01T11:10:27","guid":{"rendered":"https:\/\/zakrasnejsivimperk.cz\/?p=327207"},"modified":"2024-11-01T12:10:27","modified_gmt":"2024-11-01T11:10:27","slug":"z-prvni-ruky-ukazat-lidem-faktury-to-maji-zakazano-pravda-o-drahem-masle-primo-z-branze","status":"publish","type":"post","link":"https:\/\/zakrasnejsivimperk.cz\/?p=327207","title":{"rendered":"Z PRVN\u00cd RUKY: \u201eUk\u00e1zat lidem faktury \u2013 to maj\u00ed zak\u00e1z\u00e1no.\u201c Pravda o drah\u00e9m m\u00e1sle p\u0159\u00edmo z bran\u017ee"},"content":{"rendered":"<h1>\u010cl\u00e1nek otev\u0159ete kliknut\u00edm na obr\u00e1zek:<\/h1>\n<p>&nbsp;<\/p>\n<p><a href=\"https:\/\/www.parlamentnilisty.cz\/arena\/rozhovory\/-Ukazat-lidem-faktury-to-maji-zakazano-Pravda-o-drahem-masle-primo-z-branze-764116?fbclid=IwY2xjawGRZDVleHRuA2FlbQIxMAABHUtiU5d5f2Z-WkXSlzY2xYsrhuut5--V3opMxy8yLzmtBS0n0ye0oKXe5A_aem_H8nU_EDFKkf66xeN8wT5zg\" target=\"_blank\" rel=\"noopener\"><img loading=\"lazy\" decoding=\"async\" class=\"aligncenter wp-image-43379 size-full\" src=\"https:\/\/zakrasnejsivimperk.cz\/wp-content\/uploads\/2016\/01\/17\/parlamentni-listy.jpg\" alt=\"\" width=\"600\" height=\"317\" srcset=\"https:\/\/zakrasnejsivimperk.cz\/wp-content\/uploads\/2016\/01\/17\/parlamentni-listy.jpg 600w, https:\/\/zakrasnejsivimperk.cz\/wp-content\/uploads\/2016\/01\/17\/parlamentni-listy-300x159.jpg 300w\" sizes=\"(max-width: 600px) 100vw, 600px\" \/><\/a><\/p>\n<hr \/>\n<p>&nbsp;<\/p>\n<h6>Informujeme:<\/h6>\n<h4 class=\"entry-title\"><a href=\"https:\/\/zakrasnejsivimperk.cz\/?p=327162\" target=\"_blank\" rel=\"noopener\">Sb\u00edrka Srdce d\u011btem v Lidlu<\/a><\/h4>\n<h4 class=\"entry-title\"><a href=\"https:\/\/zakrasnejsivimperk.cz\/?p=327196\" target=\"_blank\" rel=\"noopener\">P\u0158E\u010cT\u011aTE SI U N\u00c1S: Den\u00edk Metro \u2013 1. listopadu 2024<\/a><\/h4>\n<h4 class=\"entry-title\"><a href=\"https:\/\/zakrasnejsivimperk.cz\/?p=327096\" target=\"_blank\" rel=\"noopener\">Po\u010det neschopenek v 1. pololet\u00ed roku 2024 klesl o \u010dty\u0159i procenta<\/a><\/h4>\n<h4 class=\"entry-title\"><a href=\"https:\/\/zakrasnejsivimperk.cz\/?p=327080\" target=\"_blank\" rel=\"noopener\">P\u0158E\u010cT\u011aTE SI U N\u00c1S: Den\u00edk Metro \u2013 31. \u0159\u00edjna 2024<\/a><\/h4>\n<h4 class=\"entry-title\"><a href=\"https:\/\/zakrasnejsivimperk.cz\/?p=327039\" target=\"_blank\" rel=\"noopener\">Um\u011blou inteligenci pou\u017e\u00edv\u00e1 ji\u017e 11 procent firem<\/a><\/h4>\n<h4 class=\"entry-title\"><a href=\"https:\/\/zakrasnejsivimperk.cz\/?p=327012\" target=\"_blank\" rel=\"noopener\">Vl\u00e1da dnes schv\u00e1lila novelu z\u00e1kona o ve\u0159ejn\u00e9m zdravotn\u00edm poji\u0161t\u011bn\u00ed a o kategorizaci zdravotnick\u00fdch prost\u0159edk\u016f<\/a><\/h4>\n<h4 class=\"entry-title\"><a href=\"https:\/\/zakrasnejsivimperk.cz\/?p=326982\" target=\"_blank\" rel=\"noopener\">Nemocnost v Jiho\u010desk\u00e9m kraji stoup\u00e1 nad tis\u00edc p\u0159\u00edpad\u016f na sto tis\u00edc obyvatel, n\u011bkter\u00e9 nemocnice upravily re\u017eim n\u00e1v\u0161t\u011bv<\/a><\/h4>\n<h4 class=\"entry-title\"><a href=\"https:\/\/zakrasnejsivimperk.cz\/?p=326979\" target=\"_blank\" rel=\"noopener\">HDP vzrostl mezi\u010dtvrtletn\u011b o 0,3 %<\/a><\/h4>\n<h4 class=\"entry-title\"><a href=\"https:\/\/zakrasnejsivimperk.cz\/?p=326935\" target=\"_blank\" rel=\"noopener\">P\u0158E\u010cT\u011aTE SI U N\u00c1S: Den\u00edk Metro \u2013 30. \u0159\u00edjna 2024<\/a><\/h4>\n<h4 class=\"entry-title\"><a href=\"https:\/\/zakrasnejsivimperk.cz\/?p=326915\" target=\"_blank\" rel=\"noopener\">SVS roz\u0161i\u0159uje p\u00e1smo katar\u00e1ln\u00ed hore\u010dky ovc\u00ed na celou \u010ceskou republiku<\/a><\/h4>\n<h4 class=\"entry-title\"><a href=\"https:\/\/zakrasnejsivimperk.cz\/?p=326887\" target=\"_blank\" rel=\"noopener\">\u010cesk\u00e1 republika se st\u00e1le pot\u00fdk\u00e1 se zhor\u0161enou kvalitou ovzdu\u0161\u00ed. To m\u00e1 negativn\u00ed dopad na zdrav\u00ed obyvatel<\/a><\/h4>\n<h4 class=\"entry-title\"><a href=\"https:\/\/zakrasnejsivimperk.cz\/?p=326883\" target=\"_blank\" rel=\"noopener\">Respira\u010dn\u00edch infekc\u00ed t\u00fdden od t\u00fddne p\u0159ib\u00fdv\u00e1<\/a><\/h4>\n<h4 class=\"entry-title\"><a href=\"https:\/\/zakrasnejsivimperk.cz\/?p=326869\" target=\"_blank\" rel=\"noopener\">P\u0158E\u010cT\u011aTE SI U N\u00c1S: Den\u00edk Metro \u2013 29. \u0159\u00edjna 2024<\/a><\/h4>\n<h4 class=\"entry-title\"><a href=\"https:\/\/zakrasnejsivimperk.cz\/?p=326861\" target=\"_blank\" rel=\"noopener\">Cyklist\u00e9 podzim nebal\u00ed: Bu\u010fte vid\u011bt, nebo zmiz\u00edte z cesty nav\u017edy!<\/a><\/h4>\n<h4 class=\"entry-title\"><a href=\"https:\/\/zakrasnejsivimperk.cz\/?p=326652\" target=\"_blank\" rel=\"noopener\">Spr\u00e1va NP \u0160umava je p\u0159ipravena na \u0159e\u0161en\u00ed konfliktn\u00edch situac\u00ed s \u201eprobl\u00e9mov\u00fdmi\u201c vlky<\/a><\/h4>\n<h4 class=\"entry-title\"><a href=\"https:\/\/zakrasnejsivimperk.cz\/?p=326682\" target=\"_blank\" rel=\"noopener\">\u010ctvrtina kontrolovan\u00fdch dopl\u0148k\u016f stravy ur\u010den\u00fdch pro kloubn\u00ed v\u00fd\u017eivu klamala spot\u0159ebitele ohledn\u011b skute\u010dn\u00e9ho slo\u017een\u00ed<\/a><\/h4>\n<hr \/>\n<p>&nbsp;<\/p>\n","protected":false},"excerpt":{"rendered":"<p>\u010cl\u00e1nek otev\u0159ete <\/p>\n","protected":false},"author":2,"featured_media":327215,"comment_status":"open","ping_status":"open","sticky":false,"template":"","format":"gallery","meta":{"footnotes":""},"categories":[70],"tags":[],"jetpack_featured_media_url":"https:\/\/zakrasnejsivimperk.cz\/wp-content\/uploads\/2024\/11\/01\/z-ruky-maslo.jpg","_links":{"self":[{"href":"https:\/\/zakrasnejsivimperk.cz\/index.php?rest_route=\/wp\/v2\/posts\/327207"}],"collection":[{"href":"https:\/\/zakrasnejsivimperk.cz\/index.php?rest_route=\/wp\/v2\/posts"}],"about":[{"href":"https:\/\/zakrasnejsivimperk.cz\/index.php?rest_route=\/wp\/v2\/types\/post"}],"author":[{"embeddable":true,"href":"https:\/\/zakrasnejsivimperk.cz\/index.php?rest_route=\/wp\/v2\/users\/2"}],"replies":[{"embeddable":true,"href":"https:\/\/zakrasnejsivimperk.cz\/index.php?rest_route=%2Fwp%2Fv2%2Fcomments&post=327207"}],"version-history":[{"count":3,"href":"https:\/\/zakrasnejsivimperk.cz\/index.php?rest_route=\/wp\/v2\/posts\/327207\/revisions"}],"predecessor-version":[{"id":327216,"href":"https:\/\/zakrasnejsivimperk.cz\/index.php?rest_route=\/wp\/v2\/posts\/327207\/revisions\/327216"}],"wp:featuredmedia":[{"embeddable":true,"href":"https:\/\/zakrasnejsivimperk.cz\/index.php?rest_route=\/wp\/v2\/media\/327215"}],"wp:attachment":[{"href":"https:\/\/zakrasnejsivimperk.cz\/index.php?rest_route=%2Fwp%2Fv2%2Fmedia&parent=327207"}],"wp:term":[{"taxonomy":"category","embeddable":true,"href":"https:\/\/zakrasnejsivimperk.cz\/index.php?rest_route=%2Fwp%2Fv2%2Fcategories&post=327207"},{"taxonomy":"post_tag","embeddable":true,"href":"https:\/\/zakrasnejsivimperk.cz\/index.php?rest_route=%2Fwp%2Fv2%2Ftags&post=327207"}],"curies":[{"name":"wp","href":"https:\/\/api.w.org\/{rel}","templated":true}]}}