{"id":327162,"date":"2024-11-01T12:02:03","date_gmt":"2024-11-01T11:02:03","guid":{"rendered":"https:\/\/zakrasnejsivimperk.cz\/?p=327162"},"modified":"2024-11-01T12:02:03","modified_gmt":"2024-11-01T11:02:03","slug":"z-prvni-ruky-sbirka-srdce-detem-v-lidlu","status":"publish","type":"post","link":"https:\/\/zakrasnejsivimperk.cz\/?p=327162","title":{"rendered":"Z PRVN\u00cd RUKY: Sb\u00edrka Srdce d\u011btem v Lidlu"},"content":{"rendered":"<h6><img loading=\"lazy\" decoding=\"async\" class=\"size-full wp-image-177056 alignleft\" src=\"https:\/\/zakrasnejsivimperk.cz\/wp-content\/uploads\/2019\/11\/16\/protext-logo.png\" alt=\"\" width=\"240\" height=\"240\" srcset=\"https:\/\/zakrasnejsivimperk.cz\/wp-content\/uploads\/2019\/11\/16\/protext-logo.png 240w, https:\/\/zakrasnejsivimperk.cz\/wp-content\/uploads\/2019\/11\/16\/protext-logo-150x150.png 150w, https:\/\/zakrasnejsivimperk.cz\/wp-content\/uploads\/2019\/11\/16\/protext-logo-210x210.png 210w\" sizes=\"(max-width: 240px) 100vw, 240px\" \/>Praha (PROTEXT) &#8211; Sb\u00edrka Srdce d\u011btem, kter\u00e1 ji\u017e t\u0159in\u00e1ctkr\u00e1t prob\u011bhla ve v\u0161ech prodejn\u00e1ch spole\u010dnosti Lidl, je u\u017e op\u011bt tady.<\/h6>\n<p>Od 4.11. do 17.11. si v Lidl prodejn\u00e1ch m\u016f\u017eete zakoupit samolepku ve tvaru srd\u00ed\u010dka a tu potom nalepit do velk\u00e9ho srdce ve v\u00fdloze. Za t\u0159in\u00e1ct let p\u0159inesla tato mimo\u0159\u00e1dn\u00e1 sb\u00edrka rodin\u00e1m s v\u00e1\u017en\u011b nemocn\u00fdmi d\u011btmi n\u00e1dhernou \u010d\u00e1stku 326 000 000 K\u010d a za n\u011b na\u0161e organizace \u017divot d\u011btem o.p.s. pomohla do dne\u0161n\u00edho dne 10 701 rodin\u011b. Je to kr\u00e1sn\u00e1 zpr\u00e1va o na\u0161\u00ed laskavosti, o tom, \u017ee v\u0161ichni dob\u0159e v\u00edme, jak t\u011b\u017ek\u00e9 a n\u00e1ro\u010dn\u00e9 pro rodiny je starat se s l\u00e1skou a velkou fyzickou i psychickou pe\u010dlivost\u00ed o nemocn\u00e9 d\u00edt\u011b. Tyto rodiny jsou za pomoc ze sb\u00edrky Srdce d\u011btem velmi vd\u011b\u010dn\u00e9 a nejde jen o finan\u010dn\u00ed pomoc, ale z jejich dopis\u016f v\u00edme, \u017ee jim velmi pom\u00e1h\u00e1 i v\u011bdom\u00ed, \u017ee na svou n\u00e1ro\u010dnou situaci nejsou samy.<\/p>\n<p>Leto\u0161n\u00ed sb\u00edrka ve v\u0161ech prodejn\u00e1ch Lidl prob\u011bhne u\u017e po \u010dtrn\u00e1ct\u00e9. Op\u011bt m\u016f\u017eeme p\u0159ij\u00edt do Lidlu, u pokladny si zakoupit samolepku srd\u00ed\u010dka za minim\u00e1ln\u00ed \u010d\u00e1stku 30 K\u010d a tu potom nalepit do velk\u00e9ho srdce ve v\u00fdloze. V ka\u017ed\u00e9 prodejn\u011b najdete velk\u00fd plak\u00e1t s d\u00edt\u011btem z regionu, kde bydl\u00edte, kter\u00e9mu pomohla lo\u0148sk\u00e1 sb\u00edrka. Ta opravdu pom\u00e1h\u00e1 nemocn\u00fdm d\u011btem z cel\u00e9 na\u0161\u00ed republiky. Je to nap\u0159\u00edklad mal\u00e1 Viktorka z Doln\u00ed Dobrou\u010de, kter\u00e1 trp\u00ed vz\u00e1cn\u00fdm genetick\u00fdm onemocn\u011bn\u00edm mukopolysacharid\u00f3zou nebo t\u0159eba Maxmili\u00e1n z Bohum\u00edna s kombinovan\u00fdm onemocn\u011bn\u00edm.<\/p>\n<p>Za v\u0161echny rodiny s nemocn\u00fdmi d\u011btmi, kter\u00fdm pom\u00e1h\u00e1me u\u017e t\u00e9m\u011b\u0159 25 let, pros\u00edme v\u0161echny lidi, kte\u0159\u00ed si to mohou dovolit, p\u0159ij\u010fte od 4.11. do 17.11. do jak\u00e9koliv prodejny Lidl a kupte si mal\u00e9 srd\u00ed\u010dko. Pros\u00edme, pomozte v\u0161echna velk\u00e1 srdce ve v\u00fdloh\u00e1ch t\u011bmi mal\u00fdmi do posledn\u00edho m\u00edste\u010dka. I ta sebemen\u0161\u00ed pomoc, kdy\u017e se n\u00e1s zapoj\u00ed hodn\u011b, m\u00e1 obrovsk\u00fd v\u00fdznam pro ty, ke kter\u00fdm osud nebyl spravedliv\u00fd, pro d\u011bti, kter\u00fdm je \u010dasto odep\u0159eno b\u011bhat, hr\u00e1t si nebo t\u0159eba jen \u0159\u00edct to kr\u00e1sn\u00e9 sl\u016fvko \u201em\u00e1ma\u201c nebo \u201et\u00e1ta\u201c.<\/p>\n<p>D\u011bkujeme v\u0161em, kter\u00fdm osud t\u011bchto d\u011bt\u00ed nen\u00ed lhostejn\u00fd a pros\u00edme, p\u0159idejte se a podpo\u0159te dneska u\u017e tradi\u010dn\u00ed sb\u00edrku Srdce d\u011btem v Lidlu. Velmi si Va\u0161\u00ed pomoci v\u00e1\u017e\u00edme.<\/p>\n<hr \/>\n<p>&nbsp;<\/p>\n<article id=\"post-327151\" class=\"post-327151 post type-post status-publish format-gallery has-post-thumbnail hentry category-z-prvni-ruky post_format-post-format-gallery\">\n<div class=\"td-post-text-content\">\n<h6>Informujeme:<\/h6>\n<h4 class=\"entry-title\"><a href=\"https:\/\/zakrasnejsivimperk.cz\/?p=327196\" target=\"_blank\" rel=\"noopener\">P\u0158E\u010cT\u011aTE SI U N\u00c1S: Den\u00edk Metro \u2013 1. listopadu 2024<\/a><\/h4>\n<h4 class=\"entry-title\"><a href=\"https:\/\/zakrasnejsivimperk.cz\/?p=327096\" target=\"_blank\" rel=\"noopener\">Po\u010det neschopenek v 1. pololet\u00ed roku 2024 klesl o \u010dty\u0159i procenta<\/a><\/h4>\n<h4 class=\"entry-title\"><a href=\"https:\/\/zakrasnejsivimperk.cz\/?p=327080\" target=\"_blank\" rel=\"noopener\">P\u0158E\u010cT\u011aTE SI U N\u00c1S: Den\u00edk Metro \u2013 31. \u0159\u00edjna 2024<\/a><\/h4>\n<h4 class=\"entry-title\"><a href=\"https:\/\/zakrasnejsivimperk.cz\/?p=327039\" target=\"_blank\" rel=\"noopener\">Um\u011blou inteligenci pou\u017e\u00edv\u00e1 ji\u017e 11 procent firem<\/a><\/h4>\n<h4 class=\"entry-title\"><a href=\"https:\/\/zakrasnejsivimperk.cz\/?p=327012\" target=\"_blank\" rel=\"noopener\">Vl\u00e1da dnes schv\u00e1lila novelu z\u00e1kona o ve\u0159ejn\u00e9m zdravotn\u00edm poji\u0161t\u011bn\u00ed a o kategorizaci zdravotnick\u00fdch prost\u0159edk\u016f<\/a><\/h4>\n<h4 class=\"entry-title\"><a href=\"https:\/\/zakrasnejsivimperk.cz\/?p=326982\" target=\"_blank\" rel=\"noopener\">Nemocnost v Jiho\u010desk\u00e9m kraji stoup\u00e1 nad tis\u00edc p\u0159\u00edpad\u016f na sto tis\u00edc obyvatel, n\u011bkter\u00e9 nemocnice upravily re\u017eim n\u00e1v\u0161t\u011bv<\/a><\/h4>\n<h4 class=\"entry-title\"><a href=\"https:\/\/zakrasnejsivimperk.cz\/?p=326979\" target=\"_blank\" rel=\"noopener\">HDP vzrostl mezi\u010dtvrtletn\u011b o 0,3 %<\/a><\/h4>\n<h4 class=\"entry-title\"><a href=\"https:\/\/zakrasnejsivimperk.cz\/?p=326935\" target=\"_blank\" rel=\"noopener\">P\u0158E\u010cT\u011aTE SI U N\u00c1S: Den\u00edk Metro \u2013 30. \u0159\u00edjna 2024<\/a><\/h4>\n<h4 class=\"entry-title\"><a href=\"https:\/\/zakrasnejsivimperk.cz\/?p=326915\" target=\"_blank\" rel=\"noopener\">SVS roz\u0161i\u0159uje p\u00e1smo katar\u00e1ln\u00ed hore\u010dky ovc\u00ed na celou \u010ceskou republiku<\/a><\/h4>\n<h4 class=\"entry-title\"><a href=\"https:\/\/zakrasnejsivimperk.cz\/?p=326887\" target=\"_blank\" rel=\"noopener\">\u010cesk\u00e1 republika se st\u00e1le pot\u00fdk\u00e1 se zhor\u0161enou kvalitou ovzdu\u0161\u00ed. To m\u00e1 negativn\u00ed dopad na zdrav\u00ed obyvatel<\/a><\/h4>\n<h4 class=\"entry-title\"><a href=\"https:\/\/zakrasnejsivimperk.cz\/?p=326883\" target=\"_blank\" rel=\"noopener\">Respira\u010dn\u00edch infekc\u00ed t\u00fdden od t\u00fddne p\u0159ib\u00fdv\u00e1<\/a><\/h4>\n<h4 class=\"entry-title\"><a href=\"https:\/\/zakrasnejsivimperk.cz\/?p=326869\" target=\"_blank\" rel=\"noopener\">P\u0158E\u010cT\u011aTE SI U N\u00c1S: Den\u00edk Metro \u2013 29. \u0159\u00edjna 2024<\/a><\/h4>\n<h4 class=\"entry-title\"><a href=\"https:\/\/zakrasnejsivimperk.cz\/?p=326861\" target=\"_blank\" rel=\"noopener\">Cyklist\u00e9 podzim nebal\u00ed: Bu\u010fte vid\u011bt, nebo zmiz\u00edte z cesty nav\u017edy!<\/a><\/h4>\n<h4 class=\"entry-title\"><a href=\"https:\/\/zakrasnejsivimperk.cz\/?p=326652\" target=\"_blank\" rel=\"noopener\">Spr\u00e1va NP \u0160umava je p\u0159ipravena na \u0159e\u0161en\u00ed konfliktn\u00edch situac\u00ed s \u201eprobl\u00e9mov\u00fdmi\u201c vlky<\/a><\/h4>\n<h4 class=\"entry-title\"><a href=\"https:\/\/zakrasnejsivimperk.cz\/?p=326682\" target=\"_blank\" rel=\"noopener\">\u010ctvrtina kontrolovan\u00fdch dopl\u0148k\u016f stravy ur\u010den\u00fdch pro kloubn\u00ed v\u00fd\u017eivu klamala spot\u0159ebitele ohledn\u011b skute\u010dn\u00e9ho slo\u017een\u00ed<\/a><\/h4>\n<hr \/>\n<p>&nbsp;<\/p>\n<\/div>\n<\/article>\n","protected":false},"excerpt":{"rendered":"<p>Praha (PROTEXT) <\/p>\n","protected":false},"author":2,"featured_media":327168,"comment_status":"open","ping_status":"open","sticky":false,"template":"","format":"gallery","meta":{"footnotes":""},"categories":[70],"tags":[],"jetpack_featured_media_url":"https:\/\/zakrasnejsivimperk.cz\/wp-content\/uploads\/2024\/10\/31\/z-ruky-sbirka.jpg","_links":{"self":[{"href":"https:\/\/zakrasnejsivimperk.cz\/index.php?rest_route=\/wp\/v2\/posts\/327162"}],"collection":[{"href":"https:\/\/zakrasnejsivimperk.cz\/index.php?rest_route=\/wp\/v2\/posts"}],"about":[{"href":"https:\/\/zakrasnejsivimperk.cz\/index.php?rest_route=\/wp\/v2\/types\/post"}],"author":[{"embeddable":true,"href":"https:\/\/zakrasnejsivimperk.cz\/index.php?rest_route=\/wp\/v2\/users\/2"}],"replies":[{"embeddable":true,"href":"https:\/\/zakrasnejsivimperk.cz\/index.php?rest_route=%2Fwp%2Fv2%2Fcomments&post=327162"}],"version-history":[{"count":3,"href":"https:\/\/zakrasnejsivimperk.cz\/index.php?rest_route=\/wp\/v2\/posts\/327162\/revisions"}],"predecessor-version":[{"id":327214,"href":"https:\/\/zakrasnejsivimperk.cz\/index.php?rest_route=\/wp\/v2\/posts\/327162\/revisions\/327214"}],"wp:featuredmedia":[{"embeddable":true,"href":"https:\/\/zakrasnejsivimperk.cz\/index.php?rest_route=\/wp\/v2\/media\/327168"}],"wp:attachment":[{"href":"https:\/\/zakrasnejsivimperk.cz\/index.php?rest_route=%2Fwp%2Fv2%2Fmedia&parent=327162"}],"wp:term":[{"taxonomy":"category","embeddable":true,"href":"https:\/\/zakrasnejsivimperk.cz\/index.php?rest_route=%2Fwp%2Fv2%2Fcategories&post=327162"},{"taxonomy":"post_tag","embeddable":true,"href":"https:\/\/zakrasnejsivimperk.cz\/index.php?rest_route=%2Fwp%2Fv2%2Ftags&post=327162"}],"curies":[{"name":"wp","href":"https:\/\/api.w.org\/{rel}","templated":true}]}}