{"id":327151,"date":"2024-10-31T18:07:21","date_gmt":"2024-10-31T17:07:21","guid":{"rendered":"https:\/\/zakrasnejsivimperk.cz\/?p=327151"},"modified":"2024-10-31T18:07:21","modified_gmt":"2024-10-31T17:07:21","slug":"z-prvni-ruky-v-zari-byla-ocistena-mira-nezamestnanosti-29","status":"publish","type":"post","link":"https:\/\/zakrasnejsivimperk.cz\/?p=327151","title":{"rendered":"Z PRVN\u00cd RUKY: V\u202fz\u00e1\u0159\u00ed byla o\u010di\u0161t\u011bn\u00e1 m\u00edra nezam\u011bstnanosti 2,9\u202f%"},"content":{"rendered":"<h6><img loading=\"lazy\" decoding=\"async\" class=\"size-medium wp-image-219756 alignleft\" src=\"https:\/\/zakrasnejsivimperk.cz\/wp-content\/uploads\/2021\/03\/29\/\u010ds\u00fa-logo-300x81.png\" alt=\"\" width=\"300\" height=\"81\" srcset=\"https:\/\/zakrasnejsivimperk.cz\/wp-content\/uploads\/2021\/03\/29\/\u010ds\u00fa-logo-300x81.png 300w, https:\/\/zakrasnejsivimperk.cz\/wp-content\/uploads\/2021\/03\/29\/\u010ds\u00fa-logo-768x208.png 768w, https:\/\/zakrasnejsivimperk.cz\/wp-content\/uploads\/2021\/03\/29\/\u010ds\u00fa-logo-1024x277.png 1024w, https:\/\/zakrasnejsivimperk.cz\/wp-content\/uploads\/2021\/03\/29\/\u010ds\u00fa-logo.png 1280w\" sizes=\"(max-width: 300px) 100vw, 300px\" \/>Pod\u00edl nezam\u011bstnan\u00fdch k\u202fekonomicky aktivn\u00edm, tj.\u202fsou\u010dtu zam\u011bstnan\u00fdch a nezam\u011bstnan\u00fdch, dos\u00e1hl v z\u00e1\u0159\u00ed 2,9\u202f%. Meziro\u010dn\u011b se zv\u00fd\u0161il o\u202f0,2\u202fprocentn\u00edho bodu. Pod\u00edl zam\u011bstnan\u00fdch k\u202fcel\u00e9 populaci 15\u201364let\u00fdch dos\u00e1hl v z\u00e1\u0159\u00ed 74,9\u202f%. Meziro\u010dn\u011b se m\u00edra zam\u011bstnanosti nezm\u011bnila. M\u00edra zam\u011bstnanosti mu\u017e\u016f \u010dinila 80,7\u202f%, u \u017een 68,8\u202f%.<\/h6>\n<p><em>\u201eT\u00e9m\u011b\u0159 dvan\u00e1ctibodov\u00fd rozd\u00edl v m\u00edr\u00e1ch ekonomick\u00e9 aktivity mu\u017e\u016f a \u017een je st\u00e1le nadpr\u016fm\u011brn\u011b vysok\u00fd a \u0159ad\u00ed \u010cesko mezi zem\u011b jako je Rumunsko, It\u00e1lie, \u0158ecko, Malta \u010di Polsko. Nicm\u00e9n\u011b z\u00e1\u0159ijov\u00e9 \u00fadaje potvrzuj\u00ed trend, kdy ekonomick\u00e1 aktivita u \u017een roste mnohem rychleji, n\u016f\u017eky se tak uzav\u00edraj\u00ed a bl\u00ed\u017e\u00edme se ke standardn\u00edm hodnot\u00e1m v Evropsk\u00e9 unii,\u201c<\/em>\u00a0komentuje v\u00fdsledky Dalibor Hol\u00fd, \u0159editel odboru statistiky trhu pr\u00e1ce a rovn\u00fdch p\u0159\u00edle\u017eitost\u00ed\u202f\u010cS\u00da.<\/p>\n<p>Podrobnosti: <a href=\"https:\/\/csu.gov.cz\/rychle-informace\/miry-zamestnanosti-nezamestnanosti-a-ekonomicke-aktivity-zari-2024\" target=\"_blank\" rel=\"noopener\"><strong>https:\/\/csu.gov.cz\/rychle-informace\/miry-zamestnanosti-nezamestnanosti-a-ekonomicke-aktivity-zari-2024<\/strong><\/a><\/p>\n<p><strong>(tz-\u010ds\u00fa)<\/strong><\/p>\n<hr \/>\n<p>&nbsp;<\/p>\n<h6>Informujeme:<\/h6>\n<h4 class=\"entry-title\"><a href=\"https:\/\/zakrasnejsivimperk.cz\/?p=327096\" target=\"_blank\" rel=\"noopener\">Po\u010det neschopenek v 1. pololet\u00ed roku 2024 klesl o \u010dty\u0159i procenta<\/a><\/h4>\n<h4 class=\"entry-title\"><a href=\"https:\/\/zakrasnejsivimperk.cz\/?p=327080\" target=\"_blank\" rel=\"noopener\">P\u0158E\u010cT\u011aTE SI U N\u00c1S: Den\u00edk Metro \u2013 31. \u0159\u00edjna 2024<\/a><\/h4>\n<h4 class=\"entry-title\"><a href=\"https:\/\/zakrasnejsivimperk.cz\/?p=327039\" target=\"_blank\" rel=\"noopener\">Um\u011blou inteligenci pou\u017e\u00edv\u00e1 ji\u017e 11 procent firem<\/a><\/h4>\n<h4 class=\"entry-title\"><a href=\"https:\/\/zakrasnejsivimperk.cz\/?p=327012\" target=\"_blank\" rel=\"noopener\">Vl\u00e1da dnes schv\u00e1lila novelu z\u00e1kona o ve\u0159ejn\u00e9m zdravotn\u00edm poji\u0161t\u011bn\u00ed a o kategorizaci zdravotnick\u00fdch prost\u0159edk\u016f<\/a><\/h4>\n<h4 class=\"entry-title\"><a href=\"https:\/\/zakrasnejsivimperk.cz\/?p=326982\" target=\"_blank\" rel=\"noopener\">Nemocnost v Jiho\u010desk\u00e9m kraji stoup\u00e1 nad tis\u00edc p\u0159\u00edpad\u016f na sto tis\u00edc obyvatel, n\u011bkter\u00e9 nemocnice upravily re\u017eim n\u00e1v\u0161t\u011bv<\/a><\/h4>\n<h4 class=\"entry-title\"><a href=\"https:\/\/zakrasnejsivimperk.cz\/?p=326979\" target=\"_blank\" rel=\"noopener\">HDP vzrostl mezi\u010dtvrtletn\u011b o 0,3 %<\/a><\/h4>\n<h4 class=\"entry-title\"><a href=\"https:\/\/zakrasnejsivimperk.cz\/?p=326935\" target=\"_blank\" rel=\"noopener\">P\u0158E\u010cT\u011aTE SI U N\u00c1S: Den\u00edk Metro \u2013 30. \u0159\u00edjna 2024<\/a><\/h4>\n<h4 class=\"entry-title\"><a href=\"https:\/\/zakrasnejsivimperk.cz\/?p=326915\" target=\"_blank\" rel=\"noopener\">SVS roz\u0161i\u0159uje p\u00e1smo katar\u00e1ln\u00ed hore\u010dky ovc\u00ed na celou \u010ceskou republiku<\/a><\/h4>\n<h4 class=\"entry-title\"><a href=\"https:\/\/zakrasnejsivimperk.cz\/?p=326887\" target=\"_blank\" rel=\"noopener\">\u010cesk\u00e1 republika se st\u00e1le pot\u00fdk\u00e1 se zhor\u0161enou kvalitou ovzdu\u0161\u00ed. To m\u00e1 negativn\u00ed dopad na zdrav\u00ed obyvatel<\/a><\/h4>\n<h4 class=\"entry-title\"><a href=\"https:\/\/zakrasnejsivimperk.cz\/?p=326883\" target=\"_blank\" rel=\"noopener\">Respira\u010dn\u00edch infekc\u00ed t\u00fdden od t\u00fddne p\u0159ib\u00fdv\u00e1<\/a><\/h4>\n<h4 class=\"entry-title\"><a href=\"https:\/\/zakrasnejsivimperk.cz\/?p=326869\" target=\"_blank\" rel=\"noopener\">P\u0158E\u010cT\u011aTE SI U N\u00c1S: Den\u00edk Metro \u2013 29. \u0159\u00edjna 2024<\/a><\/h4>\n<h4 class=\"entry-title\"><a href=\"https:\/\/zakrasnejsivimperk.cz\/?p=326861\" target=\"_blank\" rel=\"noopener\">Cyklist\u00e9 podzim nebal\u00ed: Bu\u010fte vid\u011bt, nebo zmiz\u00edte z cesty nav\u017edy!<\/a><\/h4>\n<h4 class=\"entry-title\"><a href=\"https:\/\/zakrasnejsivimperk.cz\/?p=326652\" target=\"_blank\" rel=\"noopener\">Spr\u00e1va NP \u0160umava je p\u0159ipravena na \u0159e\u0161en\u00ed konfliktn\u00edch situac\u00ed s \u201eprobl\u00e9mov\u00fdmi\u201c vlky<\/a><\/h4>\n<h4 class=\"entry-title\"><a href=\"https:\/\/zakrasnejsivimperk.cz\/?p=326682\" target=\"_blank\" rel=\"noopener\">\u010ctvrtina kontrolovan\u00fdch dopl\u0148k\u016f stravy ur\u010den\u00fdch pro kloubn\u00ed v\u00fd\u017eivu klamala spot\u0159ebitele ohledn\u011b skute\u010dn\u00e9ho slo\u017een\u00ed<\/a><\/h4>\n<hr \/>\n<p>&nbsp;<\/p>\n","protected":false},"excerpt":{"rendered":"<p>Pod\u00edl nezam\u011bstnan\u00fdch <\/p>\n","protected":false},"author":2,"featured_media":327152,"comment_status":"open","ping_status":"open","sticky":false,"template":"","format":"gallery","meta":{"footnotes":""},"categories":[70],"tags":[],"jetpack_featured_media_url":"https:\/\/zakrasnejsivimperk.cz\/wp-content\/uploads\/2024\/10\/31\/z-ruky-csu-1.jpg","_links":{"self":[{"href":"https:\/\/zakrasnejsivimperk.cz\/index.php?rest_route=\/wp\/v2\/posts\/327151"}],"collection":[{"href":"https:\/\/zakrasnejsivimperk.cz\/index.php?rest_route=\/wp\/v2\/posts"}],"about":[{"href":"https:\/\/zakrasnejsivimperk.cz\/index.php?rest_route=\/wp\/v2\/types\/post"}],"author":[{"embeddable":true,"href":"https:\/\/zakrasnejsivimperk.cz\/index.php?rest_route=\/wp\/v2\/users\/2"}],"replies":[{"embeddable":true,"href":"https:\/\/zakrasnejsivimperk.cz\/index.php?rest_route=%2Fwp%2Fv2%2Fcomments&post=327151"}],"version-history":[{"count":1,"href":"https:\/\/zakrasnejsivimperk.cz\/index.php?rest_route=\/wp\/v2\/posts\/327151\/revisions"}],"predecessor-version":[{"id":327153,"href":"https:\/\/zakrasnejsivimperk.cz\/index.php?rest_route=\/wp\/v2\/posts\/327151\/revisions\/327153"}],"wp:featuredmedia":[{"embeddable":true,"href":"https:\/\/zakrasnejsivimperk.cz\/index.php?rest_route=\/wp\/v2\/media\/327152"}],"wp:attachment":[{"href":"https:\/\/zakrasnejsivimperk.cz\/index.php?rest_route=%2Fwp%2Fv2%2Fmedia&parent=327151"}],"wp:term":[{"taxonomy":"category","embeddable":true,"href":"https:\/\/zakrasnejsivimperk.cz\/index.php?rest_route=%2Fwp%2Fv2%2Fcategories&post=327151"},{"taxonomy":"post_tag","embeddable":true,"href":"https:\/\/zakrasnejsivimperk.cz\/index.php?rest_route=%2Fwp%2Fv2%2Ftags&post=327151"}],"curies":[{"name":"wp","href":"https:\/\/api.w.org\/{rel}","templated":true}]}}