{"id":327104,"date":"2024-10-31T14:43:06","date_gmt":"2024-10-31T13:43:06","guid":{"rendered":"https:\/\/zakrasnejsivimperk.cz\/?p=327104"},"modified":"2024-11-03T13:04:52","modified_gmt":"2024-11-03T12:04:52","slug":"nase-mesto-vimperk-ptame-se-za-vas-uzavreni-prodejny-penny-ve-vimperku","status":"publish","type":"post","link":"https:\/\/zakrasnejsivimperk.cz\/?p=327104","title":{"rendered":"NA\u0160E M\u011aSTO VIMPERK: Pt\u00e1me se za v\u00e1s \u2013 Uzav\u0159en\u00ed prodejny Penny ve Vimperku"},"content":{"rendered":"<p><img loading=\"lazy\" decoding=\"async\" class=\"aligncenter wp-image-288139 size-full\" src=\"https:\/\/zakrasnejsivimperk.cz\/wp-content\/uploads\/2023\/10\/02\/ptame-se-za-vas-xx.jpg\" alt=\"\" width=\"771\" height=\"385\" srcset=\"https:\/\/zakrasnejsivimperk.cz\/wp-content\/uploads\/2023\/10\/02\/ptame-se-za-vas-xx.jpg 771w, https:\/\/zakrasnejsivimperk.cz\/wp-content\/uploads\/2023\/10\/02\/ptame-se-za-vas-xx-300x150.jpg 300w, https:\/\/zakrasnejsivimperk.cz\/wp-content\/uploads\/2023\/10\/02\/ptame-se-za-vas-xx-768x384.jpg 768w, https:\/\/zakrasnejsivimperk.cz\/wp-content\/uploads\/2023\/10\/02\/ptame-se-za-vas-xx-715x357.jpg 715w\" sizes=\"(max-width: 771px) 100vw, 771px\" \/><\/p>\n<p>&nbsp;<\/p>\n<h3>Kdy bude z d\u016fvodu zah\u00e1jen\u00ed modernizace uzav\u0159ena prodejna Penny ve Vimperku?<\/h3>\n<h4>Odpov\u00edd\u00e1 Tom\u00e1\u0161 Kub\u00edk, vedouc\u00ed komunikace, Penny Market s.r.o.<\/h4>\n<h6><em>Prodejnu ve Vimperku pl\u00e1nujeme uzav\u0159\u00edt v p\u00e1tek 8. listopadu.<\/em><\/h6>\n<p>&nbsp;<\/p>\n<p><strong>(red) \u2013 Za kr\u00e1sn\u011bj\u0161\u00ed Vimperk<\/strong><\/p>\n<hr \/>\n<p>&nbsp;<\/p>\n<h6>Informovali jsme:<\/h6>\n<h4 class=\"entry-title\"><a href=\"https:\/\/zakrasnejsivimperk.cz\/?p=326155\" target=\"_blank\" rel=\"noopener\">NA\u0160E M\u011aSTO VIMPERK: Pt\u00e1me se za v\u00e1s \u2013 P\u0159\u00edstavba prodejny Penny ve Vimperku<\/a><\/h4>\n<h4 class=\"entry-title\"><a href=\"https:\/\/zakrasnejsivimperk.cz\/?p=300701\" target=\"_blank\" rel=\"noopener\">NA\u0160E M\u011aSTO VIMPERK: Pt\u00e1me se za v\u00e1s \u2013 P\u0159\u00edstavba prodejny Penny<\/a><\/h4>\n<hr \/>\n<p>&nbsp;<\/p>\n","protected":false},"excerpt":{"rendered":"<p>&nbsp; Kdy <\/p>\n","protected":false},"author":2,"featured_media":327105,"comment_status":"open","ping_status":"open","sticky":false,"template":"","format":"gallery","meta":{"footnotes":""},"categories":[121,108],"tags":[],"jetpack_featured_media_url":"https:\/\/zakrasnejsivimperk.cz\/wp-content\/uploads\/2024\/10\/31\/ptame-se-penny.jpg","_links":{"self":[{"href":"https:\/\/zakrasnejsivimperk.cz\/index.php?rest_route=\/wp\/v2\/posts\/327104"}],"collection":[{"href":"https:\/\/zakrasnejsivimperk.cz\/index.php?rest_route=\/wp\/v2\/posts"}],"about":[{"href":"https:\/\/zakrasnejsivimperk.cz\/index.php?rest_route=\/wp\/v2\/types\/post"}],"author":[{"embeddable":true,"href":"https:\/\/zakrasnejsivimperk.cz\/index.php?rest_route=\/wp\/v2\/users\/2"}],"replies":[{"embeddable":true,"href":"https:\/\/zakrasnejsivimperk.cz\/index.php?rest_route=%2Fwp%2Fv2%2Fcomments&post=327104"}],"version-history":[{"count":2,"href":"https:\/\/zakrasnejsivimperk.cz\/index.php?rest_route=\/wp\/v2\/posts\/327104\/revisions"}],"predecessor-version":[{"id":327246,"href":"https:\/\/zakrasnejsivimperk.cz\/index.php?rest_route=\/wp\/v2\/posts\/327104\/revisions\/327246"}],"wp:featuredmedia":[{"embeddable":true,"href":"https:\/\/zakrasnejsivimperk.cz\/index.php?rest_route=\/wp\/v2\/media\/327105"}],"wp:attachment":[{"href":"https:\/\/zakrasnejsivimperk.cz\/index.php?rest_route=%2Fwp%2Fv2%2Fmedia&parent=327104"}],"wp:term":[{"taxonomy":"category","embeddable":true,"href":"https:\/\/zakrasnejsivimperk.cz\/index.php?rest_route=%2Fwp%2Fv2%2Fcategories&post=327104"},{"taxonomy":"post_tag","embeddable":true,"href":"https:\/\/zakrasnejsivimperk.cz\/index.php?rest_route=%2Fwp%2Fv2%2Ftags&post=327104"}],"curies":[{"name":"wp","href":"https:\/\/api.w.org\/{rel}","templated":true}]}}