{"id":326982,"date":"2024-10-30T12:33:14","date_gmt":"2024-10-30T11:33:14","guid":{"rendered":"https:\/\/zakrasnejsivimperk.cz\/?p=326982"},"modified":"2024-10-30T12:33:14","modified_gmt":"2024-10-30T11:33:14","slug":"aktualne-nemocnost-v-jihoceskem-kraji-stoupa-nad-tisic-pripadu-na-sto-tisic-obyvatel-nektere-nemocnice-upravily-rezim-navstev","status":"publish","type":"post","link":"https:\/\/zakrasnejsivimperk.cz\/?p=326982","title":{"rendered":"AKTU\u00c1LN\u011a: Nemocnost v Jiho\u010desk\u00e9m kraji stoup\u00e1 nad tis\u00edc p\u0159\u00edpad\u016f na sto tis\u00edc obyvatel, n\u011bkter\u00e9 nemocnice upravily re\u017eim n\u00e1v\u0161t\u011bv"},"content":{"rendered":"<h6><img loading=\"lazy\" decoding=\"async\" class=\"size-medium wp-image-199605 alignleft\" src=\"https:\/\/zakrasnejsivimperk.cz\/wp-content\/uploads\/2020\/08\/06\/khs-logo-300x129.jpg\" alt=\"\" width=\"300\" height=\"129\" srcset=\"https:\/\/zakrasnejsivimperk.cz\/wp-content\/uploads\/2020\/08\/06\/khs-logo-300x129.jpg 300w, https:\/\/zakrasnejsivimperk.cz\/wp-content\/uploads\/2020\/08\/06\/khs-logo-768x330.jpg 768w, https:\/\/zakrasnejsivimperk.cz\/wp-content\/uploads\/2020\/08\/06\/khs-logo-831x357.jpg 831w, https:\/\/zakrasnejsivimperk.cz\/wp-content\/uploads\/2020\/08\/06\/khs-logo.jpg 922w\" sizes=\"(max-width: 300px) 100vw, 300px\" \/>\u010cESK\u00c9 BUD\u011aJOVICE 29. \u0159\u00edjna \u2013 V uplynul\u00e9m 43. t\u00fddnu byl v Jiho\u010desk\u00e9m kraji po\u010det akutn\u00edch respira\u010dn\u00edch infekc\u00ed \/ARI\/ 1 071 p\u0159\u00edpad\u016f na sto tis\u00edc obyvatel kraje, nemocnost ve srovn\u00e1n\u00ed s p\u0159edchoz\u00edm t\u00fddnem stoupla o t\u00e9m\u011b\u0159 7 procent. N\u011bkter\u00e1 velk\u00e1 zdravotnick\u00e1 za\u0159\u00edzen\u00ed v kraji proto upravuj\u00ed re\u017eim n\u00e1v\u0161t\u011bv.<\/h6>\n<p>Ve srovn\u00e1n\u00ed s p\u0159edchoz\u00edm t\u00fddnem, kdy byla nemocnost 1 002 p\u0159\u00edpad\u016f na sto tis\u00edc obyvatel, v t\u00fddnu minul\u00e9m nemocnost stoupla v kraji v relativn\u00edch \u010d\u00edslech o t\u00e9m\u011b\u0159 sedmdes\u00e1t p\u0159\u00edpad\u016f na sto tis\u00edc obyvatel. To p\u0159edstavuje n\u00e1r\u016fst o 7 procent a v\u00fdskyt akutn\u00edch respira\u010dn\u00edch infekc\u00ed \/ARI\/ je nyn\u00ed 1 071 p\u0159\u00edpad\u016f na sto tis\u00edc obyvatel.<\/p>\n<p>Co se t\u00fd\u010de v\u011bkov\u00fdch skupin, tradi\u010dn\u011b nejvy\u0161\u0161\u00ed relativn\u00ed nemocnost je v kategorii 0\u20135 let, kde bylo v t\u00fddnu 2 923 p\u0159\u00edpad\u016f na sto tis\u00edc (+8,8 % ve srovn\u00e1n\u00ed s p\u0159edchoz\u00edm t\u00fddnem), mezi \u0161koln\u00edmi d\u011btmi 6\u201314 let to bylo 1 974 na sto tis\u00edc (+10,0 %), mezi mlad\u00fdmi lidmi v kategorii 15\u201324 let to bylo 1 392 na sto tis\u00edc (+5,5 %), v kategorii 25\u201364 let to bylo 570 p\u0159\u00edpad\u016f na sto tis\u00edc (+3,8 %) a v kategorii senior\u016f nad 65 let to bylo 456 p\u0159\u00edpad\u016f na sto tis\u00edc (+ 5,8 %).<\/p>\n<p>Ve srovn\u00e1n\u00ed okres\u016f kraje je moment\u00e1ln\u011b nejvy\u0161\u0161\u00ed nemocnost v okrese \u010c. Bud\u011bjovice, kde bylo 1 351 p\u0159\u00edpad\u016f na sto tis\u00edc, a nejvy\u0161\u0161\u00ed mezit\u00fddenn\u00ed n\u00e1r\u016fst zaznamenalo T\u00e1borsko, kde nemocnost vzrostla o 15,3 procenta z 824 na 950 p\u0159\u00edpad\u016f na sto tis\u00edc. V\u00fdskyt ch\u0159ipky a ch\u0159ipce podobn\u00fdch onemocn\u011bn\u00ed (ILI) je st\u00e1le velmi n\u00edzk\u00fd, 4 p\u0159\u00edpady na sto tis\u00edc obyvatel.<\/p>\n<p><strong>RELATIVN\u00cd NEMOCNOST ARI 43. T\u00ddDEN 2024 JIHO\u010cESK\u00dd KRAJ PO OKRESECH NA 100 000 OBYVATEL<\/strong><\/p>\n<p><strong>CB:\u00a0<\/strong> \u00a01 351\/100 000 obyvatel\u00a0 \u00a0 \u00a0(+4,2 % od p\u0159ede\u0161l\u00e9ho t\u00fddne)<\/p>\n<p><strong>CK:\u00a0<\/strong> \u00a01 249\/100 000 obyvatel\u00a0 \u00a0 \u00a0(-0,5 %)<\/p>\n<p><strong>JH:\u00a0<\/strong> \u00a0 \u00a0 735\/100 000 obyvatel\u00a0 \u00a0 \u00a0(+8,3 %)<\/p>\n<p><strong>P\u00cd:\u00a0<\/strong> \u00a0 \u00a0 860\/100 000 obyvatel\u00a0 \u00a0 \u00a0(+7,2 %)<\/p>\n<p><strong>PT:\u00a0<\/strong> \u00a0 \u00a0874\/ 100 000 obyvatel\u00a0 \u00a0 (+7,6 %)<\/p>\n<p><strong>ST:<\/strong>\u00a0 \u00a01 074\/100 000 obyvatel\u00a0 \u00a0 (+13,7 %)<\/p>\n<p><strong>T\u00c1:\u00a0<\/strong> \u00a0 \u00a0950\/100 000 obyvatel\u00a0 \u00a0 \u00a0(+15,3 %)<\/p>\n<p><strong>J\u010c kraj:<\/strong>\u00a0 \u00a01 071\/ 100 000 obyvatel\u00a0 \u00a0(+ 6,9 % od p\u0159ede\u0161l\u00e9ho t\u00fddne)<\/p>\n<p><strong>Postupn\u00fd r\u016fst nemocnosti p\u0159in\u00e1\u0161\u00ed opat\u0159en\u00ed v re\u017eimu nejv\u011bt\u0161\u00edch zdravotnick\u00fdch za\u0159\u00edzen\u00ed kraje. Nemocnice Jind\u0159ich\u016fv Hradec a\u017e na uveden\u00e9 v\u00fdjimky n\u00e1v\u0161t\u011bvy zak\u00e1zala.<\/strong><\/p>\n<p><strong>Nemocnice \u010cesk\u00e9 Bud\u011bjovice, a.s.:<\/strong> Protiepidemick\u00e1 opat\u0159en\u00ed &#8211; ochrana d\u00fdchac\u00edch cest, dezinfekce rukou, n\u00e1v\u0161t\u011bva max. 2 osoby k l\u016f\u017eku na 15 minut, d\u011bti do 15 let by nem\u011bly do nemocnice vstupovat, nepot\u0159ebuj\u00ed-li samy l\u00e9ka\u0159skou p\u00e9\u010di.<\/p>\n<p><strong>Nemocnice \u010cesk\u00fd Krumlov, a.s.:<\/strong> Bez omezen\u00ed.<\/p>\n<p><strong>Nemocnice Jind\u0159ich\u016fv Hradec, a.s.:<\/strong> Z\u00e1kaz n\u00e1v\u0161t\u011bv od 24. 10. do odvol\u00e1n\u00ed. Nevztahuje se na osobu bl\u00edzkou u porodu, n\u00e1v\u0161t\u011bvy jsou umo\u017en\u011bny i z\u00e1konn\u00e9mu z\u00e1stupci na porodnici, novorozeneck\u00e9m odd\u011blen\u00ed s JIP a na rodi\u010de \u010di z\u00e1konn\u00e9 z\u00e1stupce hospitalizovan\u00fdch d\u011bt\u00ed.<\/p>\n<p><strong>Nemocnice Da\u010dice, a.s.:<\/strong> Protiepidemick\u00e1 opat\u0159en\u00ed &#8211; ochrana d\u00fdchac\u00edch cest \u2013 respir\u00e1tor FFP2 \u010di rou\u0161ka, dezinfekce rukou, odlo\u017een\u00ed n\u00e1v\u0161t\u011bvy, pokud m\u00e1 n\u00e1v\u0161t\u011bvn\u00edk p\u0159\u00edznaky respira\u010dn\u00edho onemocn\u011bn\u00ed.<\/p>\n<p><strong>Nemocnice P\u00edsek, a.s.:<\/strong> Protiepidemick\u00e1 opat\u0159en\u00ed &#8211; ochrana d\u00fdchac\u00edch cest \u2013 respir\u00e1tor FFP2 \u010di rou\u0161ka, dezinfekce rukou, odlo\u017een\u00ed n\u00e1v\u0161t\u011bvy, pokud m\u00e1 n\u00e1v\u0161t\u011bvn\u00edk p\u0159\u00edznaky respira\u010dn\u00edho onemocn\u011bn\u00ed.<\/p>\n<p><strong>Nemocnice Prachatice, a.s.:<\/strong> Protiepidemick\u00e1 opat\u0159en\u00ed &#8211; ochrana d\u00fdchac\u00edch cest \u2013 respir\u00e1tor FFP2 \u010di rou\u0161ka, dezinfekce rukou, max. 2 osoby k l\u016f\u017eku na 15 minut, odlo\u017een\u00ed n\u00e1v\u0161t\u011bvy, pokud m\u00e1 n\u00e1v\u0161t\u011bvn\u00edk p\u0159\u00edznaky respira\u010dn\u00edho onemocn\u011bn\u00ed.<\/p>\n<p><strong>BH \u2013 Nemocnice Vimperk, a.s.:<\/strong> Doporu\u010deno odlo\u017een\u00ed n\u00e1v\u0161t\u011bvy, pokud m\u00e1 n\u00e1v\u0161t\u011bvn\u00edk p\u0159\u00edznaky respira\u010dn\u00edho onemocn\u011bn\u00ed, omezen\u00e1 doba n\u00e1v\u0161t\u011bvy na 20 minut.<\/p>\n<p><strong>Nemocnice Strakonice, a.s.:<\/strong> Protiepidemick\u00e1 opat\u0159en\u00ed &#8211; ochrana d\u00fdchac\u00edch cest \u2013 respir\u00e1tor FFP2 \u010di rou\u0161ka, dezinfekce rukou, odlo\u017een\u00ed n\u00e1v\u0161t\u011bvy, pokud m\u00e1 n\u00e1v\u0161t\u011bvn\u00edk p\u0159\u00edznaky respira\u010dn\u00edho onemocn\u011bn\u00ed.<\/p>\n<p><strong>Nemocnice Volyn\u011b, s.r.o.:<\/strong> Bez omezen\u00ed.<\/p>\n<p><strong>Nemocnice T\u00e1bor, a.s.:<\/strong> Protiepidemick\u00e1 opat\u0159en\u00ed &#8211; ochrana d\u00fdchac\u00edch cest \u2013 respir\u00e1tor FFP2 \u010di rou\u0161ka, dezinfekce rukou, odlo\u017een\u00ed n\u00e1v\u0161t\u011bvy, pokud m\u00e1 n\u00e1v\u0161t\u011bvn\u00edk p\u0159\u00edznaky respira\u010dn\u00edho onemocn\u011bn\u00ed, max. 2 osoby k l\u016f\u017eku na 15\u201320 minut.<\/p>\n<p><strong>P\u0159ed n\u00e1v\u0161t\u011bvou zdravotnick\u00e9ho za\u0159\u00edzen\u00ed doporu\u010dujeme zjistit aktu\u00e1ln\u00ed opat\u0159en\u00ed t\u00fdkaj\u00edc\u00ed se n\u00e1v\u0161t\u011bv na webov\u00fdch str\u00e1nk\u00e1ch dan\u00e9ho zdravotnick\u00e9ho za\u0159\u00edzen\u00ed.<\/strong><\/p>\n<p><strong>(tz-khs)<\/strong><\/p>\n<hr \/>\n<p>&nbsp;<\/p>\n<h6>Informujeme:<\/h6>\n<h4 class=\"entry-title\"><a href=\"https:\/\/zakrasnejsivimperk.cz\/?p=326979\" target=\"_blank\" rel=\"noopener\">Z PRVN\u00cd RUKY: HDP vzrostl mezi\u010dtvrtletn\u011b o 0,3 %<\/a><\/h4>\n<h4 class=\"entry-title\"><a href=\"https:\/\/zakrasnejsivimperk.cz\/?p=326935\" target=\"_blank\" rel=\"noopener\">P\u0158E\u010cT\u011aTE SI U N\u00c1S: Den\u00edk Metro \u2013 30. \u0159\u00edjna 2024<\/a><\/h4>\n<h4 class=\"entry-title\"><a href=\"https:\/\/zakrasnejsivimperk.cz\/?p=326915\" target=\"_blank\" rel=\"noopener\">SVS roz\u0161i\u0159uje p\u00e1smo katar\u00e1ln\u00ed hore\u010dky ovc\u00ed na celou \u010ceskou republiku<\/a><\/h4>\n<h4 class=\"entry-title\"><a href=\"https:\/\/zakrasnejsivimperk.cz\/?p=326887\" target=\"_blank\" rel=\"noopener\">\u010cesk\u00e1 republika se st\u00e1le pot\u00fdk\u00e1 se zhor\u0161enou kvalitou ovzdu\u0161\u00ed. To m\u00e1 negativn\u00ed dopad na zdrav\u00ed obyvatel<\/a><\/h4>\n<h4 class=\"entry-title\"><a href=\"https:\/\/zakrasnejsivimperk.cz\/?p=326883\" target=\"_blank\" rel=\"noopener\">Respira\u010dn\u00edch infekc\u00ed t\u00fdden od t\u00fddne p\u0159ib\u00fdv\u00e1<\/a><\/h4>\n<h4 class=\"entry-title\"><a href=\"https:\/\/zakrasnejsivimperk.cz\/?p=326869\" target=\"_blank\" rel=\"noopener\">P\u0158E\u010cT\u011aTE SI U N\u00c1S: Den\u00edk Metro \u2013 29. \u0159\u00edjna 2024<\/a><\/h4>\n<h4 class=\"entry-title\"><a href=\"https:\/\/zakrasnejsivimperk.cz\/?p=326861\" target=\"_blank\" rel=\"noopener\">Cyklist\u00e9 podzim nebal\u00ed: Bu\u010fte vid\u011bt, nebo zmiz\u00edte z cesty nav\u017edy!<\/a><\/h4>\n<h4 class=\"entry-title\"><a href=\"https:\/\/zakrasnejsivimperk.cz\/?p=326652\" target=\"_blank\" rel=\"noopener\">Spr\u00e1va NP \u0160umava je p\u0159ipravena na \u0159e\u0161en\u00ed konfliktn\u00edch situac\u00ed s \u201eprobl\u00e9mov\u00fdmi\u201c vlky<\/a><\/h4>\n<h4 class=\"entry-title\"><a href=\"https:\/\/zakrasnejsivimperk.cz\/?p=326682\" target=\"_blank\" rel=\"noopener\">\u010ctvrtina kontrolovan\u00fdch dopl\u0148k\u016f stravy ur\u010den\u00fdch pro kloubn\u00ed v\u00fd\u017eivu klamala spot\u0159ebitele ohledn\u011b skute\u010dn\u00e9ho slo\u017een\u00ed<\/a><\/h4>\n<hr \/>\n<p>&nbsp;<\/p>\n","protected":false},"excerpt":{"rendered":"<p>\u010cESK\u00c9 BUD\u011aJOVICE <\/p>\n","protected":false},"author":2,"featured_media":324565,"comment_status":"open","ping_status":"open","sticky":false,"template":"","format":"gallery","meta":{"footnotes":""},"categories":[179],"tags":[],"jetpack_featured_media_url":"https:\/\/zakrasnejsivimperk.cz\/wp-content\/uploads\/2024\/10\/07\/nove-khs.jpg","_links":{"self":[{"href":"https:\/\/zakrasnejsivimperk.cz\/index.php?rest_route=\/wp\/v2\/posts\/326982"}],"collection":[{"href":"https:\/\/zakrasnejsivimperk.cz\/index.php?rest_route=\/wp\/v2\/posts"}],"about":[{"href":"https:\/\/zakrasnejsivimperk.cz\/index.php?rest_route=\/wp\/v2\/types\/post"}],"author":[{"embeddable":true,"href":"https:\/\/zakrasnejsivimperk.cz\/index.php?rest_route=\/wp\/v2\/users\/2"}],"replies":[{"embeddable":true,"href":"https:\/\/zakrasnejsivimperk.cz\/index.php?rest_route=%2Fwp%2Fv2%2Fcomments&post=326982"}],"version-history":[{"count":2,"href":"https:\/\/zakrasnejsivimperk.cz\/index.php?rest_route=\/wp\/v2\/posts\/326982\/revisions"}],"predecessor-version":[{"id":326984,"href":"https:\/\/zakrasnejsivimperk.cz\/index.php?rest_route=\/wp\/v2\/posts\/326982\/revisions\/326984"}],"wp:featuredmedia":[{"embeddable":true,"href":"https:\/\/zakrasnejsivimperk.cz\/index.php?rest_route=\/wp\/v2\/media\/324565"}],"wp:attachment":[{"href":"https:\/\/zakrasnejsivimperk.cz\/index.php?rest_route=%2Fwp%2Fv2%2Fmedia&parent=326982"}],"wp:term":[{"taxonomy":"category","embeddable":true,"href":"https:\/\/zakrasnejsivimperk.cz\/index.php?rest_route=%2Fwp%2Fv2%2Fcategories&post=326982"},{"taxonomy":"post_tag","embeddable":true,"href":"https:\/\/zakrasnejsivimperk.cz\/index.php?rest_route=%2Fwp%2Fv2%2Ftags&post=326982"}],"curies":[{"name":"wp","href":"https:\/\/api.w.org\/{rel}","templated":true}]}}