{"id":326915,"date":"2024-10-29T16:27:13","date_gmt":"2024-10-29T15:27:13","guid":{"rendered":"https:\/\/zakrasnejsivimperk.cz\/?p=326915"},"modified":"2024-10-29T16:27:13","modified_gmt":"2024-10-29T15:27:13","slug":"z-prvni-ruky-svs-rozsiruje-pasmo-kataralni-horecky-ovci-na-celou-ceskou-republiku","status":"publish","type":"post","link":"https:\/\/zakrasnejsivimperk.cz\/?p=326915","title":{"rendered":"Z PRVN\u00cd RUKY: SVS roz\u0161i\u0159uje p\u00e1smo katar\u00e1ln\u00ed hore\u010dky ovc\u00ed na celou \u010ceskou republiku"},"content":{"rendered":"<h6><strong><img loading=\"lazy\" decoding=\"async\" class=\"size-medium wp-image-87974 alignleft\" src=\"https:\/\/zakrasnejsivimperk.cz\/wp-content\/uploads\/2017\/01\/04\/st\u00e1tn\u00ed-veterin\u00e1rn\u00ed-spr\u00e1va-300x146.jpg\" alt=\"\" width=\"300\" height=\"146\" srcset=\"https:\/\/zakrasnejsivimperk.cz\/wp-content\/uploads\/2017\/01\/04\/st\u00e1tn\u00ed-veterin\u00e1rn\u00ed-spr\u00e1va-300x146.jpg 300w, https:\/\/zakrasnejsivimperk.cz\/wp-content\/uploads\/2017\/01\/04\/st\u00e1tn\u00ed-veterin\u00e1rn\u00ed-spr\u00e1va-326x159.jpg 326w, https:\/\/zakrasnejsivimperk.cz\/wp-content\/uploads\/2017\/01\/04\/st\u00e1tn\u00ed-veterin\u00e1rn\u00ed-spr\u00e1va.jpg 632w\" sizes=\"(max-width: 300px) 100vw, 300px\" \/>St\u00e1tn\u00ed veterin\u00e1rn\u00ed spr\u00e1va (SVS) reaguje na v\u00fdvoj n\u00e1kazov\u00e9 situace u\u00a0katar\u00e1ln\u00ed hore\u010dky ovc\u00ed (KHO) a\u00a0s\u00a0platnost\u00ed od 30.\u00a010.\u00a02024 roz\u0161i\u0159uje p\u00e1smo na cel\u00e9 \u00fazem\u00ed \u010cesk\u00e9 republiky. To znamen\u00e1, \u017ee od z\u00edt\u0159ka \u010cR ofici\u00e1ln\u011b ztrat\u00ed status \u010dlensk\u00e9ho st\u00e1tu prost\u00e9ho KHO. Dnes k\u00a0popsan\u00fdm zm\u011bn\u00e1m SVS\u00a0vyd\u00e1v\u00e1 nov\u00e1 celost\u00e1tn\u00ed\u00a0<\/strong><a class=\"wpel-icon-right\" href=\"https:\/\/sbirkapp.gov.cz\/detail\/SPPZ23TUSZGZ6SEY\" target=\"_blank\" rel=\"noopener\" data-wpel-link=\"external\"><strong>mimo\u0159\u00e1dn\u00e1 veterin\u00e1rn\u00ed opat\u0159en\u00ed<\/strong><\/a><strong>\u00a0(MVO), kter\u00e1 vejdou v\u00a0\u00fa\u010dinnost od\u00a030.\u00a010.\u00a02024. MVO budou nov\u011b stanovovat pouze podm\u00ednky k\u00a0vakcinaci zv\u00ed\u0159at v\u00a0\u010cR.<\/strong>\u00a0<strong>P\u0159em\u00eds\u0165ov\u00e1n\u00ed zv\u00ed\u0159at vn\u00edmav\u00fdch ke KHO v\u00a0r\u00e1mci \u010cesk\u00e9 republiky nebude omezeno s\u00a0v\u00fdjimkou p\u0159em\u00edst\u011bn\u00ed z\u00a0ohniska. P\u0159em\u00eds\u0165ov\u00e1n\u00ed zv\u00ed\u0159at mimo \u010cR se bude \u0159\u00eddit platnou evropskou legislativou.<\/strong><\/h6>\n<p>K roz\u0161\u00ed\u0159en\u00ed p\u00e1sma KHO na cel\u00e9 \u00fazem\u00ed \u010cR p\u0159istupuje SVS\u00a0z\u00a0toho d\u016fvodu, \u017ee doch\u00e1z\u00ed k\u00a0postupn\u00e9mu \u0161\u00ed\u0159en\u00ed n\u00e1kazy, p\u0159i\u010dem\u017e bylo zji\u0161t\u011bno ohnisko KHO ji\u017e i\u00a0na Vyso\u010din\u011b.<\/p>\n<p>Nov\u00e1 mimo\u0159\u00e1dn\u00e1 veterin\u00e1rn\u00ed opat\u0159en\u00ed upravuj\u00ed podm\u00ednky pro vakcinaci zv\u00ed\u0159at v\u00a0\u010cR proti s\u00e9rotypu 3 KHO. V\u00a0\u010cR je ji\u017e registrov\u00e1na vakc\u00edna (BioBos BTV 3 injek\u010dn\u00ed suspenze) pro ovce a\u00a0skot. Vakcinace je dobrovoln\u00e1 a\u00a0hrad\u00ed ji chovatel.\u00a0<em>\u201eSVS doporu\u010duje chovatel\u016fm skotu a\u00a0ovc\u00ed vakcinaci zv\u00ed\u0159at proti KHO jako prevenci pro zavle\u010den\u00ed n\u00e1kazy do chov\u016f t\u011bchto zv\u00ed\u0159at. Zejm\u00e9na u\u00a0ovc\u00ed m\u016f\u017ee infekce zp\u016fsobit \u00fahyny zv\u00ed\u0159at,\u201c\u00a0<\/em>uvedl\u00a0\u00fast\u0159edn\u00ed \u0159editel SVS\u00a0Zbyn\u011bk Semer\u00e1d.<em><br \/>\n<\/em><\/p>\n<p>P\u0159em\u00edst\u011bn\u00ed zv\u00ed\u0159at z\u00a0ohniska se \u0159\u00edd\u00ed mimo\u0159\u00e1dn\u00fdmi veterin\u00e1rn\u00edmi opat\u0159en\u00edmi, kter\u00e1 vydala p\u0159\u00edslu\u0161n\u00e1 krajsk\u00e1 veterin\u00e1rn\u00ed spr\u00e1va pro ohnisko. P\u0159em\u00eds\u0165ov\u00e1n\u00ed zv\u00ed\u0159at do jin\u00fdch \u010dlensk\u00fdch st\u00e1t\u016f bude podl\u00e9hat platn\u00e9 legislativ\u011b EU, z\u00a0cel\u00e9ho \u00fazem\u00ed \u010cR bude mo\u017en\u00e9 p\u0159em\u00eds\u0165ovat zv\u00ed\u0159ata pouze do \u010dlensk\u00fdch st\u00e1t\u016f, kter\u00e9 uplat\u0148uj\u00ed v\u00fdjimky k\u00a0p\u0159em\u00edst\u011bn\u00ed zv\u00ed\u0159at vzhledem ke KHO na jejich \u00fazem\u00ed. V\u0161echny tyto v\u00fdjimky jsou uvedeny\u00a0<strong><a class=\"wpel-icon-right\" href=\"https:\/\/food.ec.europa.eu\/animals\/animal-diseases\/surveillance-eradication-programmes-and-disease-free-status\/bluetongue_en\" target=\"_blank\" rel=\"noopener\" data-wpel-link=\"external\">na ofici\u00e1ln\u00edch str\u00e1nk\u00e1ch Evropsk\u00e9 komise<\/a>.<\/strong><\/p>\n<p>Vzhledem k\u00a0tomu, \u017ee vakc\u00edna BioBos BTV 3 injek\u010dn\u00ed suspenze pro ovce a\u00a0skot je ji\u017e registrov\u00e1na v\u00a0\u010cR, je mo\u017en\u00e9 p\u0159em\u00edst\u011bn\u00ed zv\u00ed\u0159at do jin\u00e9ho \u010dlensk\u00e9ho st\u00e1tu i\u00a0na podm\u00ednky k\u00a0vakcinaci zv\u00ed\u0159at uveden\u00e9 v\u00a0t\u011bchto v\u00fdjimk\u00e1ch.<\/p>\n<p>\u00dastav pro st\u00e1tn\u00ed kontrolu veterin\u00e1rn\u00edch bioprepar\u00e1t\u016f a\u00a0l\u00e9\u010div bude diskutovat na \u00farovni EU, zda bude umo\u017en\u011bno p\u0159em\u00eds\u0165ovat zv\u00ed\u0159ata o\u010dkovan\u00e1 touto vakc\u00ednou registrovanou v\u00a0\u010cR i\u00a0do ostatn\u00edch st\u00e1t\u016f EU za potvrzen\u00ed zdravotn\u00ed garance k\u00a0o\u010dkov\u00e1n\u00ed proti KHO. Chovatele budeme o v\u00fdsledc\u00edch informovat.<\/p>\n<p>Katar\u00e1ln\u00ed hore\u010dka ovc\u00ed se po\u010d\u00e1tkem z\u00e1\u0159\u00ed vr\u00e1tila do \u010cesk\u00e9 republiky po\u00a015 letech a\u00a0nov\u00e1 ohniska, p\u0159edev\u0161\u00edm v\u00a0chovech skotu, st\u00e1le p\u0159ib\u00fdvaj\u00ed.\u00a0 K\u00a0dne\u0161n\u00edmu dni bylo v\u00a0\u010cR registrov\u00e1no 67 ohnisek t\u00e9to n\u00e1kazy. N\u00e1kaza se \u0161\u00ed\u0159\u00ed i\u00a0v\u00a0\u0159ad\u011b dal\u0161\u00edch evropsk\u00fdch zem\u00ed.<\/p>\n<p>KHO je virov\u00e9\u00a0onemocn\u011bn\u00ed dom\u00e1c\u00edch a\u00a0divoce \u017eij\u00edc\u00edch p\u0159e\u017ev\u00fdkavc\u016f. N\u00e1kaza postihuje p\u0159edev\u0161\u00edm ovce, kozy a\u00a0skot. U\u00a0skotu v\u011bt\u0161inou nedoch\u00e1z\u00ed k\u00a0v\u00fdskytu klinick\u00fdch p\u0159\u00edznak\u016f. Onemocn\u011bn\u00ed je p\u0159en\u00e1\u0161eno krev saj\u00edc\u00edm hmyzem, konkr\u00e9tn\u011b tipl\u00edky. N\u00e1kaza se projevuje hore\u010dkou, z\u00e1n\u011bty a\u00a0otoky v\u00a0oblasti\u00a0dutiny \u00fastn\u00ed, nozder, v\u00ed\u010dek, u\u0161\u00ed, posti\u017eeny mohou b\u00fdt i\u00a0paznehty. Zejm\u00e9na na sliznici dutiny \u00fastn\u00ed se objevuj\u00ed krv\u00e1ceniny a\u00a0v\u0159edy.<\/p>\n<p><strong>(tz-svs)<\/strong><\/p>\n<hr \/>\n<p>&nbsp;<\/p>\n<h6>Informujeme:<\/h6>\n<h4 class=\"entry-title\"><a href=\"https:\/\/zakrasnejsivimperk.cz\/?p=326887\" target=\"_blank\" rel=\"noopener\">\u010cesk\u00e1 republika se st\u00e1le pot\u00fdk\u00e1 se zhor\u0161enou kvalitou ovzdu\u0161\u00ed. To m\u00e1 negativn\u00ed dopad na zdrav\u00ed obyvatel<\/a><\/h4>\n<h4 class=\"entry-title\"><a href=\"https:\/\/zakrasnejsivimperk.cz\/?p=326883\" target=\"_blank\" rel=\"noopener\">Respira\u010dn\u00edch infekc\u00ed t\u00fdden od t\u00fddne p\u0159ib\u00fdv\u00e1<\/a><\/h4>\n<h4 class=\"entry-title\"><a href=\"https:\/\/zakrasnejsivimperk.cz\/?p=326869\" target=\"_blank\" rel=\"noopener\">P\u0158E\u010cT\u011aTE SI U N\u00c1S: Den\u00edk Metro \u2013 29. \u0159\u00edjna 2024<\/a><\/h4>\n<h4 class=\"entry-title\"><a href=\"https:\/\/zakrasnejsivimperk.cz\/?p=326861\" target=\"_blank\" rel=\"noopener\">Cyklist\u00e9 podzim nebal\u00ed: Bu\u010fte vid\u011bt, nebo zmiz\u00edte z cesty nav\u017edy!<\/a><\/h4>\n<h4 class=\"entry-title\"><a href=\"https:\/\/zakrasnejsivimperk.cz\/?p=326652\" target=\"_blank\" rel=\"noopener\">Spr\u00e1va NP \u0160umava je p\u0159ipravena na \u0159e\u0161en\u00ed konfliktn\u00edch situac\u00ed s \u201eprobl\u00e9mov\u00fdmi\u201c vlky<\/a><\/h4>\n<h4 class=\"entry-title\"><a href=\"https:\/\/zakrasnejsivimperk.cz\/?p=326682\" target=\"_blank\" rel=\"noopener\">\u010ctvrtina kontrolovan\u00fdch dopl\u0148k\u016f stravy ur\u010den\u00fdch pro kloubn\u00ed v\u00fd\u017eivu klamala spot\u0159ebitele ohledn\u011b skute\u010dn\u00e9ho slo\u017een\u00ed<\/a><\/h4>\n<hr \/>\n<p>&nbsp;<\/p>\n","protected":false},"excerpt":{"rendered":"<p>St\u00e1tn\u00ed veterin\u00e1rn\u00ed <\/p>\n","protected":false},"author":2,"featured_media":326916,"comment_status":"open","ping_status":"open","sticky":false,"template":"","format":"gallery","meta":{"footnotes":""},"categories":[70],"tags":[],"jetpack_featured_media_url":"https:\/\/zakrasnejsivimperk.cz\/wp-content\/uploads\/2024\/10\/29\/z-ruky-svs.jpg","_links":{"self":[{"href":"https:\/\/zakrasnejsivimperk.cz\/index.php?rest_route=\/wp\/v2\/posts\/326915"}],"collection":[{"href":"https:\/\/zakrasnejsivimperk.cz\/index.php?rest_route=\/wp\/v2\/posts"}],"about":[{"href":"https:\/\/zakrasnejsivimperk.cz\/index.php?rest_route=\/wp\/v2\/types\/post"}],"author":[{"embeddable":true,"href":"https:\/\/zakrasnejsivimperk.cz\/index.php?rest_route=\/wp\/v2\/users\/2"}],"replies":[{"embeddable":true,"href":"https:\/\/zakrasnejsivimperk.cz\/index.php?rest_route=%2Fwp%2Fv2%2Fcomments&post=326915"}],"version-history":[{"count":1,"href":"https:\/\/zakrasnejsivimperk.cz\/index.php?rest_route=\/wp\/v2\/posts\/326915\/revisions"}],"predecessor-version":[{"id":326917,"href":"https:\/\/zakrasnejsivimperk.cz\/index.php?rest_route=\/wp\/v2\/posts\/326915\/revisions\/326917"}],"wp:featuredmedia":[{"embeddable":true,"href":"https:\/\/zakrasnejsivimperk.cz\/index.php?rest_route=\/wp\/v2\/media\/326916"}],"wp:attachment":[{"href":"https:\/\/zakrasnejsivimperk.cz\/index.php?rest_route=%2Fwp%2Fv2%2Fmedia&parent=326915"}],"wp:term":[{"taxonomy":"category","embeddable":true,"href":"https:\/\/zakrasnejsivimperk.cz\/index.php?rest_route=%2Fwp%2Fv2%2Fcategories&post=326915"},{"taxonomy":"post_tag","embeddable":true,"href":"https:\/\/zakrasnejsivimperk.cz\/index.php?rest_route=%2Fwp%2Fv2%2Ftags&post=326915"}],"curies":[{"name":"wp","href":"https:\/\/api.w.org\/{rel}","templated":true}]}}