{"id":326893,"date":"2024-10-29T11:46:42","date_gmt":"2024-10-29T10:46:42","guid":{"rendered":"https:\/\/zakrasnejsivimperk.cz\/?p=326893"},"modified":"2024-10-29T11:46:42","modified_gmt":"2024-10-29T10:46:42","slug":"aktualne-v-jihoceskem-kraji-bylo-k-43-tydnu-potvrzeno-3-039-pripadu-cerneho-kasle-v-tydnu-pribylo-29-novych-pripadu","status":"publish","type":"post","link":"https:\/\/zakrasnejsivimperk.cz\/?p=326893","title":{"rendered":"AKTU\u00c1LN\u011a: V Jiho\u010desk\u00e9m kraji bylo k 43. t\u00fddnu potvrzeno 3 039 p\u0159\u00edpad\u016f \u010dern\u00e9ho ka\u0161le, v t\u00fddnu p\u0159ibylo 29 nov\u00fdch p\u0159\u00edpad\u016f"},"content":{"rendered":"<h6><img loading=\"lazy\" decoding=\"async\" class=\"size-medium wp-image-199605 alignleft\" src=\"https:\/\/zakrasnejsivimperk.cz\/wp-content\/uploads\/2020\/08\/06\/khs-logo-300x129.jpg\" alt=\"\" width=\"300\" height=\"129\" srcset=\"https:\/\/zakrasnejsivimperk.cz\/wp-content\/uploads\/2020\/08\/06\/khs-logo-300x129.jpg 300w, https:\/\/zakrasnejsivimperk.cz\/wp-content\/uploads\/2020\/08\/06\/khs-logo-768x330.jpg 768w, https:\/\/zakrasnejsivimperk.cz\/wp-content\/uploads\/2020\/08\/06\/khs-logo-831x357.jpg 831w, https:\/\/zakrasnejsivimperk.cz\/wp-content\/uploads\/2020\/08\/06\/khs-logo.jpg 922w\" sizes=\"(max-width: 300px) 100vw, 300px\" \/>\u010cESK\u00c9 BUD\u011aJOVICE 29. 10. 2024 \u2013 V pr\u016fb\u011bhu uplynul\u00fdch 43 t\u00fddn\u016f leto\u0161n\u00edho roku zaznamenali hygienici v Jiho\u010desk\u00e9m kraji celkem 3 039 p\u0159\u00edpad\u016f \u010dern\u00e9ho ka\u0161le \/pertuse\/, v minul\u00e9m t\u00fddnu p\u0159ibylo 29 nov\u00fdch p\u0159\u00edpad\u016f, to je nejmen\u0161\u00ed t\u00fddenn\u00ed n\u00e1r\u016fst od p\u00e1t\u00e9ho kalend\u00e1\u0159n\u00edho t\u00fddne roku, kdy v kraji za\u010dalo doch\u00e1zet k prudk\u00e9mu r\u016fstu po\u010dtu onemocn\u011bn\u00ed p\u0159edev\u0161\u00edm mezi st\u0159edo\u0161kol\u00e1ky.<\/h6>\n<p>V Jiho\u010desk\u00e9m kraji registruj\u00ed hygienici aktu\u00e1ln\u011b 3 039 potvrzen\u00fdch p\u0159\u00edpad\u016f pertuse. Nejv\u011bt\u0161\u00ed po\u010det nov\u00fdch p\u0159\u00edpad\u016f v uplynul\u00e9m t\u00fddnu z hlediska v\u011bku pacient\u016f registrovali mezi dosp\u011bl\u00fdmi ve v\u011bkov\u00e9 skupin\u011b 55-64 let a mlad\u0161\u00edmi \u0161koln\u00edmi d\u011btmi v kategorii 5\u20139 let a to po 5, \u017e\u00e1dn\u00fd p\u0159\u00edpad nebyl zaznamen\u00e1n mezi mlad\u00fdmi ve skupin\u011b 15 \u2013 19 let.<\/p>\n<p><em>\u201eNejv\u00edce p\u0159\u00edpad\u016f celkov\u011b od za\u010d\u00e1tku roku registrujeme st\u00e1le mezi st\u0159edo\u0161kol\u00e1ky, v kategorii 15-19 let je od za\u010d\u00e1tku roku celkem 683 p\u0159\u00edpad\u016f, mezi dosp\u011bl\u00fdmi v kategorii 45\u201354 je aktu\u00e1ln\u011b 439 p\u0159\u00edpad\u016f, dal\u0161\u00ed v\u011bkov\u00e9 kategorie maj\u00ed v\u00fdskyt ni\u017e\u0161\u00ed. Co se t\u00fd\u010de srovn\u00e1n\u00ed jiho\u010desk\u00fdch okres\u016f, nejv\u011bt\u0161\u00ed v\u00fdskyt je dlouhodob\u011b na \u010ceskobud\u011bjovicku, kde m\u00e1me 1 118 evidovan\u00fdch p\u0159\u00edpad\u016f, na Jind\u0159ichohradecku je 503 p\u0159\u00edpad\u016f. Zb\u00fdvaj\u00edc\u00ed okresy na\u0161eho kraje maj\u00ed v\u00fdskyt podobn\u00fd a pohybuje se od 259 p\u0159\u00edpad\u016f na T\u00e1borsku po 317 p\u0159\u00edpad\u016f na Prachaticku. Mezi d\u011btmi do jednoho roku jako nejzraniteln\u011bj\u0161\u00ed v\u011bkov\u00e9 skupiny registrujeme 49 p\u0159\u00edpad\u016f, v minul\u00e9m t\u00fddnu p\u0159ibyl v t\u00e9to kategorii jeden nov\u00fd p\u0159\u00edpad,\u201c<\/em> uvedla \u0159editelka Krajsk\u00e9 hygienick\u00e9 stanice Jiho\u010desk\u00e9ho kraje Kvetoslava Kotrbov\u00e1.<\/p>\n<p><strong>P\u0159\u00edpady podle okres\u016f Jiho\u010desk\u00e9ho kraje k 43. t\u00fddnu 2024:<\/strong><\/p>\n<p><strong>CB:<\/strong>\u00a0 1 118<\/p>\n<p><strong>CK:<\/strong>\u00a0 \u00a0 284<\/p>\n<p><strong>JH:<\/strong>\u00a0 \u00a0 \u00a0503<\/p>\n<p><strong>PI:<\/strong>\u00a0 \u00a0 \u00a0293<\/p>\n<p><strong>PT:<\/strong>\u00a0 \u00a0 317<\/p>\n<p><strong>ST:<\/strong>\u00a0 \u00a0 265<\/p>\n<p><strong>TA:<\/strong>\u00a0 \u00a0 259<\/p>\n<p>&nbsp;<\/p>\n<p><strong>(tz-khs)<\/strong><\/p>\n<hr \/>\n<p>&nbsp;<\/p>\n<h6>Informujeme:<\/h6>\n<h4 class=\"entry-title\"><a href=\"https:\/\/zakrasnejsivimperk.cz\/?p=326887\" target=\"_blank\" rel=\"noopener\">\u010cesk\u00e1 republika se st\u00e1le pot\u00fdk\u00e1 se zhor\u0161enou kvalitou ovzdu\u0161\u00ed. To m\u00e1 negativn\u00ed dopad na zdrav\u00ed obyvatel<\/a><\/h4>\n<h4 class=\"entry-title\"><a href=\"https:\/\/zakrasnejsivimperk.cz\/?p=326883\" target=\"_blank\" rel=\"noopener\">Respira\u010dn\u00edch infekc\u00ed t\u00fdden od t\u00fddne p\u0159ib\u00fdv\u00e1<\/a><\/h4>\n<h4 class=\"entry-title\"><a href=\"https:\/\/zakrasnejsivimperk.cz\/?p=326869\" target=\"_blank\" rel=\"noopener\">P\u0158E\u010cT\u011aTE SI U N\u00c1S: Den\u00edk Metro \u2013 29. \u0159\u00edjna 2024<\/a><\/h4>\n<h4 class=\"entry-title\"><a href=\"https:\/\/zakrasnejsivimperk.cz\/?p=326861\" target=\"_blank\" rel=\"noopener\">Cyklist\u00e9 podzim nebal\u00ed: Bu\u010fte vid\u011bt, nebo zmiz\u00edte z cesty nav\u017edy!<\/a><\/h4>\n<h4 class=\"entry-title\"><a href=\"https:\/\/zakrasnejsivimperk.cz\/?p=326652\" target=\"_blank\" rel=\"noopener\">Spr\u00e1va NP \u0160umava je p\u0159ipravena na \u0159e\u0161en\u00ed konfliktn\u00edch situac\u00ed s \u201eprobl\u00e9mov\u00fdmi\u201c vlky<\/a><\/h4>\n<h4 class=\"entry-title\"><a href=\"https:\/\/zakrasnejsivimperk.cz\/?p=326682\" target=\"_blank\" rel=\"noopener\">\u010ctvrtina kontrolovan\u00fdch dopl\u0148k\u016f stravy ur\u010den\u00fdch pro kloubn\u00ed v\u00fd\u017eivu klamala spot\u0159ebitele ohledn\u011b skute\u010dn\u00e9ho slo\u017een\u00ed<\/a><\/h4>\n<hr \/>\n<p>&nbsp;<\/p>\n","protected":false},"excerpt":{"rendered":"<p>\u010cESK\u00c9 BUD\u011aJOVICE <\/p>\n","protected":false},"author":2,"featured_media":319954,"comment_status":"open","ping_status":"open","sticky":false,"template":"","format":"gallery","meta":{"footnotes":""},"categories":[179],"tags":[],"jetpack_featured_media_url":"https:\/\/zakrasnejsivimperk.cz\/wp-content\/uploads\/2024\/09\/02\/nove-kasel.jpg","_links":{"self":[{"href":"https:\/\/zakrasnejsivimperk.cz\/index.php?rest_route=\/wp\/v2\/posts\/326893"}],"collection":[{"href":"https:\/\/zakrasnejsivimperk.cz\/index.php?rest_route=\/wp\/v2\/posts"}],"about":[{"href":"https:\/\/zakrasnejsivimperk.cz\/index.php?rest_route=\/wp\/v2\/types\/post"}],"author":[{"embeddable":true,"href":"https:\/\/zakrasnejsivimperk.cz\/index.php?rest_route=\/wp\/v2\/users\/2"}],"replies":[{"embeddable":true,"href":"https:\/\/zakrasnejsivimperk.cz\/index.php?rest_route=%2Fwp%2Fv2%2Fcomments&post=326893"}],"version-history":[{"count":1,"href":"https:\/\/zakrasnejsivimperk.cz\/index.php?rest_route=\/wp\/v2\/posts\/326893\/revisions"}],"predecessor-version":[{"id":326894,"href":"https:\/\/zakrasnejsivimperk.cz\/index.php?rest_route=\/wp\/v2\/posts\/326893\/revisions\/326894"}],"wp:featuredmedia":[{"embeddable":true,"href":"https:\/\/zakrasnejsivimperk.cz\/index.php?rest_route=\/wp\/v2\/media\/319954"}],"wp:attachment":[{"href":"https:\/\/zakrasnejsivimperk.cz\/index.php?rest_route=%2Fwp%2Fv2%2Fmedia&parent=326893"}],"wp:term":[{"taxonomy":"category","embeddable":true,"href":"https:\/\/zakrasnejsivimperk.cz\/index.php?rest_route=%2Fwp%2Fv2%2Fcategories&post=326893"},{"taxonomy":"post_tag","embeddable":true,"href":"https:\/\/zakrasnejsivimperk.cz\/index.php?rest_route=%2Fwp%2Fv2%2Ftags&post=326893"}],"curies":[{"name":"wp","href":"https:\/\/api.w.org\/{rel}","templated":true}]}}