{"id":326883,"date":"2024-10-29T08:15:44","date_gmt":"2024-10-29T07:15:44","guid":{"rendered":"https:\/\/zakrasnejsivimperk.cz\/?p=326883"},"modified":"2024-10-29T08:15:44","modified_gmt":"2024-10-29T07:15:44","slug":"z-prvni-ruky-respiracnich-infekci-tyden-od-tydne-pribyva","status":"publish","type":"post","link":"https:\/\/zakrasnejsivimperk.cz\/?p=326883","title":{"rendered":"Z PRVN\u00cd RUKY: Respira\u010dn\u00edch infekc\u00ed t\u00fdden od t\u00fddne p\u0159ib\u00fdv\u00e1"},"content":{"rendered":"<h6><strong><img loading=\"lazy\" decoding=\"async\" class=\"alignleft wp-image-269346\" src=\"https:\/\/zakrasnejsivimperk.cz\/wp-content\/uploads\/2022\/12\/12\/sz\u00fa-logo-300x288.jpg\" alt=\"\" width=\"150\" height=\"144\" srcset=\"https:\/\/zakrasnejsivimperk.cz\/wp-content\/uploads\/2022\/12\/12\/sz\u00fa-logo-300x288.jpg 300w, https:\/\/zakrasnejsivimperk.cz\/wp-content\/uploads\/2022\/12\/12\/sz\u00fa-logo-768x737.jpg 768w, https:\/\/zakrasnejsivimperk.cz\/wp-content\/uploads\/2022\/12\/12\/sz\u00fa-logo-1024x983.jpg 1024w, https:\/\/zakrasnejsivimperk.cz\/wp-content\/uploads\/2022\/12\/12\/sz\u00fa-logo-372x357.jpg 372w, https:\/\/zakrasnejsivimperk.cz\/wp-content\/uploads\/2022\/12\/12\/sz\u00fa-logo-503x483.jpg 503w, https:\/\/zakrasnejsivimperk.cz\/wp-content\/uploads\/2022\/12\/12\/sz\u00fa-logo.jpg 1100w\" sizes=\"(max-width: 150px) 100vw, 150px\" \/>Ve 43. t\u00fddnu roku 2024 dos\u00e1hla nemocnost akutn\u00edch respira\u010dn\u00edch infekc\u00ed (ARI) \u00farovn\u011b 1361 infikovan\u00fdch na 100 000 obyvatel, co\u017e p\u0159edstavuje m\u00edrn\u00fd vzestup o necel\u00e1 3 % v porovn\u00e1n\u00ed s p\u0159edchoz\u00edm t\u00fddnem. U ch\u0159ipce podobn\u00fdch onemocn\u011bn\u00ed (ILI) se za stejn\u00e9 obdob\u00ed aktu\u00e1ln\u00ed nemocnost zv\u00fd\u0161ila o 10 %.<\/strong><\/h6>\n<p><em>\u00a0<\/em><em>\u201eNejvy\u0161\u0161\u00ed n\u00e1r\u016fst po\u010dtu nemocn\u00fdch s\u00a0akutn\u00edmi respira\u010dn\u00edmi infekcemi (ARI) pozorujeme u d\u011bt\u00ed. Aktu\u00e1ln\u011b nejvy\u0161\u0161\u00ed nemocnost m\u00e1 Jihomoravsk\u00fd kraj, ale mezi regiony nejsou ve v\u00fdvoji nemocnosti v\u00fdznamn\u00e9 rozd\u00edly. U ch\u0159ipce podobn\u00fdch onemocn\u011bn\u00ed (ILI) naopak nejv\u011bt\u0161\u00ed vzestup nemocnosti vykazuj\u00ed dosp\u011bl\u00ed lid\u00e9,\u201c<\/em>\u00a0komentoval v\u00fdvoj vedouc\u00ed Odd\u011blen\u00ed epidemiologie infek\u010dn\u00edch nemoc\u00ed St\u00e1tn\u00edho zdravotn\u00edho \u00fastavu MUDr. Jan Kyn\u010dl, Ph.D.<\/p>\n<p>S\u00a0ohledem na postupn\u00e9 ochlazov\u00e1n\u00ed i vy\u0161\u0161\u00ed po\u010det nemocn\u00fdch v\u00a0populaci lze o\u010dek\u00e1vat, \u017ee respira\u010dn\u00edch infekc\u00ed bude nad\u00e1le p\u0159ib\u00fdvat. Je vhodn\u00e9 zv\u00e1\u017eit o\u010dkov\u00e1n\u00ed proti ch\u0159ipce i covidu-19 a myslet i na dodr\u017eov\u00e1n\u00ed z\u00e1kladn\u00edch hygienick\u00fdch pravidel. Hygiena rukou a ohleduplnost pat\u0159\u00ed k\u00a0\u00fapln\u00fdm z\u00e1klad\u016fm toho, abychom infekc\u00edm nepom\u00e1hali v\u00a0\u0161\u00ed\u0159en\u00ed. M\u00e1te \u2013 li p\u0159\u00edznaky respira\u010dn\u00edho onemocn\u011bn\u00ed, ne\u0161i\u0159te ho d\u00e1le nap\u0159\u00edklad n\u00e1v\u0161t\u011bvami bl\u00edzk\u00fdch nebo doch\u00e1zkou do pracovn\u00edho kolektivu. K\u00fdchejte \u010di ka\u0161lejte v\u017edy do jednor\u00e1zov\u00fdch kapesn\u00edk\u016f, nikdy ne s\u00a0nezakryt\u00fdm nosem a \u00fasty. Kdy\u017e nen\u00ed po ruce kapesn\u00edk, nejrychlej\u0161\u00edm \u0159e\u0161en\u00edm je k\u00fdchnout do p\u0159edlokt\u00ed, ne do dlan\u00ed, kter\u00fdmi v\u011bt\u0161inou bezprost\u0159edn\u011b na cokoli dal\u0161\u00edho sah\u00e1me a rozn\u00e1\u0161\u00edme tak p\u016fvodce infekc\u00ed. Pokud pot\u0159ebujete j\u00edt k\u00a0l\u00e9ka\u0159i, nezapome\u0148te na respir\u00e1tor. Mysleme na ochranu sv\u00e9ho zdrav\u00ed a do v\u011bt\u0161\u00edho kolektivu, p\u0159edev\u0161\u00edm v\u00a0uzav\u0159en\u00fdch prostor\u00e1ch jako jsou nap\u0159\u00edklad prost\u0159edky hromadn\u00e9 dopravy, nosme respir\u00e1tor \u010di rou\u0161ku.<\/p>\n<p><strong>(tz-sz\u00fa)<\/strong><\/p>\n<hr \/>\n<p>&nbsp;<\/p>\n<h6>Informujeme:<\/h6>\n<h4 class=\"entry-title\"><a href=\"https:\/\/zakrasnejsivimperk.cz\/?p=326869\" target=\"_blank\" rel=\"noopener\">P\u0158E\u010cT\u011aTE SI U N\u00c1S: Den\u00edk Metro \u2013 29. \u0159\u00edjna 2024<\/a><\/h4>\n<h4 class=\"entry-title\"><a href=\"https:\/\/zakrasnejsivimperk.cz\/?p=326861\" target=\"_blank\" rel=\"noopener\">Cyklist\u00e9 podzim nebal\u00ed: Bu\u010fte vid\u011bt, nebo zmiz\u00edte z cesty nav\u017edy!<\/a><\/h4>\n<h4 class=\"entry-title\"><a href=\"https:\/\/zakrasnejsivimperk.cz\/?p=326652\" target=\"_blank\" rel=\"noopener\">Spr\u00e1va NP \u0160umava je p\u0159ipravena na \u0159e\u0161en\u00ed konfliktn\u00edch situac\u00ed s \u201eprobl\u00e9mov\u00fdmi\u201c vlky<\/a><\/h4>\n<h4 class=\"entry-title\"><a href=\"https:\/\/zakrasnejsivimperk.cz\/?p=326682\" target=\"_blank\" rel=\"noopener\">\u010ctvrtina kontrolovan\u00fdch dopl\u0148k\u016f stravy ur\u010den\u00fdch pro kloubn\u00ed v\u00fd\u017eivu klamala spot\u0159ebitele ohledn\u011b skute\u010dn\u00e9ho slo\u017een\u00ed<\/a><\/h4>\n<hr \/>\n<p>&nbsp;<\/p>\n","protected":false},"excerpt":{"rendered":"<p>Ve 43. <\/p>\n","protected":false},"author":2,"featured_media":326885,"comment_status":"open","ping_status":"open","sticky":false,"template":"","format":"gallery","meta":{"footnotes":""},"categories":[70],"tags":[],"jetpack_featured_media_url":"https:\/\/zakrasnejsivimperk.cz\/wp-content\/uploads\/2024\/10\/29\/ram-szu.jpg","_links":{"self":[{"href":"https:\/\/zakrasnejsivimperk.cz\/index.php?rest_route=\/wp\/v2\/posts\/326883"}],"collection":[{"href":"https:\/\/zakrasnejsivimperk.cz\/index.php?rest_route=\/wp\/v2\/posts"}],"about":[{"href":"https:\/\/zakrasnejsivimperk.cz\/index.php?rest_route=\/wp\/v2\/types\/post"}],"author":[{"embeddable":true,"href":"https:\/\/zakrasnejsivimperk.cz\/index.php?rest_route=\/wp\/v2\/users\/2"}],"replies":[{"embeddable":true,"href":"https:\/\/zakrasnejsivimperk.cz\/index.php?rest_route=%2Fwp%2Fv2%2Fcomments&post=326883"}],"version-history":[{"count":2,"href":"https:\/\/zakrasnejsivimperk.cz\/index.php?rest_route=\/wp\/v2\/posts\/326883\/revisions"}],"predecessor-version":[{"id":326886,"href":"https:\/\/zakrasnejsivimperk.cz\/index.php?rest_route=\/wp\/v2\/posts\/326883\/revisions\/326886"}],"wp:featuredmedia":[{"embeddable":true,"href":"https:\/\/zakrasnejsivimperk.cz\/index.php?rest_route=\/wp\/v2\/media\/326885"}],"wp:attachment":[{"href":"https:\/\/zakrasnejsivimperk.cz\/index.php?rest_route=%2Fwp%2Fv2%2Fmedia&parent=326883"}],"wp:term":[{"taxonomy":"category","embeddable":true,"href":"https:\/\/zakrasnejsivimperk.cz\/index.php?rest_route=%2Fwp%2Fv2%2Fcategories&post=326883"},{"taxonomy":"post_tag","embeddable":true,"href":"https:\/\/zakrasnejsivimperk.cz\/index.php?rest_route=%2Fwp%2Fv2%2Ftags&post=326883"}],"curies":[{"name":"wp","href":"https:\/\/api.w.org\/{rel}","templated":true}]}}