{"id":326786,"date":"2024-10-28T18:29:38","date_gmt":"2024-10-28T17:29:38","guid":{"rendered":"https:\/\/zakrasnejsivimperk.cz\/?p=326786"},"modified":"2024-10-28T18:29:38","modified_gmt":"2024-10-28T17:29:38","slug":"jizni-cechy-co-se-deje-v-prachaticich-informace-o-jednani-rady-mesta-21-10","status":"publish","type":"post","link":"https:\/\/zakrasnejsivimperk.cz\/?p=326786","title":{"rendered":"JI\u017dN\u00cd \u010cECHY: Co se d\u011bje v Prachatic\u00edch. Informace o jedn\u00e1n\u00ed rady m\u011bsta &#8211; 21.10."},"content":{"rendered":"<figure id=\"attachment_279928\" aria-describedby=\"caption-attachment-279928\" style=\"width: 1100px\" class=\"wp-caption aligncenter\"><img loading=\"lazy\" decoding=\"async\" class=\"wp-image-279928 size-full\" src=\"https:\/\/zakrasnejsivimperk.cz\/wp-content\/uploads\/2023\/05\/30\/prachatice-5.jpg\" alt=\"\" width=\"1100\" height=\"749\" srcset=\"https:\/\/zakrasnejsivimperk.cz\/wp-content\/uploads\/2023\/05\/30\/prachatice-5.jpg 1100w, https:\/\/zakrasnejsivimperk.cz\/wp-content\/uploads\/2023\/05\/30\/prachatice-5-300x204.jpg 300w, https:\/\/zakrasnejsivimperk.cz\/wp-content\/uploads\/2023\/05\/30\/prachatice-5-1024x697.jpg 1024w, https:\/\/zakrasnejsivimperk.cz\/wp-content\/uploads\/2023\/05\/30\/prachatice-5-768x523.jpg 768w, https:\/\/zakrasnejsivimperk.cz\/wp-content\/uploads\/2023\/05\/30\/prachatice-5-524x357.jpg 524w, https:\/\/zakrasnejsivimperk.cz\/wp-content\/uploads\/2023\/05\/30\/prachatice-5-709x483.jpg 709w\" sizes=\"(max-width: 1100px) 100vw, 1100px\" \/><figcaption id=\"caption-attachment-279928\" class=\"wp-caption-text\">Prachatice \/ Foto: (red) \u2013 Za kr\u00e1sn\u011bj\u0161\u00ed Vimperk<\/figcaption><\/figure>\n<hr \/>\n<p>&nbsp;<\/p>\n<h6><b>Prodlou\u017een\u00ed provozn\u00ed doby prachatick\u00e9ho saunov\u00e9ho sv\u011bta<\/b><\/h6>\n<p>Radn\u00ed na sv\u00e9m pond\u011bln\u00edm jedn\u00e1n\u00ed schv\u00e1lili \u00fapravu provozn\u00ed doby saunov\u00e9ho sv\u011bta a s\u00a0t\u00edm spojenou \u00fapravu cen\u00edku. Sportovn\u00ed za\u0159\u00edzen\u00ed reaguje na zv\u00fd\u0161enou popt\u00e1vku ve\u0159ejnosti o prachatick\u00fd saunov\u00fd sv\u011bt a prodlu\u017euje provozn\u00ed dobu saunov\u00e9ho sv\u011bta od p\u00e1tku 1. listopadu ka\u017ed\u00fd den o 1 hodinu, tedy do 21:30 hod. \u201e<em>Tuto roz\u0161\u00ed\u0159enou hodinu v\u00a0\u010dase od 20:30 do 21:30 budeme n\u00e1v\u0161t\u011bvn\u00edk\u016fm prod\u00e1vat za zv\u00fdhodn\u011bnou cenou 120 K\u010d. O v\u00edkendech bude saunov\u00fd sv\u011bt otev\u0159en ji\u017e od 12:00 hod. Prodlou\u017een\u00ed provozn\u00ed doby se t\u00fdk\u00e1 pouze saunov\u00e9ho sv\u011bta, baz\u00e9n svou provozn\u00ed dobu nem\u011bn\u00ed. Sportovn\u00ed za\u0159\u00edzen\u00ed nab\u00edz\u00ed v\u00a0listopadu ve vybran\u00fdch dnech saunov\u00e9 ceremoni\u00e1ly a\u00a0peelingy,\u201c<\/em> up\u0159esnil schv\u00e1len\u00e9 zm\u011bny provozn\u00ed doby \u0159editel Sportovn\u00edho za\u0159\u00edzen\u00ed Prachatice Martin Kutl\u00e1k.<\/p>\n<p>&nbsp;<\/p>\n<h6><b>Ve\u0159ejn\u00fd mobili\u00e1\u0159 v\u00a0Prachatic\u00edch se roz\u0161\u00ed\u0159\u00ed o dal\u0161\u00ed lavi\u010dky<\/b><\/h6>\n<p>V\u00a0lo\u0148sk\u00e9m roce prob\u011bhla na Velk\u00e9m n\u00e1m\u011bst\u00ed anketa mezi ob\u010dany a n\u00e1v\u0161t\u011bvn\u00edky m\u011bsta Prachatice t\u00fdkaj\u00edc\u00ed se n\u00e1kupu m\u011bstsk\u00e9ho mobili\u00e1\u0159e v\u00a0podob\u011b lavi\u010dek. Na z\u00e1klad\u011b hlasov\u00e1n\u00ed \u00fa\u010dastn\u00edk\u016f ankety byla vybr\u00e1na firma STREETPARK s.r.o., od kter\u00e9 m\u011bsto zakoupilo a instalovalo 20 ks lavi\u010dek s\u00a0podru\u010dkami. \u00a0Zakoupen\u00e9 lavi\u010dky typu INOA v\u00a0d\u00e9lce 1800 mm byly v leto\u0161n\u00edm roce postupn\u011b instalov\u00e1ny ve vybran\u00fdch lokalit\u00e1ch m\u011bsta, kdy na v\u00fdb\u011bru lokalit se pod\u00edlela Rada senior\u016f, Poradn\u00ed sbor zdravotn\u011b posti\u017een\u00fdch a Studentsk\u00e1 rada.<\/p>\n<p>Na v\u00fdb\u011bru dal\u0161\u00edch vhodn\u00fdch lokalit pro instalaci nov\u00fdch lavi\u010dek m\u011bsto Prachatice spolupracuje se v\u0161emi zapojen\u00fdmi organizacemi a rada m\u011bsta na pond\u011bln\u00edm jedn\u00e1n\u00ed schv\u00e1lila dod\u00e1n\u00ed dal\u0161\u00edch 10 ks lavi\u010dek stejn\u00e9ho typu pro zachov\u00e1n\u00ed jednotn\u00e9ho vzhledu m\u011bstsk\u00e9ho mobili\u00e1\u0159e.<\/p>\n<p>&nbsp;<\/p>\n<h6><b>St\u0159echy kostela sv. Petra a Pavla a Mate\u0159sk\u00e9 \u0161kolky projdou nezbytnou opravou havarijn\u00edho stavu<\/b><\/h6>\n<p>Po\u0161kozen\u00ed st\u0159echy kostela sv. Petra a Pavla z\u00a0b\u0159idlicov\u00e9 krytiny, kter\u00e1 m\u00e1 sv\u00e1 specifika a je pom\u011brn\u011b k\u0159ehk\u00e1, zp\u016fsobilo p\u0159i ned\u00e1vn\u00fdch vytrval\u00fdch de\u0161t\u00edch zate\u010den\u00ed do interi\u00e9ru kostela. V\u00fdm\u011bna cel\u00e9 st\u0159e\u0161n\u00ed krytiny v\u010detn\u011b tr\u00e1m\u016f je finan\u010dn\u011b velmi n\u00e1kladn\u00e1, a to pr\u00e1v\u011b i s\u00a0ohledem na nezbytnost pou\u017eit\u00ed stejn\u00e9ho materi\u00e1lu z\u00a0d\u016fvodu pam\u00e1tkov\u00e9 ochrany. \u00a0Rada m\u011bsta proto schv\u00e1lila finan\u010dn\u00ed kryt\u00ed ve v\u00fd\u0161i cca 123 tis. K\u010d alespo\u0148 na nezbytn\u011b nutnou opravu, kter\u00e1 bude spo\u010d\u00edvat ve v\u00fdm\u011bn\u011b cca 2-3 m\u00b2 krytiny v plo\u0161e a cca 3 b\u011b\u017en\u00fdch metr\u016f atikov\u00e9ho kryt\u00ed. Samotn\u00e1 krytina bude ze zak\u00e1zkov\u011b vyr\u00e1b\u011bn\u00fdch b\u0159idlicov\u00fdch \u0161ablon.<\/p>\n<p>Mate\u0159sk\u00e1 \u0161kola Prachatice po\u017e\u00e1dala radu m\u011bsta o pos\u00edlen\u00ed provozn\u00edho p\u0159\u00edsp\u011bvku o \u010d\u00e1stku 605 tis. K\u010d z d\u016fvodu hav\u00e1rie st\u0159echy na odlou\u010den\u00e9m pracovi\u0161ti Skalka. P\u016fvodn\u00ed krytina st\u0159echy je zna\u010dn\u011b po\u0161kozen\u00e1 a do budovy \u0161koly na mnoha m\u00edstech aktu\u00e1ln\u011b zat\u00e9k\u00e1. V pr\u016fb\u011bhu letn\u00edch pr\u00e1zdnin byly odbornou firmou provedeny drobn\u00e9 opravy, kter\u00e9 nebyly bohu\u017eel dosta\u010duj\u00edc\u00ed. V m\u011bs\u00edci z\u00e1\u0159\u00ed leto\u0161n\u00edho roku, v dob\u011b z\u00e1plavov\u00fdch de\u0161\u0165\u016f, do\u0161lo k promo\u010den\u00ed st\u0159e\u0161n\u00ed krytiny a do budovy \u0161koly za\u010dalo op\u011bt zat\u00e9kat. Radn\u00ed t\u00e9to \u017e\u00e1dosti vyhov\u011bli a dle posouzen\u00ed odborn\u00e9 firmy bude nutn\u00e9 prov\u00e9st celkovou opravu st\u0159e\u0161n\u00ed krytiny co nejd\u0159\u00edve.<\/p>\n<p>&nbsp;<\/p>\n<h6><b>Traily a zast\u0159e\u0161en\u00ed alt\u00e1nu u d\u011btsk\u00e9ho h\u0159i\u0161t\u011b<\/b><\/h6>\n<p>V n\u00e1vaznosti na aktu\u00e1ln\u011b dokon\u010den\u00fd nov\u00fd stoupaj\u00edc\u00ed \u00fasek singltrekov\u00e9 trasy, kter\u00fd propojuje ji\u017e vybudovan\u00e9 \u010d\u00e1sti trat\u00ed v oblasti \u010cern\u00e9 hory se radn\u00ed zab\u00fdvali dal\u0161\u00edm rozvojem singltrekov\u00fdch okruh\u016f zejm\u00e9na v\u00a0okol\u00ed vrcholu Lib\u00edna. Radn\u00ed si kladou za c\u00edl zv\u00fd\u0161en\u00ed atraktivity jak samotn\u00e9ho vrcholu prachatick\u00e9 dominanty, kde by se ji\u017e na p\u0159\u00ed\u0161t\u00ed letn\u00ed sez\u00f3nu m\u011bla otev\u0159\u00edt horsk\u00e1 chata s\u00a0restaurac\u00ed, tak atraktivity singltrekov\u00fdch tras, kter\u00e9 by nov\u011b mohly nab\u00eddnout v\u00edce \u00farovn\u00ed obt\u00ed\u017enosti a vyhov\u011bt tak \u0161ir\u0161\u00ed skupin\u011b cyklistick\u00fdch nad\u0161enc\u016f a milovn\u00edk\u016f tohoto sportu. Na sv\u00e9 si pak bude moci p\u0159ij\u00edt adrenalinov\u00fd tat\u00ednek i opatrn\u00e1 maminka s\u00a0d\u011btmi. \u00a0Radn\u00ed d\u00e1le schv\u00e1lili zakryt\u00ed alt\u00e1nu u d\u011btsk\u00e9ho h\u0159i\u0161t\u011b ve Star\u00fdch Prachatic\u00edch, kdy zast\u0159e\u0161en\u00ed provede firma PJ-Tech s.r.o.<\/p>\n<p>&nbsp;<\/p>\n<p><strong>Jana HULE\u0160OV\u00c1, M\u011bsto Prachatice<\/strong><\/p>\n<hr \/>\n<p>&nbsp;<\/p>\n<h6>Jin\u00e9 zpr\u00e1vy z Prachatic:<\/h6>\n<h4 class=\"entry-title\"><a href=\"https:\/\/zakrasnejsivimperk.cz\/?p=325496\" target=\"_blank\" rel=\"noopener\">JI\u017dN\u00cd \u010cECHY: Co se d\u011bje v Prachatic\u00edch. Informace o jedn\u00e1n\u00ed rady m\u011bsta \u2013 7.10.<\/a><\/h4>\n<h4 class=\"entry-title\"><a href=\"https:\/\/zakrasnejsivimperk.cz\/?p=324158\" target=\"_blank\" rel=\"noopener\">JI\u017dN\u00cd \u010cECHY: Prachatice maj\u00ed nejp\u0159\u00edv\u011btiv\u011bj\u0161\u00ed m\u011bstsk\u00fd \u00fa\u0159ad v Jiho\u010desk\u00e9m kraji<\/a><\/h4>\n<h4 class=\"entry-title\"><a href=\"https:\/\/zakrasnejsivimperk.cz\/?p=323452\" target=\"_blank\" rel=\"noopener\">JI\u017dN\u00cd \u010cECHY: Co se d\u011bje v Prachatic\u00edch. Informace o jedn\u00e1n\u00ed rady m\u011bsta \u2013 23. 9.<\/a><\/h4>\n<h4 class=\"entry-title\"><a href=\"https:\/\/zakrasnejsivimperk.cz\/?p=321160\" target=\"_blank\" rel=\"noopener\">JI\u017dN\u00cd \u010cECHY: Co se d\u011bje v Prachatic\u00edch. Informace z jedn\u00e1n\u00ed zastupitel\u016f m\u011bsta<\/a><\/h4>\n<h4><a href=\"https:\/\/zakrasnejsivimperk.cz\/?p=320521\" target=\"_blank\" rel=\"noopener\">JI\u017dN\u00cd \u010cECHY: Nemocnice chyst\u00e1 projekt na prevenci kolorekt\u00e1ln\u00edho karcinomu<\/a><\/h4>\n<h4><a href=\"https:\/\/zakrasnejsivimperk.cz\/?p=319364\" target=\"_blank\" rel=\"noopener\">JI\u017dN\u00cd \u010cECHY: Co se d\u011bje v Prachatic\u00edch. Informace o jedn\u00e1n\u00ed rady m\u011bsta \u2013 26. 8.<\/a><\/h4>\n<h4><a href=\"https:\/\/zakrasnejsivimperk.cz\/?p=319096\" target=\"_blank\" rel=\"noopener\">JI\u017dN\u00cd \u010cECHY: Stavba\u0159i na t\u0159i dny uzav\u0159ou silnici z Prachatic na Lib\u00ednsk\u00e9 Sedlo<\/a><\/h4>\n<h4><a href=\"https:\/\/zakrasnejsivimperk.cz\/?p=317672\" target=\"_blank\" rel=\"noopener\">JI\u017dN\u00cd \u010cECHY: Prachatick\u00e9 Kole\u010dko bude slou\u017eit lidem, kte\u0159\u00ed se po nehod\u011b, \u00farazu \u010di nemoci ocitli na voz\u00ed\u010dku<\/a><\/h4>\n<h4><a href=\"https:\/\/zakrasnejsivimperk.cz\/?p=316967\" target=\"_blank\" rel=\"noopener\">JI\u017dN\u00cd \u010cECHY: Prachatick\u00e1 nemocnice po rekonstrukci znovu otev\u00edr\u00e1 porodn\u00ed s\u00e1ly<\/a><\/h4>\n<h4><a href=\"https:\/\/zakrasnejsivimperk.cz\/?p=315416\" target=\"_blank\" rel=\"noopener\">JI\u017dN\u00cd \u010cECHY: Co se d\u011bje v Prachatic\u00edch. Informace o jedn\u00e1n\u00ed rady m\u011bsta \u2013 22. 7.<\/a><\/h4>\n<h4><a href=\"https:\/\/zakrasnejsivimperk.cz\/?p=312427\" target=\"_blank\" rel=\"noopener\">JI\u017dN\u00cd \u010cECHY: Co se d\u011bje v Prachatic\u00edch. Informace o jedn\u00e1n\u00ed rady m\u011bsta \u2013 24. 6.<\/a><\/h4>\n<h4><a href=\"https:\/\/zakrasnejsivimperk.cz\/?p=311044\" target=\"_blank\" rel=\"noopener\">JI\u017dN\u00cd \u010cECHY: Co se d\u011bje v Prachatic\u00edch. Informace o jedn\u00e1n\u00ed rady m\u011bsta \u2013 10. 6.<\/a><\/h4>\n<h4 class=\"entry-title\"><a href=\"https:\/\/zakrasnejsivimperk.cz\/?p=309241\" target=\"_blank\" rel=\"noopener\">JI\u017dN\u00cd \u010cECHY: Co se d\u011bje v Prachatic\u00edch. Informace o jedn\u00e1n\u00ed rady m\u011bsta \u2013 27. 5.<\/a><\/h4>\n<h4><a href=\"https:\/\/zakrasnejsivimperk.cz\/?p=308244\" target=\"_blank\" rel=\"noopener\">JI\u017dN\u00cd \u010cECHY: Prachatice maj\u00ed novou kv\u011btinovou v\u00fdzdobu v centru m\u011bsta<\/a><\/h4>\n<h4><a href=\"https:\/\/zakrasnejsivimperk.cz\/?p=306574\" target=\"_blank\" rel=\"noopener\">JI\u017dN\u00cd \u010cECHY: Co se d\u011bje v Prachatic\u00edch. Informace o jedn\u00e1n\u00ed rady m\u011bsta 29. 4.<\/a><\/h4>\n<h4><a href=\"https:\/\/zakrasnejsivimperk.cz\/?p=306137\" target=\"_blank\" rel=\"noopener\">JI\u017dN\u00cd \u010cECHY: Co se d\u011bje v Prachatic\u00edch. Informace o jedn\u00e1n\u00ed zastupitel\u016f 29. 4.<\/a><\/h4>\n<h4><a href=\"https:\/\/zakrasnejsivimperk.cz\/?p=306578\" target=\"_blank\" rel=\"noopener\">JI\u017dN\u00cd \u010cECHY: Uzav\u0159en\u00edm Po\u0161tovn\u00ed ulice vznikl klidn\u00fd ve\u0159ejn\u00fd prostor v centru<\/a><\/h4>\n<h4><a href=\"https:\/\/zakrasnejsivimperk.cz\/?p=299453\" target=\"_blank\" rel=\"noopener\">JI\u017dN\u00cd \u010cECHY: Prachatice op\u011bt odpust\u00ed poplatek za provozov\u00e1n\u00ed p\u0159edzahr\u00e1dek<\/a><\/h4>\n<h4><a href=\"https:\/\/zakrasnejsivimperk.cz\/?p=305487\" target=\"_blank\" rel=\"noopener\">JI\u017dN\u00cd \u010cECHY: Oprava unik\u00e1tn\u00edch slune\u010dn\u00edch hodin na Mal\u00e9m n\u00e1m\u011bst\u00ed v Prachatic\u00edch je dokon\u010dena<\/a><\/h4>\n<h4><a href=\"https:\/\/zakrasnejsivimperk.cz\/?p=303157\" target=\"_blank\" rel=\"noopener\">JI\u017dN\u00cd \u010cECHY: Prachatice v sobotu slavnostn\u011b otev\u0159ely kongresov\u00e9 centrum, jak\u00e9 Vimperk m\u016f\u017ee jen z\u00e1vid\u011bt<\/a><\/h4>\n<hr \/>\n<p>&nbsp;<\/p>\n","protected":false},"excerpt":{"rendered":"<p>&nbsp; Prodlou\u017een\u00ed <\/p>\n","protected":false},"author":2,"featured_media":279928,"comment_status":"open","ping_status":"open","sticky":false,"template":"","format":"gallery","meta":{"footnotes":""},"categories":[24],"tags":[],"jetpack_featured_media_url":"https:\/\/zakrasnejsivimperk.cz\/wp-content\/uploads\/2023\/05\/30\/prachatice-5.jpg","_links":{"self":[{"href":"https:\/\/zakrasnejsivimperk.cz\/index.php?rest_route=\/wp\/v2\/posts\/326786"}],"collection":[{"href":"https:\/\/zakrasnejsivimperk.cz\/index.php?rest_route=\/wp\/v2\/posts"}],"about":[{"href":"https:\/\/zakrasnejsivimperk.cz\/index.php?rest_route=\/wp\/v2\/types\/post"}],"author":[{"embeddable":true,"href":"https:\/\/zakrasnejsivimperk.cz\/index.php?rest_route=\/wp\/v2\/users\/2"}],"replies":[{"embeddable":true,"href":"https:\/\/zakrasnejsivimperk.cz\/index.php?rest_route=%2Fwp%2Fv2%2Fcomments&post=326786"}],"version-history":[{"count":1,"href":"https:\/\/zakrasnejsivimperk.cz\/index.php?rest_route=\/wp\/v2\/posts\/326786\/revisions"}],"predecessor-version":[{"id":326787,"href":"https:\/\/zakrasnejsivimperk.cz\/index.php?rest_route=\/wp\/v2\/posts\/326786\/revisions\/326787"}],"wp:featuredmedia":[{"embeddable":true,"href":"https:\/\/zakrasnejsivimperk.cz\/index.php?rest_route=\/wp\/v2\/media\/279928"}],"wp:attachment":[{"href":"https:\/\/zakrasnejsivimperk.cz\/index.php?rest_route=%2Fwp%2Fv2%2Fmedia&parent=326786"}],"wp:term":[{"taxonomy":"category","embeddable":true,"href":"https:\/\/zakrasnejsivimperk.cz\/index.php?rest_route=%2Fwp%2Fv2%2Fcategories&post=326786"},{"taxonomy":"post_tag","embeddable":true,"href":"https:\/\/zakrasnejsivimperk.cz\/index.php?rest_route=%2Fwp%2Fv2%2Ftags&post=326786"}],"curies":[{"name":"wp","href":"https:\/\/api.w.org\/{rel}","templated":true}]}}