{"id":326682,"date":"2024-10-27T10:57:38","date_gmt":"2024-10-27T09:57:38","guid":{"rendered":"https:\/\/zakrasnejsivimperk.cz\/?p=326682"},"modified":"2024-10-27T10:58:16","modified_gmt":"2024-10-27T09:58:16","slug":"z-prvni-ruky-ctvrtina-kontrolovanych-doplnku-stravy-urcenych-pro-kloubni-vyzivu-klamala-spotrebitele-ohledne-skutecneho-slozeni","status":"publish","type":"post","link":"https:\/\/zakrasnejsivimperk.cz\/?p=326682","title":{"rendered":"Z PRVN\u00cd RUKY: \u010ctvrtina kontrolovan\u00fdch dopl\u0148k\u016f stravy ur\u010den\u00fdch pro kloubn\u00ed v\u00fd\u017eivu klamala spot\u0159ebitele ohledn\u011b skute\u010dn\u00e9ho slo\u017een\u00ed"},"content":{"rendered":"<h4><img loading=\"lazy\" decoding=\"async\" class=\"size-medium wp-image-202201 alignleft\" src=\"https:\/\/zakrasnejsivimperk.cz\/wp-content\/uploads\/2020\/09\/04\/szpi-logo-300x52.jpg\" alt=\"\" width=\"300\" height=\"52\" srcset=\"https:\/\/zakrasnejsivimperk.cz\/wp-content\/uploads\/2020\/09\/04\/szpi-logo-300x52.jpg 300w, https:\/\/zakrasnejsivimperk.cz\/wp-content\/uploads\/2020\/09\/04\/szpi-logo.jpg 698w\" sizes=\"(max-width: 300px) 100vw, 300px\" \/>St\u00e1tn\u00ed zem\u011bd\u011blsk\u00e1 a potravin\u00e1\u0159sk\u00e1 inspekce (SZPI) zve\u0159ej\u0148uje v\u00fdsledky kontroln\u00ed akce zam\u011b\u0159en\u00e9 na dopl\u0148ky stravy ur\u010den\u00e9 pro kloubn\u00ed v\u00fd\u017eivu. P\u0159ehled v\u0161ech nevyhovuj\u00edc\u00edch i vyhovuj\u00edc\u00edch vzork\u016f je k dispozici na webu <a href=\"https:\/\/www.potravinynapranyri.cz\/InspProduct.aspx?scontrol=182&amp;lang=cs&amp;design=default&amp;archive=actual&amp;listtype=tiles&amp;page=1\" target=\"_blank\" rel=\"noopener\">Potraviny na pran\u00fd\u0159i.<\/a><\/h4>\n<p>V r\u00e1mci kontroly inspekto\u0159i odebrali 16 vzork\u016f dopl\u0148k\u016f stravy pro hodnocen\u00ed v laborato\u0159i. Celkem 4 vzorky nevyhov\u011bly po\u017eadavk\u016fm pr\u00e1vn\u00edch p\u0159edpis\u016f, kdy\u017e laboratorn\u00ed rozbor potvrdil ni\u017e\u0161\u00ed ne\u017e na obalech uveden\u00e9 hodnoty obsahu l\u00e1tek chondroitin sulf\u00e1t nebo glukosamin. P\u0159edm\u011btn\u00ed provozovatel\u00e9 tak poru\u0161ili \u010dl. 7 odst. 1 p\u00edsm. a) na\u0159\u00edzen\u00ed (EU) \u010d. 1169\/2011, a to t\u00edm, \u017ee uvedli zav\u00e1d\u011bj\u00edc\u00ed informaci o potravin\u011b, zejm\u00e9na o jej\u00ed charakteristice a slo\u017een\u00ed.<\/p>\n<p>S kontrolovan\u00fdmi osobami zah\u00e1j\u00ed Potravin\u00e1\u0159sk\u00e1 inspekce spr\u00e1vn\u00ed \u0159\u00edzen\u00ed o ulo\u017een\u00ed pokuty.<\/p>\n<p>Inspekto\u0159i SZPI realizovali kontroln\u00ed akci s ohledem na velkou nab\u00eddku dopl\u0148k\u016f stravy ur\u010den\u00fdch pro kloubn\u00ed v\u00fd\u017eivu v tr\u017en\u00ed s\u00edti. Nab\u00edzen\u00e9 dopl\u0148ky stravy se li\u0161\u00ed obsa\u017een\u00fdmi l\u00e1tkami, formou i zp\u016fsobem u\u017e\u00edv\u00e1n\u00ed a cenou, p\u0159i\u010dem\u017e spot\u0159ebitel\u00e9 si vyb\u00edraj\u00ed dopl\u0148ky stravy s ohledem na obsah deklarovan\u00fdch slo\u017eek a jejich o\u010dek\u00e1van\u00e9 \u00fa\u010dinky. Prodej t\u011bchto produkt\u016f je mj. \u010dasto podporov\u00e1n c\u00edlenou reklamou.<\/p>\n<p>P\u0159i stejn\u011b zam\u011b\u0159en\u00e9 kontroln\u00ed akci v roce 2023 laboratorn\u00ed hodnocen\u00ed potvrdilo nevyhovuj\u00edc\u00ed parametry u 6 z 12 odebran\u00fdch vzork\u016f.<\/p>\n<p><strong>(tz-szpi)<\/strong><\/p>\n<hr \/>\n<p>&nbsp;<\/p>\n<h6>Informujeme:<\/h6>\n<h4 class=\"entry-title\"><a href=\"https:\/\/zakrasnejsivimperk.cz\/?p=326649\" target=\"_blank\" rel=\"noopener\">Finan\u010dn\u00ed spr\u00e1va p\u0159ech\u00e1z\u00ed na novou dom\u00e9nu gov.cz. Co to znamen\u00e1 pro ve\u0159ejnost?<\/a><\/h4>\n<h4 class=\"entry-title\"><a href=\"https:\/\/zakrasnejsivimperk.cz\/?p=326610\" target=\"_blank\" rel=\"noopener\">Ministerstvo zdravotnictv\u00ed, ambulantn\u00ed specialist\u00e9 a zdravotn\u00ed poji\u0161\u0165ovny dos\u00e1hli dohody, pl\u00e1novan\u00fd protest se ru\u0161\u00ed<\/a><\/h4>\n<h4 class=\"entry-title\"><a href=\"https:\/\/zakrasnejsivimperk.cz\/?p=326574\" target=\"_blank\" rel=\"noopener\">V Jiho\u010desk\u00e9m kraji je 508 potvrzen\u00fdch p\u0159\u00edpad\u016f lymesk\u00e9 boreli\u00f3zy, v t\u00fddnu p\u0159ibylo 9 nov\u011b nahl\u00e1\u0161en\u00fdch p\u0159\u00edpad\u016f<\/a><\/h4>\n<h4 class=\"entry-title\"><a href=\"https:\/\/zakrasnejsivimperk.cz\/?p=326581\" target=\"_blank\" rel=\"noopener\">Leto\u0161n\u00ed \u00faroda \u0159epy cukrov\u00e9 je nadpr\u016fm\u011brn\u00e1, brambor pr\u016fm\u011brn\u00e1<\/a><\/h4>\n<h4 class=\"entry-title\"><a href=\"https:\/\/zakrasnejsivimperk.cz\/?p=326544\" target=\"_blank\" rel=\"noopener\">D\u016fv\u011bra podnikatel\u016f se mezim\u011bs\u00ed\u010dn\u011b m\u00edrn\u011b sn\u00ed\u017eila, d\u016fv\u011bra spot\u0159ebitel\u016f vzrostla<\/a><\/h4>\n<h4 class=\"entry-title\"><a href=\"https:\/\/zakrasnejsivimperk.cz\/?p=326542\" target=\"_blank\" rel=\"noopener\">P\u0158E\u010cT\u011aTE SI U N\u00c1S: Den\u00edk Metro \u2013 25. \u0159\u00edjna 2024<\/a><\/h4>\n<h4 class=\"entry-title\"><a href=\"https:\/\/zakrasnejsivimperk.cz\/?p=326524\" target=\"_blank\" rel=\"noopener\">Mimo\u0159\u00e1dn\u00e9 kontroly kraj\u016f a obc\u00ed na stanic\u00edch technick\u00e9 kontroly a m\u011b\u0159en\u00ed emis\u00ed odhalily nedostatky v osmi p\u0159\u00edpadech<\/a><\/h4>\n<h4 class=\"entry-title\"><a href=\"https:\/\/zakrasnejsivimperk.cz\/?p=326494\" target=\"_blank\" rel=\"noopener\">V p\u00e1tek 25. \u0159\u00edjna dojde k pln\u00e9mu obnoven\u00ed provozu na rekonstruovan\u00e9 komunikaci Voly\u0148sk\u00e1 ve Strakonic\u00edch<\/a><\/h4>\n<h4 class=\"entry-title\"><a href=\"https:\/\/zakrasnejsivimperk.cz\/?p=326485\" target=\"_blank\" rel=\"noopener\">Kraj m\u00e1 nov\u00e9 veden\u00ed. Hejtmanem je Martin Kuba<\/a><\/h4>\n<h4 class=\"entry-title\"><a href=\"https:\/\/zakrasnejsivimperk.cz\/?p=326477\" target=\"_blank\" rel=\"noopener\">Nemocnou matku zkusila udusit s\u00e1\u010dkem, za pokus o vra\u017edu dostala \u017eena \u010dty\u0159i roky<\/a><\/h4>\n<h4 class=\"entry-title\"><a href=\"https:\/\/zakrasnejsivimperk.cz\/?p=326438\" target=\"_blank\" rel=\"noopener\">\u017d\u00e1dn\u00e9 doplatky nad ochrann\u00fd limit v l\u00e9k\u00e1rn\u00e1ch. Sn\u011bmovna schv\u00e1lila novelu z\u00e1kona o ve\u0159ejn\u00e9m zdravotn\u00edm poji\u0161t\u011bn\u00ed upravuj\u00edc\u00ed evidenci zapo\u010ditateln\u00fdch doplatk\u016f v l\u00e9k\u00e1rn\u00e1ch<\/a><\/h4>\n<h4 class=\"entry-title\"><a href=\"https:\/\/zakrasnejsivimperk.cz\/?p=326427\" target=\"_blank\" rel=\"noopener\">P\u0158E\u010cT\u011aTE SI U N\u00c1S: Den\u00edk Metro \u2013 24. \u0159\u00edjna 2024<\/a><\/h4>\n<h4 class=\"entry-title\"><a href=\"https:\/\/zakrasnejsivimperk.cz\/?p=326404\" target=\"_blank\" rel=\"noopener\">Prodej vstupenek na mistrovstv\u00ed sv\u011bta \u017een v hokeji za\u010dne v listopadu. Fanou\u0161ci vyberou i jm\u00e9no hrdinky<\/a><\/h4>\n<h4 class=\"entry-title\"><a href=\"https:\/\/zakrasnejsivimperk.cz\/?p=326328\" target=\"_blank\" rel=\"noopener\">V pond\u011bl\u00ed 28. \u0159\u00edjna plat\u00ed z\u00e1kaz prodeje v provozovn\u00e1ch nad 200 metr\u016f \u010dtvere\u010dn\u00edch. V\u00fdjimku tvo\u0159\u00ed oblasti, kde byl prodlou\u017een stav nebezpe\u010d\u00ed<\/a><\/h4>\n<h4 class=\"entry-title\"><a href=\"https:\/\/zakrasnejsivimperk.cz\/?p=326306\" target=\"_blank\" rel=\"noopener\">V\u00edce ne\u017e t\u0159etina hygieniky kontrolovan\u00fdch j\u00eddel p\u0159es\u00e1hla limity karcinogenn\u00edho akrylamidu<\/a><\/h4>\n<h4 class=\"entry-title\"><a href=\"https:\/\/zakrasnejsivimperk.cz\/?p=326309\" target=\"_blank\" rel=\"noopener\">P\u0158E\u010cT\u011aTE SI U N\u00c1S: Den\u00edk Metro \u2013 23. \u0159\u00edjna 2024<\/a><\/h4>\n<h4 class=\"entry-title\"><a href=\"https:\/\/zakrasnejsivimperk.cz\/?p=326274\" target=\"_blank\" rel=\"noopener\">E.ON od ledna v\u00fdrazn\u011b sn\u00ed\u017e\u00ed ceny energi\u00ed. Za dodanou elekt\u0159inu klienti zaplat\u00ed t\u00e9m\u011b\u0159 o p\u011btinu m\u00e9n\u011b<\/a><\/h4>\n<hr \/>\n<p>&nbsp;<\/p>\n","protected":false},"excerpt":{"rendered":"<p>St\u00e1tn\u00ed zem\u011bd\u011blsk\u00e1 <\/p>\n","protected":false},"author":2,"featured_media":326684,"comment_status":"open","ping_status":"open","sticky":false,"template":"","format":"gallery","meta":{"footnotes":""},"categories":[70],"tags":[],"jetpack_featured_media_url":"https:\/\/zakrasnejsivimperk.cz\/wp-content\/uploads\/2024\/10\/27\/z-ruky-szpi.jpg","_links":{"self":[{"href":"https:\/\/zakrasnejsivimperk.cz\/index.php?rest_route=\/wp\/v2\/posts\/326682"}],"collection":[{"href":"https:\/\/zakrasnejsivimperk.cz\/index.php?rest_route=\/wp\/v2\/posts"}],"about":[{"href":"https:\/\/zakrasnejsivimperk.cz\/index.php?rest_route=\/wp\/v2\/types\/post"}],"author":[{"embeddable":true,"href":"https:\/\/zakrasnejsivimperk.cz\/index.php?rest_route=\/wp\/v2\/users\/2"}],"replies":[{"embeddable":true,"href":"https:\/\/zakrasnejsivimperk.cz\/index.php?rest_route=%2Fwp%2Fv2%2Fcomments&post=326682"}],"version-history":[{"count":2,"href":"https:\/\/zakrasnejsivimperk.cz\/index.php?rest_route=\/wp\/v2\/posts\/326682\/revisions"}],"predecessor-version":[{"id":326685,"href":"https:\/\/zakrasnejsivimperk.cz\/index.php?rest_route=\/wp\/v2\/posts\/326682\/revisions\/326685"}],"wp:featuredmedia":[{"embeddable":true,"href":"https:\/\/zakrasnejsivimperk.cz\/index.php?rest_route=\/wp\/v2\/media\/326684"}],"wp:attachment":[{"href":"https:\/\/zakrasnejsivimperk.cz\/index.php?rest_route=%2Fwp%2Fv2%2Fmedia&parent=326682"}],"wp:term":[{"taxonomy":"category","embeddable":true,"href":"https:\/\/zakrasnejsivimperk.cz\/index.php?rest_route=%2Fwp%2Fv2%2Fcategories&post=326682"},{"taxonomy":"post_tag","embeddable":true,"href":"https:\/\/zakrasnejsivimperk.cz\/index.php?rest_route=%2Fwp%2Fv2%2Ftags&post=326682"}],"curies":[{"name":"wp","href":"https:\/\/api.w.org\/{rel}","templated":true}]}}